{"id":1052767,"date":"2025-12-13T20:13:57","date_gmt":"2025-12-13T17:13:57","guid":{"rendered":"https:\/\/analyse.optim.biz\/?p=1052767"},"modified":"2025-12-13T20:13:57","modified_gmt":"2025-12-13T17:13:57","slug":"un-profesor-din-suceava-castigator-al-galei-profesorul-anului-din-mediul-rural","status":"publish","type":"post","link":"https:\/\/analyse.optim.biz\/?p=1052767","title":{"rendered":"Un profesor din Suceava, c\u00e2\u0219tig\u0103tor al Galei Profesorul Anului din Mediul Rural"},"content":{"rendered":"<div class=\"entry-content\">\n<p><img decoding=\"async\" loading=\"lazy\" class=\"alignright size-medium wp-image-238161\" src=\"https:\/\/suceavanews.ro\/wp-content\/uploads\/2017\/06\/romeo-bolohan-300x300.jpg\" alt=\"\" width=\"300\" height=\"300\">Un profesor din jude\u021bul Suceava a c\u00e2\u0219tigat premiul la categoria Dezvoltarea abilit\u0103\u021bilor socio-emo\u021bionale din cadrul Galei Profesorul Anului din mediul rural. Este vorba despre Romeo Bolohan, profesor la Liceul Mihai Eminescu din\u00a0 Dumbr\u0103veni.<\/p>\n<p>Cadrul didactic a dedicat premiul ob\u021binut tuturor colegilor s\u0103i din \u00eenv\u0103\u021b\u0103m\u00e2nt, celor 15 finali\u0219ti din cadrul Galei Profesorului din mediul rural.<\/p>\n<p>Vizibil emo\u021bionat, Romeo Bolohan a declarat c\u0103 elevii trebuie sus\u021binu\u021bi, valorifica\u021bi \u0219i \u00eencuraja\u021bi pentru a avea rezultate.<\/p>\n<\/div>\n","protected":false},"excerpt":{"rendered":"<p>Un profesor din jude\u021bul Suceava a c\u00e2\u0219tigat premiul la categoria Dezvoltarea abilit\u0103\u021bilor socio-emo\u021bionale din cadrul Galei Profesorul Anului din mediul rural. Este vorba despre Romeo Bolohan, profesor la Liceul Mihai Eminescu din\u00a0 Dumbr\u0103veni. Cadrul didactic a dedicat premiul ob\u021binut tuturor colegilor s\u0103i din \u00eenv\u0103\u021b\u0103m\u00e2nt, celor 15 finali\u0219ti din cadrul Galei Profesorului din mediul rural. Vizibil [&hellip;]<\/p>\n","protected":false},"author":1,"featured_media":0,"comment_status":"open","ping_status":"","sticky":false,"template":"","format":"standard","meta":{"footnotes":""},"categories":[89],"tags":[174],"class_list":["post-1052767","post","type-post","status-publish","format-standard","hentry","category-romania","tag-suceavanews-ro"],"_links":{"self":[{"href":"https:\/\/analyse.optim.biz\/index.php?rest_route=\/wp\/v2\/posts\/1052767","targetHints":{"allow":["GET"]}}],"collection":[{"href":"https:\/\/analyse.optim.biz\/index.php?rest_route=\/wp\/v2\/posts"}],"about":[{"href":"https:\/\/analyse.optim.biz\/index.php?rest_route=\/wp\/v2\/types\/post"}],"author":[{"embeddable":true,"href":"https:\/\/analyse.optim.biz\/index.php?rest_route=\/wp\/v2\/users\/1"}],"replies":[{"embeddable":true,"href":"https:\/\/analyse.optim.biz\/index.php?rest_route=%2Fwp%2Fv2%2Fcomments&post=1052767"}],"version-history":[{"count":0,"href":"https:\/\/analyse.optim.biz\/index.php?rest_route=\/wp\/v2\/posts\/1052767\/revisions"}],"wp:attachment":[{"href":"https:\/\/analyse.optim.biz\/index.php?rest_route=%2Fwp%2Fv2%2Fmedia&parent=1052767"}],"wp:term":[{"taxonomy":"category","embeddable":true,"href":"https:\/\/analyse.optim.biz\/index.php?rest_route=%2Fwp%2Fv2%2Fcategories&post=1052767"},{"taxonomy":"post_tag","embeddable":true,"href":"https:\/\/analyse.optim.biz\/index.php?rest_route=%2Fwp%2Fv2%2Ftags&post=1052767"}],"curies":[{"name":"wp","href":"https:\/\/api.w.org\/{rel}","templated":true}]}}