{"id":1052766,"date":"2014-12-09T14:15:57","date_gmt":"2014-12-09T11:15:57","guid":{"rendered":"https:\/\/analyse.optim.biz\/?p=1052766"},"modified":"2014-12-09T14:15:57","modified_gmt":"2014-12-09T11:15:57","slug":"hoinar-in-bucovina-ciocanesti","status":"publish","type":"post","link":"https:\/\/analyse.optim.biz\/?p=1052766","title":{"rendered":"Hoinar \u00een Bucovina &#8211; Cioc\u0103ne\u0219ti"},"content":{"rendered":"<article id=\"post-51139\" class=\"clearfix post-51139 post type-post status-publish format-standard has-post-thumbnail hentry category-emisiuni category-hoinar category-slide tag-bistrita-aurie tag-comuna-ciocanesti tag-concert tag-cornel-tilihoi tag-delia tag-festivalul-pastravului tag-plutarit tag-primarul-radu-ciocan tag-radu-ciocan tag-saptamana-plutaritului-2014 tag-satul-cultural-al-romaniei-2014 tag-stana tag-suceava tag-suceavalive tag-suhard\">\n<header id=\"cb-standard-featured\">\n<div id=\"cb-fis-wrap\" class=\"cb-entry-header cb-fis cb-style-standard\"><span class=\"cb-title-fi\"><\/p>\n<h1 class=\"entry-title cb-entry-title cb-single-title\">Hoinar \u00een Bucovina \u2013 Cioc\u0103ne\u0219ti<\/h1>\n<div class=\"cb-byline cb-font-header\">\n<div class=\"cb-date cb-byline-element\"><time datetime=\"2014-12-09\">9 decembrie 2014<\/time><\/div>\n<\/div>\n<p><\/span><\/div>\n<div class=\"cb-mask\"><img decoding=\"async\" width=\"1024\" height=\"768\" src=\"https:\/\/suceavalive.ro\/wp-content\/uploads\/2014\/12\/ciocanesti1.jpg\" class=\"attachment-cb-full-full size-cb-full-full wp-post-image\" alt loading=\"lazy\"><\/div>\n<\/header>\n<p>Bucovina este un dar ceresc. O lume vr\u0103jita, cum nimeni nu ar mai crede c\u0103 exista, pe care o po\u021bi descoperi pur \u0219i simplu la fiecare pas. C\u00e2nd vorbim de comuna Cioc\u0103ne\u0219ti descoperim c\u0103 marele merit al genera\u021biilor ce s-au succedat, \u00eenc\u0103 din vremea atest\u0103rii istorice, este c\u0103 at\u00e2t obiceiurile c\u00e2t \u0219i tradi\u021biile se p\u0103streaz\u0103 p\u00e2n\u0103 \u00een zilele noastre.<\/p>\n<section class=\"cb-entry-content entry-content clearfix\">\n<iframe loading=\"lazy\" src=\"https:\/\/www.youtube.com\/embed\/VcImk2thZFc\" width=\"500\" height=\"315\" frameborder allowfullscreen=\"allowfullscreen\"><\/iframe>\n<\/section>\n<footer class=\"article-footer\">\n<p class=\"cb-tags\"><a href=\"https:\/\/suceavalive.ro\/tag\/bistrita-aurie\/\" rel=\"tag\">bistrita aurie<\/a><a href=\"https:\/\/suceavalive.ro\/tag\/comuna-ciocanesti\/\" rel=\"tag\">comuna ciocanesti<\/a><a href=\"https:\/\/suceavalive.ro\/tag\/concert\/\" rel=\"tag\">concert<\/a><a href=\"https:\/\/suceavalive.ro\/tag\/cornel-tilihoi\/\" rel=\"tag\">cornel tilihoi<\/a><a href=\"https:\/\/suceavalive.ro\/tag\/delia\/\" rel=\"tag\">delia<\/a><a href=\"https:\/\/suceavalive.ro\/tag\/festivalul-pastravului\/\" rel=\"tag\">festivalul pastravului<\/a><a href=\"https:\/\/suceavalive.ro\/tag\/plutarit\/\" rel=\"tag\">plutarit<\/a><a href=\"https:\/\/suceavalive.ro\/tag\/primarul-radu-ciocan\/\" rel=\"tag\">primarul radu ciocan<\/a><a href=\"https:\/\/suceavalive.ro\/tag\/radu-ciocan\/\" rel=\"tag\">radu ciocan<\/a><a href=\"https:\/\/suceavalive.ro\/tag\/saptamana-plutaritului-2014\/\" rel=\"tag\">saptamana plutaritului 2014<\/a><a href=\"https:\/\/suceavalive.ro\/tag\/satul-cultural-al-romaniei-2014\/\" rel=\"tag\">satul cultural al romaniei 2014<\/a><a href=\"https:\/\/suceavalive.ro\/tag\/stana\/\" rel=\"tag\">stana<\/a><a href=\"https:\/\/suceavalive.ro\/tag\/suceava\/\" rel=\"tag\">Suceava<\/a><a href=\"https:\/\/suceavalive.ro\/tag\/suceavalive\/\" rel=\"tag\">suceavalive<\/a><a href=\"https:\/\/suceavalive.ro\/tag\/suhard\/\" rel=\"tag\">suhard<\/a><\/p>\n<div class=\"cb-social-sharing cb-post-footer-block cb-beside clearfix\">\n<div class=\"cb-title-subtle\">Share On:<\/div>\n<div class=\"cb-twitter\"><a href=\"https:\/\/twitter.com\/share\" class=\"twitter-share-button\" data-dnt=\"true\" data-count=\"horizontal\">Tweet<\/a><\/div>\n<\/div>\n<div id=\"cb-previous-next-links\" class=\"cb-post-footer-block clearfix\">\n<div id=\"cb-previous-link\"><a href=\"https:\/\/suceavalive.ro\/ardeleanu-alaturi-de-studentii-usv\/\" rel=\"prev\">Ardeleanu al\u0103turi de studen\u021bii USV<\/a><\/div>\n<div id=\"cb-next-link\"><a href=\"https:\/\/suceavalive.ro\/pfeiffer-amendata-din-nou\/\" rel=\"next\">Pfeiffer, amendat\u0103 din nou<\/a><\/div>\n<\/div>\n<div id=\"cb-author-box\" class=\"clearfix\">\n<h3 class=\"cb-block-title\">Despre autor<\/h3>\n<div class=\"cb-mask\"><a href=\"https:\/\/suceavalive.ro\/author\/tilihoi\/\"><img decoding=\"async\" alt src=\"https:\/\/secure.gravatar.com\/avatar\/fa2d18728c5d81a58c6469ecd1ad7e557d4f11a4993458ce4a8238aca4504c9f?s=120&amp;d=mm&amp;r=g\" class=\"avatar avatar-120 photo\" height=\"120\" width=\"120\" loading=\"lazy\"><\/a><\/div>\n<div class=\"cb-meta\">\n<div class=\"cb-info\">\n<div class=\"cb-author-title vcard\"><a href=\"https:\/\/suceavalive.ro\/author\/tilihoi\/\"><span class=\"fn\">Cornel Tilihoi<\/span><\/a><\/div>\n<\/div>\n<\/div>\n<\/div>\n<div id=\"cb-related-posts\" class=\"cb-related-posts-block cb-post-end-block clearfix\">\n<h3 class=\"cb-block-title\">Postari asemanatoare<\/h3>\n<ul>\n<li class=\"cb-style-overlay cb-grid-entry cb-related-post no-1\">\n<div class=\"cb-mask\"><a href=\"https:\/\/suceavalive.ro\/calendarul-zilei-de-12-decembrie\/\"><img decoding=\"async\" width=\"360\" height=\"240\" src=\"https:\/\/suceavalive.ro\/wp-content\/uploads\/2016\/12\/amza-e1481525321450-360x240.jpg\" class=\"attachment-cb-360-240 size-cb-360-240 wp-post-image\" alt loading=\"lazy\"><\/a><\/div>\n<div class=\"cb-meta cb-article-meta\">\n<h4 class=\"h3 cb-post-title\"><a href=\"https:\/\/suceavalive.ro\/calendarul-zilei-de-12-decembrie\/\">Calendarul zilei de 12 decembrie<\/a><\/h4>\n<div class=\"cb-byline cb-font-header\">\n<div class=\"cb-date cb-byline-element\"><time datetime=\"2025-12-12\">12 decembrie 2025<\/time><\/div>\n<\/div>\n<\/div>\n<\/li>\n<li class=\"cb-style-overlay cb-grid-entry cb-related-post no-2\">\n<div class=\"cb-mask\"><a href=\"https:\/\/suceavalive.ro\/calendarul-zilei-de-11-decembrie\/\"><img decoding=\"async\" width=\"360\" height=\"240\" src=\"https:\/\/suceavalive.ro\/wp-content\/uploads\/2016\/12\/elvira-poescu-360x240.jpg\" class=\"attachment-cb-360-240 size-cb-360-240 wp-post-image\" alt loading=\"lazy\"><\/a><\/div>\n<div class=\"cb-meta cb-article-meta\">\n<h4 class=\"h3 cb-post-title\"><a href=\"https:\/\/suceavalive.ro\/calendarul-zilei-de-11-decembrie\/\">Calendarul zilei de 11 decembrie<\/a><\/h4>\n<div class=\"cb-byline cb-font-header\">\n<div class=\"cb-date cb-byline-element\"><time datetime=\"2025-12-11\">11 decembrie 2025<\/time><\/div>\n<\/div>\n<\/div>\n<\/li>\n<\/ul>\n<\/div>\n<\/footer>\n<div id=\"respond\" class=\"comment-respond\">\n<h3 id=\"reply-title\" class=\"comment-reply-title\">Lasa un raspuns <small><a rel=\"nofollow\" id=\"cancel-comment-reply-link\" href=\"https:\/\/suceavalive.ro\/hoinar-bucovina-ciocanesti\/#respond\">Anuleaza raspunsul<\/a><\/small><\/h3>\n<p class=\"comment-notes\">Adresa ta de email nu va fi publicat\u0103.<\/p>\n<\/div>\n<\/article>\n<p> Source URL: https:\/\/suceavalive.ro\/hoinar-bucovina-ciocanesti\/<\/p>\n","protected":false},"excerpt":{"rendered":"<p>Hoinar \u00een Bucovina \u2013 Cioc\u0103ne\u0219ti 9 decembrie 2014 Bucovina este un dar ceresc. O lume vr\u0103jita, cum nimeni nu ar mai crede c\u0103 exista, pe care o po\u021bi descoperi pur \u0219i simplu la fiecare pas. C\u00e2nd vorbim de comuna Cioc\u0103ne\u0219ti descoperim c\u0103 marele merit al genera\u021biilor ce s-au succedat, \u00eenc\u0103 din vremea atest\u0103rii istorice, este [&hellip;]<\/p>\n","protected":false},"author":1,"featured_media":0,"comment_status":"open","ping_status":"","sticky":false,"template":"","format":"standard","meta":{"footnotes":""},"categories":[89],"tags":[173],"class_list":["post-1052766","post","type-post","status-publish","format-standard","hentry","category-romania","tag-suceavalive-ro"],"_links":{"self":[{"href":"https:\/\/analyse.optim.biz\/index.php?rest_route=\/wp\/v2\/posts\/1052766","targetHints":{"allow":["GET"]}}],"collection":[{"href":"https:\/\/analyse.optim.biz\/index.php?rest_route=\/wp\/v2\/posts"}],"about":[{"href":"https:\/\/analyse.optim.biz\/index.php?rest_route=\/wp\/v2\/types\/post"}],"author":[{"embeddable":true,"href":"https:\/\/analyse.optim.biz\/index.php?rest_route=\/wp\/v2\/users\/1"}],"replies":[{"embeddable":true,"href":"https:\/\/analyse.optim.biz\/index.php?rest_route=%2Fwp%2Fv2%2Fcomments&post=1052766"}],"version-history":[{"count":0,"href":"https:\/\/analyse.optim.biz\/index.php?rest_route=\/wp\/v2\/posts\/1052766\/revisions"}],"wp:attachment":[{"href":"https:\/\/analyse.optim.biz\/index.php?rest_route=%2Fwp%2Fv2%2Fmedia&parent=1052766"}],"wp:term":[{"taxonomy":"category","embeddable":true,"href":"https:\/\/analyse.optim.biz\/index.php?rest_route=%2Fwp%2Fv2%2Fcategories&post=1052766"},{"taxonomy":"post_tag","embeddable":true,"href":"https:\/\/analyse.optim.biz\/index.php?rest_route=%2Fwp%2Fv2%2Ftags&post=1052766"}],"curies":[{"name":"wp","href":"https:\/\/api.w.org\/{rel}","templated":true}]}}