{"id":1052765,"date":"2025-12-13T20:13:36","date_gmt":"2025-12-13T17:13:36","guid":{"rendered":"https:\/\/analyse.optim.biz\/?p=1052765"},"modified":"2025-12-13T20:13:36","modified_gmt":"2025-12-13T17:13:36","slug":"un-apreciat-profesor-de-la-usv-s-a-stins-din-viata","status":"publish","type":"post","link":"https:\/\/analyse.optim.biz\/?p=1052765","title":{"rendered":"Un apreciat profesor de la USV s-a stins din via\u021b\u0103"},"content":{"rendered":"<div class=\"entry-content\">\n<p><a href=\"https:\/\/www.botosaninews.ro\/wp-content\/uploads\/2021\/09\/Condoleante-doliu.png\"><img decoding=\"async\" loading=\"lazy\" class=\"alignright size-medium wp-image-494709\" src=\"https:\/\/www.botosaninews.ro\/wp-content\/uploads\/2021\/09\/Condoleante-doliu-300x158.png\" alt=\"\" width=\"300\" height=\"158\"><\/a>S\u00e2mb\u0103t\u0103, 26 martie 2022, Facultatea de Inginerie Mecanic\u0103, Autovehicule \u015fi Robotic\u0103 din cadrul USV Suceava l-a pierdut pe unul dintre veteranii care au f\u0103cut parte din colectivul ce a pus bazele \u00eenv\u0103\u0163\u0103m\u00e2ntului superior tehnic la Suceava. Este vorba despre profesorul universitar doctor inginer Lucian Severin, director de departament, cadru didactic competent \u015fi respectat de colegi \u015fi studen\u0163i, care s-a implicat cu toata fiin\u0163a \u00een via\u0163a facult\u0103\u0163ii \u015fi a universit\u0103\u0163ii, preocup\u00e2ndu-se cu deosebit\u0103 seriozitate at\u00e2t de formarea studen\u0163ilor, c\u00e2t \u015fi de dezvoltarea bazei materiale didactice \u015fi de cercetare \u015ftiin\u0163ific\u0103.<\/p>\n<p>N\u0103scut \u00een anul 1951, \u00een Alde\u015fti, jude\u0163ul Gala\u0163i, a absolvit Facultatea de Mecanic\u0103 din Universitatea \u201eDun\u0103rea de Jos\u201d din Gala\u0163i, Specializarea Tehnologia Construc\u0163iilor de Ma\u015fini, ob\u0163in\u00e2nd diploma de inginer, ca \u015fef de promo\u0163ie. A luat reparti\u0163ie la Combinatul de Celuloz\u0103 \u015fi H\u00e2rtie Suceava, unde a fost angajat ca inginer de produc\u0163ie \u015fi apoi inginer de proiectare.<\/p>\n<p>\u00cencepe activitatea la Institutul de \u00cenv\u0103\u0163\u0103m\u00e2nt Superior Suceava \u00een 1979, ca asistent titular la Facultatea de Mecanic\u0103, Catedra TCM, la trei ani de la \u00eenfiin\u0163area acesteia, unde activeaz\u0103 p\u00e2n\u0103 \u00een 1985. \u00centre 1985 \u015fi 1990, este Vicepre\u015fedinte al Consiliului Popular al Municipiului Suceava; apoi, \u00een 1990, Inginer proiectant la S.C. URB Rulmen\u0163i S.A. Suceava. Revine la catedr\u0103 \u00een anul 1990, ocup\u00e2nd, prin concurs, un post de \u015fef de lucr\u0103ri la Facultatea de Mecanic\u0103, Catedra Tehnologii \u015fi Management.<\/p>\n<p>\u00ce\u015fi continu\u0103 studiile cu teza de doctorat \u00een domeniul Inginerie Industrial\u0103 \u2013 Tehnologia Construc\u0163iilor de Ma\u015fini, ob\u0163in\u00e2nd titlul de doctor inginer la Universitatea \u201eDun\u0103rea de Jos\u201d din Gala\u0163i \u00een anul 1996, an \u00een care promoveaz\u0103 conferen\u0163iar; din 1999, ocup\u0103 postul de profesor titular la disciplinele Management, Echipamente \u015fi Tehnologii de Prelucrare prin DeformarePlastic\u0103 la Rece, Managementul S\u0103n\u0103t\u0103\u0163ii \u015fi Securit\u0103\u0163ii \u00een Munc\u0103, dezvolt\u00e2nd laboratoare<br \/>\ndidactice \u015fi de cercetare \u00een domeniu.<\/p>\n<p>Deosebit de competent, muncitor \u015fi perseverent, a elaborat, pe parcursul activit\u0103\u0163ii la Facultatea de Mecanic\u0103 din Suceava, un num\u0103r de 12 cursuri, manuale \u015fi \u00eendrumare de proiectare \u015fi peste 120 de lucr\u0103ri \u015ftiin\u0163ifice \u015fi rapoarte de cercetare. A fost preocupat de preg\u0103tirea profesional\u0103 \u00een domeniul de studiu, dar \u015fi de via\u0163a colectivului catedrei din care a f\u0103cut parte, conduc\u00e2ndu-i destinele, ca \u015fef de catedr\u0103, din 2007 p\u00e2n\u0103 \u00een 2012. S-a implicat profund \u00een via\u0163a facult\u0103\u0163ii ca profesor, director de departament, dar \u015fi ca membru al Consiliului Facult\u0103\u0163ii. La nivelul universit\u0103\u0163ii, a coordonat activitatea de protec\u0163ie \u015fi securitate a muncii.<\/p>\n<p>Corpul ne\u00eensufle\u0163it se afl\u0103 depus la cimitirul Pacea Vechi, iar \u00eenmorm\u00e2ntarea va avea loc mar\u0163i, 30 martie, la ora 14.00.<\/p>\n<\/div>\n","protected":false},"excerpt":{"rendered":"<p>S\u00e2mb\u0103t\u0103, 26 martie 2022, Facultatea de Inginerie Mecanic\u0103, Autovehicule \u015fi Robotic\u0103 din cadrul USV Suceava l-a pierdut pe unul dintre veteranii care au f\u0103cut parte din colectivul ce a pus bazele \u00eenv\u0103\u0163\u0103m\u00e2ntului superior tehnic la Suceava. Este vorba despre profesorul universitar doctor inginer Lucian Severin, director de departament, cadru didactic competent \u015fi respectat de colegi [&hellip;]<\/p>\n","protected":false},"author":1,"featured_media":0,"comment_status":"open","ping_status":"","sticky":false,"template":"","format":"standard","meta":{"footnotes":""},"categories":[89],"tags":[174],"class_list":["post-1052765","post","type-post","status-publish","format-standard","hentry","category-romania","tag-suceavanews-ro"],"_links":{"self":[{"href":"https:\/\/analyse.optim.biz\/index.php?rest_route=\/wp\/v2\/posts\/1052765","targetHints":{"allow":["GET"]}}],"collection":[{"href":"https:\/\/analyse.optim.biz\/index.php?rest_route=\/wp\/v2\/posts"}],"about":[{"href":"https:\/\/analyse.optim.biz\/index.php?rest_route=\/wp\/v2\/types\/post"}],"author":[{"embeddable":true,"href":"https:\/\/analyse.optim.biz\/index.php?rest_route=\/wp\/v2\/users\/1"}],"replies":[{"embeddable":true,"href":"https:\/\/analyse.optim.biz\/index.php?rest_route=%2Fwp%2Fv2%2Fcomments&post=1052765"}],"version-history":[{"count":0,"href":"https:\/\/analyse.optim.biz\/index.php?rest_route=\/wp\/v2\/posts\/1052765\/revisions"}],"wp:attachment":[{"href":"https:\/\/analyse.optim.biz\/index.php?rest_route=%2Fwp%2Fv2%2Fmedia&parent=1052765"}],"wp:term":[{"taxonomy":"category","embeddable":true,"href":"https:\/\/analyse.optim.biz\/index.php?rest_route=%2Fwp%2Fv2%2Fcategories&post=1052765"},{"taxonomy":"post_tag","embeddable":true,"href":"https:\/\/analyse.optim.biz\/index.php?rest_route=%2Fwp%2Fv2%2Ftags&post=1052765"}],"curies":[{"name":"wp","href":"https:\/\/api.w.org\/{rel}","templated":true}]}}