{"id":1052763,"date":"2025-12-13T20:13:12","date_gmt":"2025-12-13T17:13:12","guid":{"rendered":"https:\/\/analyse.optim.biz\/?p=1052763"},"modified":"2025-12-13T20:13:12","modified_gmt":"2025-12-13T17:13:12","slug":"studenta-usv-locul-i-la-campionatul-national-universitar-de-karate","status":"publish","type":"post","link":"https:\/\/analyse.optim.biz\/?p=1052763","title":{"rendered":"Student\u0103 USV, locul I la Campionatul Na\u021bional Universitar de Karate"},"content":{"rendered":"<div class=\"entry-content\">\n<p><img decoding=\"async\" loading=\"lazy\" class=\"alignright size-medium wp-image-313495\" src=\"https:\/\/suceavanews.ro\/wp-content\/uploads\/2023\/04\/campioana-300x225.jpg\" alt=\"\" width=\"300\" height=\"225\">Universitatea \u201e\u0218tefan cel Mare\u201d din Suceava \u0219i-a m\u0103rit palmaresul sportiv, la finalul s\u0103pt\u0103m\u00e2nii trecute, prin titlul de campioan\u0103 na\u021bional\u0103 universitar\u0103 la karate, categoria +68 kilograme, ob\u021binut de Iulia Rusu, student\u0103 \u00een anul I \u00een cadrul Facult\u0103\u021bii de Drept \u0219i \u0218tiin\u021be Administrative.<\/p>\n<p>Coordonat\u0103 de lector univ. dr. Gheorghe Pricop, cadru didactic al Facult\u0103\u021bii de Educa\u021bie Fizic\u0103 \u0219i Sport, reprezentanta USV s-a aflat la prima participare la un campionat na\u021bional, surclas\u00e2nd \u00een cadrul competi\u021biei reprezentante ale Universit\u0103\u021bii \u201eTitu Maiorescu\u201d din Bucure\u0219ti, Universit\u0103\u021bii din Oradea, Academiei de Poli\u021bie \u201eAlexandru Ioan Cuza\u201d Bucure\u0219ti, Universit\u0103\u021bii Na\u021bionale de Educa\u021bie Fizic\u0103 \u0219i Sport Bucure\u0219ti, Academiei Na\u021bionale de Informa\u021bii \u201eMihai Viteazul\u201c Bucure\u0219ti, Universit\u0103\u021bii de Medicin\u0103, Farmacie, \u0218tiin\u021be \u0219i Tehnologie \u201eGeorge Emil Palade\u201d din T\u00e2rgu Mure\u0219.<\/p>\n<p><img decoding=\"async\" loading=\"lazy\" class=\"alignleft size-medium wp-image-313496\" src=\"https:\/\/suceavanews.ro\/wp-content\/uploads\/2023\/04\/cu-parintii-300x225.jpg\" alt=\"\" width=\"300\" height=\"225\">Parcursul Iuliei Rusu \u00een cadrul Campionatului Na\u021bional Universitar de Karate, desf\u0103\u0219urat la Complexul Olimpic Izvorani, a fost unul \u00eenc\u0103rcat de victorii categorice. Rezultatele pe care ea le-a ob\u021binut \u00een calific\u0103ri au fost confirmate de victoria clar\u0103, scor 8-0, \u00eenregistrat\u0103 \u00een semifinale.<\/p>\n<p>\u00cen finala competi\u021biei, studenta USV a \u00eent\u00e2lnit-o pe reprezentanta Universit\u0103\u021bii Na\u021bionale de Educa\u021bie Fizic\u0103 \u0219i Sport Bucure\u0219ti, pe care a \u00eenvins-o cu scorul de 3-1. Locul I ob\u021binut de sportiva USV \u00eei asigur\u0103 acesteia pozi\u021bia de membru al lotului na\u021bional universitar de karate, care, \u00een luna iunie, va participa la Campionatul European Universitar de<br \/>\nKarate.<\/p>\n<\/div>\n","protected":false},"excerpt":{"rendered":"<p>Universitatea \u201e\u0218tefan cel Mare\u201d din Suceava \u0219i-a m\u0103rit palmaresul sportiv, la finalul s\u0103pt\u0103m\u00e2nii trecute, prin titlul de campioan\u0103 na\u021bional\u0103 universitar\u0103 la karate, categoria +68 kilograme, ob\u021binut de Iulia Rusu, student\u0103 \u00een anul I \u00een cadrul Facult\u0103\u021bii de Drept \u0219i \u0218tiin\u021be Administrative. Coordonat\u0103 de lector univ. dr. Gheorghe Pricop, cadru didactic al Facult\u0103\u021bii de Educa\u021bie Fizic\u0103 [&hellip;]<\/p>\n","protected":false},"author":1,"featured_media":0,"comment_status":"open","ping_status":"","sticky":false,"template":"","format":"standard","meta":{"footnotes":""},"categories":[89],"tags":[174],"class_list":["post-1052763","post","type-post","status-publish","format-standard","hentry","category-romania","tag-suceavanews-ro"],"_links":{"self":[{"href":"https:\/\/analyse.optim.biz\/index.php?rest_route=\/wp\/v2\/posts\/1052763","targetHints":{"allow":["GET"]}}],"collection":[{"href":"https:\/\/analyse.optim.biz\/index.php?rest_route=\/wp\/v2\/posts"}],"about":[{"href":"https:\/\/analyse.optim.biz\/index.php?rest_route=\/wp\/v2\/types\/post"}],"author":[{"embeddable":true,"href":"https:\/\/analyse.optim.biz\/index.php?rest_route=\/wp\/v2\/users\/1"}],"replies":[{"embeddable":true,"href":"https:\/\/analyse.optim.biz\/index.php?rest_route=%2Fwp%2Fv2%2Fcomments&post=1052763"}],"version-history":[{"count":0,"href":"https:\/\/analyse.optim.biz\/index.php?rest_route=\/wp\/v2\/posts\/1052763\/revisions"}],"wp:attachment":[{"href":"https:\/\/analyse.optim.biz\/index.php?rest_route=%2Fwp%2Fv2%2Fmedia&parent=1052763"}],"wp:term":[{"taxonomy":"category","embeddable":true,"href":"https:\/\/analyse.optim.biz\/index.php?rest_route=%2Fwp%2Fv2%2Fcategories&post=1052763"},{"taxonomy":"post_tag","embeddable":true,"href":"https:\/\/analyse.optim.biz\/index.php?rest_route=%2Fwp%2Fv2%2Ftags&post=1052763"}],"curies":[{"name":"wp","href":"https:\/\/api.w.org\/{rel}","templated":true}]}}