{"id":1051861,"date":"2017-05-21T18:31:36","date_gmt":"2017-05-21T15:31:36","guid":{"rendered":"https:\/\/analyse.optim.biz\/?p=1051861"},"modified":"2017-05-21T18:31:36","modified_gmt":"2017-05-21T15:31:36","slug":"maratona-fra-le-pagine-al-liceo-mazzini","status":"publish","type":"post","link":"https:\/\/analyse.optim.biz\/?p=1051861","title":{"rendered":"Maratona fra le pagine al Liceo Mazzini"},"content":{"rendered":"<div class=\"testo_articolo testo testoResize\">\n<p>\u00c8 una vera e propria &#8220;Maratona fra le pagine&#8221; quella che il Liceo Mazzini, in via Solimena 62, propone per il Maggio dei libri 2017. Marted\u00ec dalle 9 alle 13 gli studenti accoglieranno il pubblico in aula magna per presentare e commentare i libri letti nel corso dell&#8217;anno La mattinata sar\u00e0 divisa in due parti: \u201c<strong>DiversaMente lib(e)ri<\/strong>\u201d e \u201c<strong>A Tu per Tu con Pirandello<\/strong>\u201d. Si comincia alle 9 con <strong>\u201cDiversaMente lib(e)ri<\/strong>\u201d: gli studenti della I B presentano i libri del premio Elsa Morante Ragazzi e le idee nate dalle letture intraprese nel corso dell\u2019anno scolastico. Lo scrittore <strong>Davide Cerullo<\/strong> e <strong>l<\/strong>a giornalista <strong>Tjuna Notarbartolo<\/strong>, direttrice del <strong>Premio Elsa Morante\u00a0 <\/strong>racconteranno le loro esperienze di scrittura e commenteranno gli interventi dei ragazzi che, in particolare si soffermeranno sui romanzi \u201c<strong>Quella notte sono io<\/strong>\u201d di Giovanni Floris, \u201c<strong>La mia vita all\u2019ombra del mare<\/strong>\u201d di Simona Dolce, \u201c<strong>Il Delfino<\/strong>\u201d di Sergio Bambar\u00e9n. La seconda parte della giornata prende il via alle 11 con la presentazione di\u00a0 \u201c<strong>A Tu per Tu con Pirandello, racconti e idee di liceali emozionati<\/strong>\u201d (Homo scrivens), un libro, a cura di Armida Parisi, che raccoglie racconti, saggi, graphic novel e riscritture di diversi studenti del liceo. Saranno gli stessi autori a parlarne con gli ospiti: <strong>Vincenzo Caputo<\/strong>, ricercatore di Letteratura Italiana all\u2019uUiversit\u00e0 Federico II, e <strong>Chiara Tortorelli<\/strong>, scrittrice ed editor di Homo scrivens.&#8221;Dopo un intenso lavoro i ragazzi di IV A &#8211; scrive la curatrice nella prefazione &#8211; hanno partecipato con i loro scritti alla XVI edizione del <strong>Colloqui Fiorentini<\/strong>. Il tema del condizionamento sociale che opprime la libert\u00e0 degli individui, \u00e8 stato a lungo oggetto di riflessione. In particolare \u00e8 stato stimolante per i ragazzi ragionare sul fatto che la percezione delle vicende cambia in base alla prospettiva da cui osservano. Hanno cos\u00ec scoperto che la sofferenza dei personaggi pirandelliani nasce dal loro rifiuto di lasciarsi guardare secondo un unico punto di vista, dal rivendicare il diritto a una complessit\u00e0 che la societ\u00e0 nega imponendo loro di indossare una maschera. \u00c8 una sofferenza che, per\u00f2, smette di essere tale se l\u2019individuo ne diventa consapevole e non rinuncia a quella caratteristica meravigliosa che lo rende uomo: la fantasia. In un volume dedicato a Luigi Pirandello non poteva mancare un riferimento al teatro: ci hanno pensato le studentesse di quinta I con un breve saggio su \u201cQuesta sera si recita a soggetto\u201d. Completa l\u2019opera il graphic novel delle studentesse di quarta B, che si sono aggiudicate il <strong>Premio Pirandello ad Agrigento<\/strong>, e una riscrittura del primo quaderno di Serafino Gubbio firmata da Francesco Olivieri&#8221;<\/p>\n<p>Alba Brundo, Chiara Lubrano, Sara Quagliero, Lucrezia Pisani<\/p>\n<p>\u00a0<\/p>\n<p>\u00a0<\/p>\n<p>\u00a0<\/p>\n<p>\u00a0<\/p>\n<p>\u00a0<\/p>\n<\/div>\n<p> Source URL: https:\/\/www.ilroma.net\/news\/ragainstage\/23265\/maratona-fra-le-pagine-al-liceo-mazzini.html<\/p>\n","protected":false},"excerpt":{"rendered":"<p>\u00c8 una vera e propria &#8220;Maratona fra le pagine&#8221; quella che il Liceo Mazzini, in via Solimena 62, propone per il Maggio dei libri 2017. Marted\u00ec dalle 9 alle 13 gli studenti accoglieranno il pubblico in aula magna per presentare e commentare i libri letti nel corso dell&#8217;anno La mattinata sar\u00e0 divisa in due parti: [&hellip;]<\/p>\n","protected":false},"author":1,"featured_media":0,"comment_status":"open","ping_status":"","sticky":false,"template":"","format":"standard","meta":{"footnotes":""},"categories":[87],"tags":[156],"class_list":["post-1051861","post","type-post","status-publish","format-standard","hentry","category-italy","tag-ilroma-net"],"_links":{"self":[{"href":"https:\/\/analyse.optim.biz\/index.php?rest_route=\/wp\/v2\/posts\/1051861","targetHints":{"allow":["GET"]}}],"collection":[{"href":"https:\/\/analyse.optim.biz\/index.php?rest_route=\/wp\/v2\/posts"}],"about":[{"href":"https:\/\/analyse.optim.biz\/index.php?rest_route=\/wp\/v2\/types\/post"}],"author":[{"embeddable":true,"href":"https:\/\/analyse.optim.biz\/index.php?rest_route=\/wp\/v2\/users\/1"}],"replies":[{"embeddable":true,"href":"https:\/\/analyse.optim.biz\/index.php?rest_route=%2Fwp%2Fv2%2Fcomments&post=1051861"}],"version-history":[{"count":0,"href":"https:\/\/analyse.optim.biz\/index.php?rest_route=\/wp\/v2\/posts\/1051861\/revisions"}],"wp:attachment":[{"href":"https:\/\/analyse.optim.biz\/index.php?rest_route=%2Fwp%2Fv2%2Fmedia&parent=1051861"}],"wp:term":[{"taxonomy":"category","embeddable":true,"href":"https:\/\/analyse.optim.biz\/index.php?rest_route=%2Fwp%2Fv2%2Fcategories&post=1051861"},{"taxonomy":"post_tag","embeddable":true,"href":"https:\/\/analyse.optim.biz\/index.php?rest_route=%2Fwp%2Fv2%2Ftags&post=1051861"}],"curies":[{"name":"wp","href":"https:\/\/api.w.org\/{rel}","templated":true}]}}