{"id":1051714,"date":"2025-12-13T15:54:57","date_gmt":"2025-12-13T12:54:57","guid":{"rendered":"https:\/\/analyse.optim.biz\/?p=1051714"},"modified":"2025-12-13T15:54:57","modified_gmt":"2025-12-13T12:54:57","slug":"universitatea-stefan-cel-mare-suceava-va-putea-oferi-diplome-de-medici-programul-de-licenta-in-medicina-aprobat","status":"publish","type":"post","link":"https:\/\/analyse.optim.biz\/?p=1051714","title":{"rendered":"Universitatea \u015etefan cel Mare Suceava va putea oferi diplome de medici. Programul de licen\u0163\u0103 \u00een medicin\u0103, aprobat"},"content":{"rendered":"<div class=\"entry-content\">\n<p><img decoding=\"async\" loading=\"lazy\" class=\"alignright size-medium wp-image-221507\" src=\"https:\/\/suceavanews.ro\/wp-content\/uploads\/2016\/12\/osf-usv2-300x169.jpg\" alt=\"\" width=\"300\" height=\"169\">Prin Hot\u0103r\u00e2rea Consiliului Agen\u0163iei Rom\u00e2ne de Asigurare a Calit\u0103\u021bii \u00een \u00cenv\u0103\u021b\u0103m\u00e2ntul Superior (ARACIS) din 1 august 2024 s-a acordat avizul favorabil pentru autorizarea de func\u0163ionare provizorie a programului de licen\u0163\u0103 \u00een Medicin\u0103 (6 ani de studiu \u2013 360 de credite) propus de Universitatea \u201e\u015etefan cel Mare\u201d din Suceava (USV). Capacitatea de \u015fcolarizare avizat\u0103 este de 60 de studen\u0163i pe an de studiu.<\/p>\n<p>Informa\u0163iile asociate programului au fost transmise c\u0103tre Ministerul Educa\u0163iei \u00een vederea actualiz\u0103rii Hot\u0103r\u00e2rii de Guvern (HG) nr. 412\/2024 privind aprobarea Nomenclatorului domeniilor \u015fi al specializ\u0103rilor\/ programelor de studii universitare \u015fi a structurii institu\u021biilor de \u00eenv\u0103\u021b\u0103m\u00e2nt superior pentru anul universitar 2024 \u2013 2025, procesul de admitere urm\u00e2nd a fi organizat dup\u0103 data public\u0103rii HG \u00een \u201eMonitorul Oficial\u201d.<\/p>\n<p>Programul de Medicin\u0103 este propus de USV \u00een contextul unui dezechilibru major existent \u00een distribu\u0163ia regional\u0103 medicilor. Rom\u00e2nia are 55.000 de medici cu aviz de liber\u0103 practic\u0103, dintre care peste 50% (aproximativ 30.000) sunt concentra\u0163i \u00een Municipiul Bucure\u015fti \u015fi cinci jude\u0163e: Cluj, Ia\u015fi, Timi\u015f, Dolj \u015fi Mure\u015f. Restul, 36 de jude\u0163e, au aproximativ 27.000 de medici. Din punctul de vedere al form\u0103rii de medici, popula\u0163ia din estul Rom\u00e2niei are un grad redus de acces la educa\u0163ia superioar\u0103 comparativ cu popula\u0163ia din restul \u0163\u0103rii, \u00een regiunile de dezvoltare Nord-Est \u015fi Sud-Est func\u0163ion\u00e2nd, p\u00e2n\u0103 la aceast\u0103 dat\u0103, 3 universit\u0103\u0163i cu programe de medicin\u0103 (23% din totalul universit\u0103\u0163ilor cu program de medicin\u0103 din \u0163ar\u0103), cu o capacitate de \u015fcolarizare de 1455 de locuri (21% din capacitatea de \u015fcolarizare \u00een medicin\u0103 a \u0163\u0103rii), \u00een timp ce popula\u0163ia \u015fi suprafa\u0163a celor 2 regiuni reprezint\u0103 30% din popula\u0163ia total\u0103, respectiv din suprafa\u0163a total\u0103 a Rom\u00e2niei.<\/p>\n<p>Acest demers va avea \u015fi un impact la nivel na\u021bional, av\u00e2nd \u00een vedere c\u0103 Rom\u00e2nia ocup\u0103 penultimul loc la num\u0103rul de locuitori ce revin unui cadru medico-sanitar \u00een cadrul Uniunii Europene. \u00cen concluzie, \u00eenfiin\u0163area programului de Medicin\u0103 la USV reprezint\u0103 o necesitate regional\u0103, dar \u015fi na\u0163ional\u0103, de importan\u0163\u0103 critic\u0103 \u015fi strategic\u0103.<\/p>\n<p>Noul program de Medicin\u0103 se va al\u0103tura celor 7 programe de studii coordonate \u00een prezent de Facultatea de Medicin\u0103 \u0219i \u0218tiin\u021be Biologice din USV, incluz\u00e2nd 4 programe \u00een domeniul S\u0103n\u0103tate (Asisten\u021b\u0103 medical\u0103 general\u0103, Nutri\u021bie \u0219i dietetic\u0103, Balneofiziokinetoterapie \u0219i recuperare, Tehnic\u0103 dentar\u0103), 2 programe \u00een domeniul Biologie (Biologie \u0219i Biochimie) \u0219i un program de masterat \u00een domeniul Medicin\u0103 (Nutri\u021bie \u0219i recuperare medical\u0103).<\/p>\n<p>Pentru programul de Medicin\u0103, Facultatea de Medicin\u0103 \u0219i \u0218tiin\u021be Biologice are deja angajate cadre didactice universitare, titulare \u00een USV, pentru mai mult de 70% dintre disciplinele ce se vor activa treptat pe parcursul a 6 ani de la ini\u0163ierea studiilor, la care se adaug\u0103 cadre didactice universitare titulare \u00een alte universit\u0103\u0163i din \u0163ar\u0103 \u015fi str\u0103in\u0103tate \u015fi al\u0163i speciali\u015fti \u00een domeniu. Facultatea va continua totodat\u0103 politica activ\u0103 de atragere de noi cadre titulare, implementat\u0103 cu succes \u00een ultimii ani, \u00een parteneriat cu Spitalul Clinic Jude\u021bean de Urgen\u021b\u0103 \u201eSf. Ioan cel Nou\u201d din Suceava.<\/p>\n<p>Facultatea de Medicin\u0103 \u0219i \u0218tiin\u021be Biologice dispune de o infrastructur\u0103 didactic\u0103 preclinic\u0103, clinic\u0103 \u0219i de cercetare modern\u0103, \u00een conformitate cu standardele na\u021bionale de acreditare ARACIS, precum \u0219i cu cele interna\u021bionale, recomandate de World Federation for Medical Education. Activitatea clinic\u0103 \u0219i de instruire a studen\u021bilor se va desf\u0103\u0219ura preponderent la Spitalul Clinic Jude\u021bean de Urgen\u021b\u0103 \u201eSf. Ioan cel Nou\u201d din Suceava, care cuprinde peste 30 de sec\u021bii, servicii \u0219i laboratoare, precum \u0219i \u00een alte clinici \u015fi spitale din ora\u015f \u015fi din jude\u0163.<\/p>\n<p>Calitatea cadrelor didactice, infrastructura existent\u0103 la standarde interna\u021bionale, precum \u0219i planul strategic de dezvoltare a facult\u0103\u021bii, care cuprinde \u015fi construirea unui sediu modern dedicat exclusiv acestei facult\u0103\u021bi, investi\u021bia major\u0103 at\u00e2t din partea universit\u0103\u021bii, c\u00e2t \u0219i a partenerilor locali \u015fi regionali, constituie premisele dezvolt\u0103rii unui program de Medicin\u0103 la standarde de \u00eenalt\u0103 calitate.<\/p>\n<\/div>\n","protected":false},"excerpt":{"rendered":"<p>Prin Hot\u0103r\u00e2rea Consiliului Agen\u0163iei Rom\u00e2ne de Asigurare a Calit\u0103\u021bii \u00een \u00cenv\u0103\u021b\u0103m\u00e2ntul Superior (ARACIS) din 1 august 2024 s-a acordat avizul favorabil pentru autorizarea de func\u0163ionare provizorie a programului de licen\u0163\u0103 \u00een Medicin\u0103 (6 ani de studiu \u2013 360 de credite) propus de Universitatea \u201e\u015etefan cel Mare\u201d din Suceava (USV). Capacitatea de \u015fcolarizare avizat\u0103 este de [&hellip;]<\/p>\n","protected":false},"author":1,"featured_media":0,"comment_status":"open","ping_status":"","sticky":false,"template":"","format":"standard","meta":{"footnotes":""},"categories":[89],"tags":[174],"class_list":["post-1051714","post","type-post","status-publish","format-standard","hentry","category-romania","tag-suceavanews-ro"],"_links":{"self":[{"href":"https:\/\/analyse.optim.biz\/index.php?rest_route=\/wp\/v2\/posts\/1051714","targetHints":{"allow":["GET"]}}],"collection":[{"href":"https:\/\/analyse.optim.biz\/index.php?rest_route=\/wp\/v2\/posts"}],"about":[{"href":"https:\/\/analyse.optim.biz\/index.php?rest_route=\/wp\/v2\/types\/post"}],"author":[{"embeddable":true,"href":"https:\/\/analyse.optim.biz\/index.php?rest_route=\/wp\/v2\/users\/1"}],"replies":[{"embeddable":true,"href":"https:\/\/analyse.optim.biz\/index.php?rest_route=%2Fwp%2Fv2%2Fcomments&post=1051714"}],"version-history":[{"count":0,"href":"https:\/\/analyse.optim.biz\/index.php?rest_route=\/wp\/v2\/posts\/1051714\/revisions"}],"wp:attachment":[{"href":"https:\/\/analyse.optim.biz\/index.php?rest_route=%2Fwp%2Fv2%2Fmedia&parent=1051714"}],"wp:term":[{"taxonomy":"category","embeddable":true,"href":"https:\/\/analyse.optim.biz\/index.php?rest_route=%2Fwp%2Fv2%2Fcategories&post=1051714"},{"taxonomy":"post_tag","embeddable":true,"href":"https:\/\/analyse.optim.biz\/index.php?rest_route=%2Fwp%2Fv2%2Ftags&post=1051714"}],"curies":[{"name":"wp","href":"https:\/\/api.w.org\/{rel}","templated":true}]}}