{"id":1051701,"date":"2025-12-13T15:52:53","date_gmt":"2025-12-13T12:52:53","guid":{"rendered":"https:\/\/analyse.optim.biz\/?p=1051701"},"modified":"2025-12-13T15:52:53","modified_gmt":"2025-12-13T12:52:53","slug":"alerta-o-fetita-de-11-ani-din-suceava-a-plecat-de-la-scoala-si-nu-a-ajuns-acasa-se-cere-ajutor-pentru-gasirea-ei","status":"publish","type":"post","link":"https:\/\/analyse.optim.biz\/?p=1051701","title":{"rendered":"Alert\u0103! O feti\u021b\u0103 de 11 ani din Suceava a plecat de la \u0219coal\u0103 \u0219i nu a ajuns acas\u0103. Se cere ajutor pentru g\u0103sirea ei"},"content":{"rendered":"<div class=\"entry-content\">\n<p><img decoding=\"async\" loading=\"lazy\" class=\"alignright size-medium wp-image-318165\" src=\"https:\/\/suceavanews.ro\/wp-content\/uploads\/2025\/10\/WhatsApp-Image-2025-10-13-at-23.05.09-225x300.jpeg\" alt=\"\" width=\"225\" height=\"300\">Poli\u021bi\u0219tii efectueaz\u0103 activit\u0103\u021bi de c\u0103utare a minorei Elena Natalia \u0218uleru, de 11 ani, din municipiul Suceava, care \u00een cursul zilei de luni\u00a0s-a deplasat de la unitatea de \u00eenv\u0103\u021b\u0103m\u00e2nt din municipiul Suceava unde urmeaz\u0103 cursurile \u0219colare spre cas\u0103 f\u0103r\u0103 a mai ajunge la domiciliu.<\/p>\n<p>Semnalmentele minorei: inaltime 1,5 m., greutate cca. 42 kg, ten alb, p\u0103rul blond tuns la nivelul umerilor, ochi albastri, f\u0103r\u0103 semne particulare.<\/p>\n<p>La momentul plec\u0103rii era \u00eembr\u0103cat\u0103 cu pantaloni gri evaza\u021bi, bluz\u0103 cu m\u00e2nec\u0103 lung\u0103 de culoare albastru deschis, vest\u0103 de f\u00e2\u0219 de culoare neagr\u0103, \u00eenc\u0103l\u021bata cu pantofi sport de culoare neagr\u0103, purta \u00een spate un ghiozdan de culoare gri cu un imprimeu cu Mickey Mouse.<\/p>\n<p>\u00cen cazul \u00een care de\u021bine\u021bi date sau informa\u021bii cu privire la minor\u0103, v\u0103 rug\u0103m s\u0103 apela\u021bi SNUAU 112 sau s\u0103 v\u0103 adresa\u021bi celui mai apropiat echipaj de poli\u021bie.<\/p>\n<\/div>\n","protected":false},"excerpt":{"rendered":"<p>Poli\u021bi\u0219tii efectueaz\u0103 activit\u0103\u021bi de c\u0103utare a minorei Elena Natalia \u0218uleru, de 11 ani, din municipiul Suceava, care \u00een cursul zilei de luni\u00a0s-a deplasat de la unitatea de \u00eenv\u0103\u021b\u0103m\u00e2nt din municipiul Suceava unde urmeaz\u0103 cursurile \u0219colare spre cas\u0103 f\u0103r\u0103 a mai ajunge la domiciliu. Semnalmentele minorei: inaltime 1,5 m., greutate cca. 42 kg, ten alb, p\u0103rul [&hellip;]<\/p>\n","protected":false},"author":1,"featured_media":0,"comment_status":"open","ping_status":"","sticky":false,"template":"","format":"standard","meta":{"footnotes":""},"categories":[89],"tags":[174],"class_list":["post-1051701","post","type-post","status-publish","format-standard","hentry","category-romania","tag-suceavanews-ro"],"_links":{"self":[{"href":"https:\/\/analyse.optim.biz\/index.php?rest_route=\/wp\/v2\/posts\/1051701","targetHints":{"allow":["GET"]}}],"collection":[{"href":"https:\/\/analyse.optim.biz\/index.php?rest_route=\/wp\/v2\/posts"}],"about":[{"href":"https:\/\/analyse.optim.biz\/index.php?rest_route=\/wp\/v2\/types\/post"}],"author":[{"embeddable":true,"href":"https:\/\/analyse.optim.biz\/index.php?rest_route=\/wp\/v2\/users\/1"}],"replies":[{"embeddable":true,"href":"https:\/\/analyse.optim.biz\/index.php?rest_route=%2Fwp%2Fv2%2Fcomments&post=1051701"}],"version-history":[{"count":0,"href":"https:\/\/analyse.optim.biz\/index.php?rest_route=\/wp\/v2\/posts\/1051701\/revisions"}],"wp:attachment":[{"href":"https:\/\/analyse.optim.biz\/index.php?rest_route=%2Fwp%2Fv2%2Fmedia&parent=1051701"}],"wp:term":[{"taxonomy":"category","embeddable":true,"href":"https:\/\/analyse.optim.biz\/index.php?rest_route=%2Fwp%2Fv2%2Fcategories&post=1051701"},{"taxonomy":"post_tag","embeddable":true,"href":"https:\/\/analyse.optim.biz\/index.php?rest_route=%2Fwp%2Fv2%2Ftags&post=1051701"}],"curies":[{"name":"wp","href":"https:\/\/api.w.org\/{rel}","templated":true}]}}