{"id":1051700,"date":"2025-12-13T15:52:28","date_gmt":"2025-12-13T12:52:28","guid":{"rendered":"https:\/\/analyse.optim.biz\/?p=1051700"},"modified":"2025-12-13T15:52:28","modified_gmt":"2025-12-13T12:52:28","slug":"foto-sute-de-liberali-suceveni-la-mitingul-de-la-iasi-in-frunte-cu-gheorghe-flutur","status":"publish","type":"post","link":"https:\/\/analyse.optim.biz\/?p=1051700","title":{"rendered":"FOTO Sute de liberali suceveni, la mitingul de la Ia\u0219i, \u00een frunte cu Gheorghe Flutur"},"content":{"rendered":"<div class=\"entry-content\">\n<p>\u00a0<\/p>\n<p><img decoding=\"async\" loading=\"lazy\" class=\"alignright size-medium wp-image-293756\" src=\"https:\/\/suceavanews.ro\/wp-content\/uploads\/2019\/05\/liberali-gheorghe-flutur-iasi-PNL-2-300x225.jpg\" alt=\"\" width=\"300\" height=\"225\">Sute\u00a0de liberali\u00a0suceveni particip\u0103, s\u00e2mb\u0103t\u0103, la mitingul de lansare a candida\u021bilor PNL pentru alegerile europarlamentare din 26 mai 2019, \u00een regiunea Nord-Est.<\/p>\n<p>Pre\u0219edintele PNL Suceava, Gheorghe Flutur, a vorbit la Ia\u0219i despre faptul c\u0103 PSD a dus ca Moldova s\u0103 fie cea mai s\u0103rac\u0103 regiune din Rom\u00e2nia.<\/p>\n<p>\u201e<em><strong>PSD-ul crede c\u0103 pot conduce Rom\u00e2nia cu Jandarmeria ori acest lucru nu se poate<\/strong><\/em>\u201d, a spus Flutur. El a vorbit despre faptul c\u0103 nu se fac autostr\u0103zi, c\u0103 \u201e<em><strong>ne-au trimis copiii la munc\u0103 \u00een str\u0103in\u0103tate<\/strong><\/em>\u201d.<\/p>\n<p>Flutur a \u00eendemnat la vot \u0219i sanc\u021bionarea prin vot a celor care \u201e<em><strong>ne-au adus \u00een s\u0103r\u0103cie, pentru c\u0103 asta a f\u0103cut PSD-ul\u201d.<\/strong><\/em><\/p>\n<p>Mitingul PNL are loc\u00a0\u00een\u00a0Pia\u021ba Unirii, unde particip\u0103 \u0219i pre\u0219edintele Rom\u00e2niei, Klaus Iohannis, pentru a se adresa rom\u00e2nilor \u00een leg\u0103tur\u0103 cu Referendumul convocat \u00een 26 mai.<\/p>\n<p>La reuniune sunt prezen\u021bi, de asemenea, pre\u0219edintele PNL, Ludovic Orban, prim-vicepre\u0219edintele PNL Raluca Turcan, secretarul general al PNL, Robert Sighiart\u0103u, al\u0103turi de candida\u021bi ai partidului la alegerile europarlamentare Rare\u0219 Bogdan, Siegfried Mure\u0219an, Vasile Blaga, Adina V\u0103lean, Gheorghe Falc\u0103, Cristian Bu\u0219oi, Vlad Nistor, Mihai \u021aurcanu.<\/p>\n<div id=\"gallery-1\" class=\"gallery galleryid-293754 gallery-columns-3 gallery-size-thumbnail\">\n<dl class=\"gallery-item\">\n<dt class=\"gallery-icon landscape\"><a href=\"https:\/\/suceavanews.ro\/wp-content\/uploads\/2019\/05\/liberali-gheorghe-flutur-iasi-PNL-1.jpg\"><img decoding=\"async\" width=\"150\" height=\"150\" src=\"https:\/\/suceavanews.ro\/wp-content\/uploads\/2019\/05\/liberali-gheorghe-flutur-iasi-PNL-1-150x150.jpg\" class=\"attachment-thumbnail size-thumbnail\" alt=\"\" loading=\"lazy\"><\/a><\/dt>\n<\/dl>\n<dl class=\"gallery-item\">\n<dt class=\"gallery-icon landscape\"><a href=\"https:\/\/suceavanews.ro\/wp-content\/uploads\/2019\/05\/liberali-gheorghe-flutur-iasi-PNL-2.jpg\"><img decoding=\"async\" width=\"150\" height=\"150\" src=\"https:\/\/suceavanews.ro\/wp-content\/uploads\/2019\/05\/liberali-gheorghe-flutur-iasi-PNL-2-150x150.jpg\" class=\"attachment-thumbnail size-thumbnail\" alt=\"\" loading=\"lazy\"><\/a><\/dt>\n<\/dl>\n<dl class=\"gallery-item\">\n<dt class=\"gallery-icon landscape\"><a href=\"https:\/\/suceavanews.ro\/wp-content\/uploads\/2019\/05\/liberali-gheorghe-flutur-iasi-PNL-3.jpg\"><img decoding=\"async\" width=\"150\" height=\"150\" src=\"https:\/\/suceavanews.ro\/wp-content\/uploads\/2019\/05\/liberali-gheorghe-flutur-iasi-PNL-3-150x150.jpg\" class=\"attachment-thumbnail size-thumbnail\" alt=\"\" loading=\"lazy\"><\/a><\/dt>\n<\/dl>\n<p><\/div>\n<\/div>\n","protected":false},"excerpt":{"rendered":"<p>\u00a0 Sute\u00a0de liberali\u00a0suceveni particip\u0103, s\u00e2mb\u0103t\u0103, la mitingul de lansare a candida\u021bilor PNL pentru alegerile europarlamentare din 26 mai 2019, \u00een regiunea Nord-Est. Pre\u0219edintele PNL Suceava, Gheorghe Flutur, a vorbit la Ia\u0219i despre faptul c\u0103 PSD a dus ca Moldova s\u0103 fie cea mai s\u0103rac\u0103 regiune din Rom\u00e2nia. \u201ePSD-ul crede c\u0103 pot conduce Rom\u00e2nia cu Jandarmeria [&hellip;]<\/p>\n","protected":false},"author":1,"featured_media":0,"comment_status":"open","ping_status":"","sticky":false,"template":"","format":"standard","meta":{"footnotes":""},"categories":[89],"tags":[174],"class_list":["post-1051700","post","type-post","status-publish","format-standard","hentry","category-romania","tag-suceavanews-ro"],"_links":{"self":[{"href":"https:\/\/analyse.optim.biz\/index.php?rest_route=\/wp\/v2\/posts\/1051700","targetHints":{"allow":["GET"]}}],"collection":[{"href":"https:\/\/analyse.optim.biz\/index.php?rest_route=\/wp\/v2\/posts"}],"about":[{"href":"https:\/\/analyse.optim.biz\/index.php?rest_route=\/wp\/v2\/types\/post"}],"author":[{"embeddable":true,"href":"https:\/\/analyse.optim.biz\/index.php?rest_route=\/wp\/v2\/users\/1"}],"replies":[{"embeddable":true,"href":"https:\/\/analyse.optim.biz\/index.php?rest_route=%2Fwp%2Fv2%2Fcomments&post=1051700"}],"version-history":[{"count":0,"href":"https:\/\/analyse.optim.biz\/index.php?rest_route=\/wp\/v2\/posts\/1051700\/revisions"}],"wp:attachment":[{"href":"https:\/\/analyse.optim.biz\/index.php?rest_route=%2Fwp%2Fv2%2Fmedia&parent=1051700"}],"wp:term":[{"taxonomy":"category","embeddable":true,"href":"https:\/\/analyse.optim.biz\/index.php?rest_route=%2Fwp%2Fv2%2Fcategories&post=1051700"},{"taxonomy":"post_tag","embeddable":true,"href":"https:\/\/analyse.optim.biz\/index.php?rest_route=%2Fwp%2Fv2%2Ftags&post=1051700"}],"curies":[{"name":"wp","href":"https:\/\/api.w.org\/{rel}","templated":true}]}}