{"id":1051698,"date":"2025-12-13T15:51:58","date_gmt":"2025-12-13T12:51:58","guid":{"rendered":"https:\/\/analyse.optim.biz\/?p=1051698"},"modified":"2025-12-13T15:51:58","modified_gmt":"2025-12-13T12:51:58","slug":"ministrul-muncii-marius-budai-s-a-intalnit-cu-pensionarii-suceveni","status":"publish","type":"post","link":"https:\/\/analyse.optim.biz\/?p=1051698","title":{"rendered":"Ministrul Muncii, Marius Bud\u0103i, s-a \u00eent\u00e2lnit cu pensionarii suceveni"},"content":{"rendered":"<div class=\"entry-content\">\n<p><img decoding=\"async\" loading=\"lazy\" class=\"alignright size-medium wp-image-294010\" src=\"https:\/\/suceavanews.ro\/wp-content\/uploads\/2019\/05\/marius-budai-300x188.jpg\" alt=\"\" width=\"300\" height=\"188\">Marius Bud\u0103i, ministrul Muncii \u0219i Justi\u021biei Sociale, a r\u0103spuns invita\u021biei senatorului Ioan Stan, pre\u0219edintele organiza\u021biei jude\u021bene PSD \u0219i a lui Mi\u0219u Gafencu, pre\u0219edintele OPSD Suceava, de a se \u00eent\u00e2lni cu sucevenii de v\u00e2rsta a treia.<\/p>\n<p>La \u00eent\u00e2lnirea ce a avut loc ast\u0103zi la Frasin, ministrul Marius Bud\u0103i a prezentat celor peste 500 de participan\u021bi stadiul \u00eendeplinirii m\u0103surilor din programul de guvernare al PSD privind calitatea vie\u021bii pensionarilor.<\/p>\n<p>Marius Bud\u0103i a ar\u0103tat c\u0103 \u00een ultimii doi ani guvernarea PSD a asigurat, conform promisiunilor f\u0103cute, o cre\u0219tere substan\u021bial\u0103 a punctului de pensie (de la 816 lei \u00een 2016, la 1100 lei \u00een 2018 \u0219i la 1265 lei \u00een septembrie 2019), o cre\u0219tere substan\u021bial\u0103 a pensiei minime garantate (la 640 de lei \u00een prezent, p\u00e2n\u0103 la 704 lei \u00een septembrie 2019 \u0219i p\u00e2n\u0103 la 775 lei \u00een 2020). El a prezentat \u0219i alte m\u0103suri luate \u00een favoarea celor de v\u00e2rsta a treia precum neimpozitarea pensiilor mici \u0219i scutirea de la plata contribu\u021biei pentru asigurarea de s\u0103n\u0103tate, cre\u0219terea gradului de accesibilitate la medicamente compensate cu 90% prin m\u0103rirea plafonului de venituri de la 700 de lei la 990 de lei.<\/p>\n<p>De asemenea, ministrul a \u021binut s\u0103 pun\u0103 cap\u0103t specula\u021biilor tenden\u021bioase promovate de reprezentan\u021bii PNL \u0219i USR \u00een spa\u021biul public prin care ace\u0219tia \u00eencearc\u0103 s\u0103 induc\u0103 ideea c\u0103 aceast\u0103 cre\u0219tere a pensiilor nu este sustenabil\u0103. Dumnealui a demonstrat c\u0103 acest lucru este posibil datorit\u0103 m\u0103surilor luate de Guvernul PSD: cre\u0219terea salariilor, cre\u0219terea record a num\u0103rului de salaria\u021bi \u00een ultimii doi ani (cu peste 230 000), sc\u0103derea record a \u0219omajului (3,19%). Chiar \u0219i fondul de pensii devine \u00een 2019 excedentar.<br \/>\n\u00cen acela\u0219i timp dl ministru i-a asigurat pe cei prezen\u021bi c\u0103 procesul de calculare a pensiilor aflat \u00een derulare va determina o cre\u0219tere a veniturilor pensionarilor \u00een marea majoritate a cazurilor \u0219i nicio pensie nu va fi diminuat\u0103.<\/p>\n<p>Pre\u0219edintele Ioan Stan a mul\u021bumit celor prezen\u021bi pentru implicarea permanent\u0103 \u00een activitatea Partidului Social Democrat, a afirmat c\u0103 este onorat \u0219i bucuros c\u0103 PSD acord\u0103 o aten\u021bie prioritar\u0103 bun\u0103st\u0103rii celor de v\u00e2rsta a treia \u2013 cei care, \u00een definitiv, au contribuit esen\u021bial la construirea Rom\u00e2niei de azi \u0219i mai ales au f\u0103cut posibil\u0103, acum 30 de ani, instalarea democra\u021biei \u0219i a liberei exprim\u0103ri \u00een Rom\u00e2nia, iar acest fapt ar trebui s\u0103 fie con\u0219tientizat \u00een primul r\u00e2nd de genera\u021biile tinere care se bucur\u0103 de toate libert\u0103\u021bile unui stat democratic. Senatorul Ioan Stan consider\u0103 mai mult dec\u00e2t inacceptabile \u0219i de netolerat afirma\u021biile colportate pe re\u021belele de socializare prin care simpatizan\u021bi ai USR-ului sau ai PNL-ului, cu un limbaj ireveren\u021bios, neag\u0103 dreptul la exprimare politic\u0103 a v\u00e2rstnicilor.<\/p>\n<\/div>\n","protected":false},"excerpt":{"rendered":"<p>Marius Bud\u0103i, ministrul Muncii \u0219i Justi\u021biei Sociale, a r\u0103spuns invita\u021biei senatorului Ioan Stan, pre\u0219edintele organiza\u021biei jude\u021bene PSD \u0219i a lui Mi\u0219u Gafencu, pre\u0219edintele OPSD Suceava, de a se \u00eent\u00e2lni cu sucevenii de v\u00e2rsta a treia. La \u00eent\u00e2lnirea ce a avut loc ast\u0103zi la Frasin, ministrul Marius Bud\u0103i a prezentat celor peste 500 de participan\u021bi stadiul [&hellip;]<\/p>\n","protected":false},"author":1,"featured_media":0,"comment_status":"open","ping_status":"","sticky":false,"template":"","format":"standard","meta":{"footnotes":""},"categories":[89],"tags":[174],"class_list":["post-1051698","post","type-post","status-publish","format-standard","hentry","category-romania","tag-suceavanews-ro"],"_links":{"self":[{"href":"https:\/\/analyse.optim.biz\/index.php?rest_route=\/wp\/v2\/posts\/1051698","targetHints":{"allow":["GET"]}}],"collection":[{"href":"https:\/\/analyse.optim.biz\/index.php?rest_route=\/wp\/v2\/posts"}],"about":[{"href":"https:\/\/analyse.optim.biz\/index.php?rest_route=\/wp\/v2\/types\/post"}],"author":[{"embeddable":true,"href":"https:\/\/analyse.optim.biz\/index.php?rest_route=\/wp\/v2\/users\/1"}],"replies":[{"embeddable":true,"href":"https:\/\/analyse.optim.biz\/index.php?rest_route=%2Fwp%2Fv2%2Fcomments&post=1051698"}],"version-history":[{"count":0,"href":"https:\/\/analyse.optim.biz\/index.php?rest_route=\/wp\/v2\/posts\/1051698\/revisions"}],"wp:attachment":[{"href":"https:\/\/analyse.optim.biz\/index.php?rest_route=%2Fwp%2Fv2%2Fmedia&parent=1051698"}],"wp:term":[{"taxonomy":"category","embeddable":true,"href":"https:\/\/analyse.optim.biz\/index.php?rest_route=%2Fwp%2Fv2%2Fcategories&post=1051698"},{"taxonomy":"post_tag","embeddable":true,"href":"https:\/\/analyse.optim.biz\/index.php?rest_route=%2Fwp%2Fv2%2Ftags&post=1051698"}],"curies":[{"name":"wp","href":"https:\/\/api.w.org\/{rel}","templated":true}]}}