{"id":1051694,"date":"2025-12-13T15:51:04","date_gmt":"2025-12-13T12:51:04","guid":{"rendered":"https:\/\/analyse.optim.biz\/?p=1051694"},"modified":"2025-12-13T15:51:04","modified_gmt":"2025-12-13T12:51:04","slug":"premierul-viorica-dancila-vine-in-judetul-suceava","status":"publish","type":"post","link":"https:\/\/analyse.optim.biz\/?p=1051694","title":{"rendered":"Premierul Viorica D\u0103ncil\u0103 vine \u00een jude\u021bul Suceava"},"content":{"rendered":"<div class=\"entry-content\">\n<p><img decoding=\"async\" loading=\"lazy\" class=\"alignright size-medium wp-image-294158\" src=\"https:\/\/suceavanews.ro\/wp-content\/uploads\/2019\/05\/viorica-dancila-300x228.jpg\" alt=\"\" width=\"300\" height=\"228\">Premierul Viorica D\u0103ncil\u0103, pre\u0219edinte al PSD, va efectua o vizit\u0103 \u00een jude\u021bul Suceava. Aceasta va fi \u00eenso\u021bit\u0103 de\u00a0 viceprim-ministrul Eugen Teodorovici, ministrul de Finan\u021be, \u0219i de viceprim-ministrul Mihai Fifor, ministrul interimar al Afacerilor Interne.<\/p>\n<p>\u201e<em><strong>Maine, 14.08.2019, incepand cu ora 17.30, la sala \u201cPictor Aurel Baesu\u201d (muzeul Ion Irimescu) din Falticeni, va avea loc o conferinta de presa sustinuta de doamna prim-ministru Viorica Dancila\u201d,<\/strong><\/em> anun\u021b\u0103 reprezentan\u021bii PSD.<\/p>\n<p>Premierul Viorica D\u0103ncil\u0103 va participa, miercuri, la F\u0103lticeni, la o \u0219edin\u021b\u0103 a Comitetului Executiv Jude\u021bean al PSD Suceava. Apoi, joi, D\u0103ncil\u0103 va lua parte la ceremoniile religioase de la Putna \u0219i Cacica cu prilejul Adormirii Maicii Domnului.<\/p>\n<p>\u00a0<\/p>\n<\/div>\n","protected":false},"excerpt":{"rendered":"<p>Premierul Viorica D\u0103ncil\u0103, pre\u0219edinte al PSD, va efectua o vizit\u0103 \u00een jude\u021bul Suceava. Aceasta va fi \u00eenso\u021bit\u0103 de\u00a0 viceprim-ministrul Eugen Teodorovici, ministrul de Finan\u021be, \u0219i de viceprim-ministrul Mihai Fifor, ministrul interimar al Afacerilor Interne. \u201eMaine, 14.08.2019, incepand cu ora 17.30, la sala \u201cPictor Aurel Baesu\u201d (muzeul Ion Irimescu) din Falticeni, va avea loc o conferinta [&hellip;]<\/p>\n","protected":false},"author":1,"featured_media":0,"comment_status":"open","ping_status":"","sticky":false,"template":"","format":"standard","meta":{"footnotes":""},"categories":[89],"tags":[174],"class_list":["post-1051694","post","type-post","status-publish","format-standard","hentry","category-romania","tag-suceavanews-ro"],"_links":{"self":[{"href":"https:\/\/analyse.optim.biz\/index.php?rest_route=\/wp\/v2\/posts\/1051694","targetHints":{"allow":["GET"]}}],"collection":[{"href":"https:\/\/analyse.optim.biz\/index.php?rest_route=\/wp\/v2\/posts"}],"about":[{"href":"https:\/\/analyse.optim.biz\/index.php?rest_route=\/wp\/v2\/types\/post"}],"author":[{"embeddable":true,"href":"https:\/\/analyse.optim.biz\/index.php?rest_route=\/wp\/v2\/users\/1"}],"replies":[{"embeddable":true,"href":"https:\/\/analyse.optim.biz\/index.php?rest_route=%2Fwp%2Fv2%2Fcomments&post=1051694"}],"version-history":[{"count":0,"href":"https:\/\/analyse.optim.biz\/index.php?rest_route=\/wp\/v2\/posts\/1051694\/revisions"}],"wp:attachment":[{"href":"https:\/\/analyse.optim.biz\/index.php?rest_route=%2Fwp%2Fv2%2Fmedia&parent=1051694"}],"wp:term":[{"taxonomy":"category","embeddable":true,"href":"https:\/\/analyse.optim.biz\/index.php?rest_route=%2Fwp%2Fv2%2Fcategories&post=1051694"},{"taxonomy":"post_tag","embeddable":true,"href":"https:\/\/analyse.optim.biz\/index.php?rest_route=%2Fwp%2Fv2%2Ftags&post=1051694"}],"curies":[{"name":"wp","href":"https:\/\/api.w.org\/{rel}","templated":true}]}}