{"id":1051692,"date":"2025-12-13T15:50:44","date_gmt":"2025-12-13T12:50:44","guid":{"rendered":"https:\/\/analyse.optim.biz\/?p=1051692"},"modified":"2025-12-13T15:50:44","modified_gmt":"2025-12-13T12:50:44","slug":"deputatul-emanuel-havrici-a-parasit-psd-si-a-trecut-la-pro-romania","status":"publish","type":"post","link":"https:\/\/analyse.optim.biz\/?p=1051692","title":{"rendered":"Deputatul Emanuel Havrici a p\u0103r\u0103sit PSD \u0219i a trecut la Pro Rom\u00e2nia"},"content":{"rendered":"<div class=\"entry-content\">\n<p><img decoding=\"async\" loading=\"lazy\" class=\"alignright size-medium wp-image-299129\" src=\"https:\/\/suceavanews.ro\/wp-content\/uploads\/2019\/10\/emanuel-havrici-300x300.jpg\" alt=\"\" width=\"300\" height=\"300\">Deputatul sucevean Emanuel Havrici a p\u0103r\u0103sit PSD \u0219i a trecut la Pro Rom\u00e2nia. Pre\u0219edintele Pro Rom\u00e2nia, Victor Ponta, a anun\u021bat, oficial, pe pagina sa de Facebook aceast\u0103 decizie.<\/p>\n<p><em><strong>\u201eBun venit in Echipa si in Grupul ProRomania colegului nostru Deputat de Suceava Emi Havrici\/ trebuie sa recladim social democratia si Romania<\/strong><\/em>\u201d, este mesajul lui Ponta.<\/p>\n<p>Liderul Pro Rom\u00e2nia a publicat adresa oficial\u0103 semnat\u0103 de Emanuel Havrici prin care \u00eel informeaz\u0103 pe pre\u0219edintele Camerei Deputa\u021bilor c\u0103 va activa \u00een grupul parlamentar PRO Europa.<\/p>\n<\/div>\n","protected":false},"excerpt":{"rendered":"<p>Deputatul sucevean Emanuel Havrici a p\u0103r\u0103sit PSD \u0219i a trecut la Pro Rom\u00e2nia. Pre\u0219edintele Pro Rom\u00e2nia, Victor Ponta, a anun\u021bat, oficial, pe pagina sa de Facebook aceast\u0103 decizie. \u201eBun venit in Echipa si in Grupul ProRomania colegului nostru Deputat de Suceava Emi Havrici\/ trebuie sa recladim social democratia si Romania\u201d, este mesajul lui Ponta. Liderul [&hellip;]<\/p>\n","protected":false},"author":1,"featured_media":0,"comment_status":"open","ping_status":"","sticky":false,"template":"","format":"standard","meta":{"footnotes":""},"categories":[89],"tags":[174],"class_list":["post-1051692","post","type-post","status-publish","format-standard","hentry","category-romania","tag-suceavanews-ro"],"_links":{"self":[{"href":"https:\/\/analyse.optim.biz\/index.php?rest_route=\/wp\/v2\/posts\/1051692","targetHints":{"allow":["GET"]}}],"collection":[{"href":"https:\/\/analyse.optim.biz\/index.php?rest_route=\/wp\/v2\/posts"}],"about":[{"href":"https:\/\/analyse.optim.biz\/index.php?rest_route=\/wp\/v2\/types\/post"}],"author":[{"embeddable":true,"href":"https:\/\/analyse.optim.biz\/index.php?rest_route=\/wp\/v2\/users\/1"}],"replies":[{"embeddable":true,"href":"https:\/\/analyse.optim.biz\/index.php?rest_route=%2Fwp%2Fv2%2Fcomments&post=1051692"}],"version-history":[{"count":0,"href":"https:\/\/analyse.optim.biz\/index.php?rest_route=\/wp\/v2\/posts\/1051692\/revisions"}],"wp:attachment":[{"href":"https:\/\/analyse.optim.biz\/index.php?rest_route=%2Fwp%2Fv2%2Fmedia&parent=1051692"}],"wp:term":[{"taxonomy":"category","embeddable":true,"href":"https:\/\/analyse.optim.biz\/index.php?rest_route=%2Fwp%2Fv2%2Fcategories&post=1051692"},{"taxonomy":"post_tag","embeddable":true,"href":"https:\/\/analyse.optim.biz\/index.php?rest_route=%2Fwp%2Fv2%2Ftags&post=1051692"}],"curies":[{"name":"wp","href":"https:\/\/api.w.org\/{rel}","templated":true}]}}