{"id":1051691,"date":"2025-12-13T15:50:23","date_gmt":"2025-12-13T12:50:23","guid":{"rendered":"https:\/\/analyse.optim.biz\/?p=1051691"},"modified":"2025-12-13T15:50:23","modified_gmt":"2025-12-13T12:50:23","slug":"viorica-dancila-vine-la-suceava-vezi-programul-vizitei","status":"publish","type":"post","link":"https:\/\/analyse.optim.biz\/?p=1051691","title":{"rendered":"Viorica D\u0103ncil\u0103 vine la Suceava. Vezi programul vizitei!"},"content":{"rendered":"<div class=\"entry-content\">\n<p><img decoding=\"async\" loading=\"lazy\" class=\"alignright size-medium wp-image-294158\" src=\"https:\/\/suceavanews.ro\/wp-content\/uploads\/2019\/05\/viorica-dancila-300x228.jpg\" alt=\"\" width=\"300\" height=\"228\">Pre\u0219edintele PSD, Viorica D\u0103ncil\u0103, va efectua o vizit\u0103 electoral\u0103, miercuri, 23 octombrie, \u00een jude\u021bul Suceava. D\u0103ncil\u0103 va merge \u00een comuna H\u0103n\u021be\u0219ti de la ora 09.00, de la 10.15 \u00een Zamostea, de la 11.30 se va \u00eent\u00e2lni cu cet\u0103\u021benii din R\u0103d\u0103u\u021bi, iar de la 15.00 se va afla la sediul PSD Suceava, unde va sus\u021bine o conferin\u021b\u0103 de pres\u0103.<\/p>\n<p>De la ora 17.00, aceasta se va afla la F\u0103lticeni.<\/p>\n<\/div>\n","protected":false},"excerpt":{"rendered":"<p>Pre\u0219edintele PSD, Viorica D\u0103ncil\u0103, va efectua o vizit\u0103 electoral\u0103, miercuri, 23 octombrie, \u00een jude\u021bul Suceava. D\u0103ncil\u0103 va merge \u00een comuna H\u0103n\u021be\u0219ti de la ora 09.00, de la 10.15 \u00een Zamostea, de la 11.30 se va \u00eent\u00e2lni cu cet\u0103\u021benii din R\u0103d\u0103u\u021bi, iar de la 15.00 se va afla la sediul PSD Suceava, unde va sus\u021bine o [&hellip;]<\/p>\n","protected":false},"author":1,"featured_media":0,"comment_status":"open","ping_status":"","sticky":false,"template":"","format":"standard","meta":{"footnotes":""},"categories":[89],"tags":[174],"class_list":["post-1051691","post","type-post","status-publish","format-standard","hentry","category-romania","tag-suceavanews-ro"],"_links":{"self":[{"href":"https:\/\/analyse.optim.biz\/index.php?rest_route=\/wp\/v2\/posts\/1051691","targetHints":{"allow":["GET"]}}],"collection":[{"href":"https:\/\/analyse.optim.biz\/index.php?rest_route=\/wp\/v2\/posts"}],"about":[{"href":"https:\/\/analyse.optim.biz\/index.php?rest_route=\/wp\/v2\/types\/post"}],"author":[{"embeddable":true,"href":"https:\/\/analyse.optim.biz\/index.php?rest_route=\/wp\/v2\/users\/1"}],"replies":[{"embeddable":true,"href":"https:\/\/analyse.optim.biz\/index.php?rest_route=%2Fwp%2Fv2%2Fcomments&post=1051691"}],"version-history":[{"count":0,"href":"https:\/\/analyse.optim.biz\/index.php?rest_route=\/wp\/v2\/posts\/1051691\/revisions"}],"wp:attachment":[{"href":"https:\/\/analyse.optim.biz\/index.php?rest_route=%2Fwp%2Fv2%2Fmedia&parent=1051691"}],"wp:term":[{"taxonomy":"category","embeddable":true,"href":"https:\/\/analyse.optim.biz\/index.php?rest_route=%2Fwp%2Fv2%2Fcategories&post=1051691"},{"taxonomy":"post_tag","embeddable":true,"href":"https:\/\/analyse.optim.biz\/index.php?rest_route=%2Fwp%2Fv2%2Ftags&post=1051691"}],"curies":[{"name":"wp","href":"https:\/\/api.w.org\/{rel}","templated":true}]}}