{"id":1051689,"date":"2025-12-13T15:50:04","date_gmt":"2025-12-13T12:50:04","guid":{"rendered":"https:\/\/analyse.optim.biz\/?p=1051689"},"modified":"2025-12-13T15:50:04","modified_gmt":"2025-12-13T12:50:04","slug":"infrangere-rusinoasa-la-radauti-pentru-psd-pnl-a-fost-preferat-de-electorat-chiar-daca-municipiul-are-primar-social-democrat","status":"publish","type":"post","link":"https:\/\/analyse.optim.biz\/?p=1051689","title":{"rendered":"\u00cenfr\u00e2ngere ru\u0219inoas\u0103 la R\u0103d\u0103u\u021bi pentru PSD. PNL a fost preferat de electorat chiar dac\u0103 municipiul are primar social democrat"},"content":{"rendered":"<div class=\"entry-content\">\n<p><img decoding=\"async\" loading=\"lazy\" class=\"alignright size-medium wp-image-205645\" src=\"https:\/\/suceavanews.ro\/wp-content\/uploads\/2016\/07\/nistor-tatar-3-225x300.jpg\" alt=\"\" width=\"225\" height=\"300\">Primarul social democrat al municipiului R\u0103d\u0103u\u021bi, Nistor T\u0103tar, a avut parte de o \u00eenfr\u00e2ngere ru\u0219inoas\u0103 la R\u0103d\u0103u\u021bi. Partidul pe care \u00eel reprezint\u0103 a ob\u021binut doar 19,9% din voturi pentru Viorica D\u0103ncil\u0103, \u00een schimb PNL \u0219i Klaus Iohannis au ob\u021binut 35% din voturi. Dan Barna a avut 14% din voturi.<\/p>\n<p>La finalul turului I al alegerilor prezinden\u021biale, \u00een jude\u021bul Suceava, Klaus Iohannis a ob\u021binut 39,33%, Viorica D\u0103ncil\u0103, 24,93%, iar Dan Barna 10,64%.<\/p>\n<p>Urmeaz\u0103 Mircea Diaconu, cu 10%, Theodor Paleologu cu 7,04%<\/p>\n<p>\u00a0<\/p>\n<\/div>\n","protected":false},"excerpt":{"rendered":"<p>Primarul social democrat al municipiului R\u0103d\u0103u\u021bi, Nistor T\u0103tar, a avut parte de o \u00eenfr\u00e2ngere ru\u0219inoas\u0103 la R\u0103d\u0103u\u021bi. Partidul pe care \u00eel reprezint\u0103 a ob\u021binut doar 19,9% din voturi pentru Viorica D\u0103ncil\u0103, \u00een schimb PNL \u0219i Klaus Iohannis au ob\u021binut 35% din voturi. Dan Barna a avut 14% din voturi. La finalul turului I al alegerilor [&hellip;]<\/p>\n","protected":false},"author":1,"featured_media":0,"comment_status":"open","ping_status":"","sticky":false,"template":"","format":"standard","meta":{"footnotes":""},"categories":[89],"tags":[174],"class_list":["post-1051689","post","type-post","status-publish","format-standard","hentry","category-romania","tag-suceavanews-ro"],"_links":{"self":[{"href":"https:\/\/analyse.optim.biz\/index.php?rest_route=\/wp\/v2\/posts\/1051689","targetHints":{"allow":["GET"]}}],"collection":[{"href":"https:\/\/analyse.optim.biz\/index.php?rest_route=\/wp\/v2\/posts"}],"about":[{"href":"https:\/\/analyse.optim.biz\/index.php?rest_route=\/wp\/v2\/types\/post"}],"author":[{"embeddable":true,"href":"https:\/\/analyse.optim.biz\/index.php?rest_route=\/wp\/v2\/users\/1"}],"replies":[{"embeddable":true,"href":"https:\/\/analyse.optim.biz\/index.php?rest_route=%2Fwp%2Fv2%2Fcomments&post=1051689"}],"version-history":[{"count":0,"href":"https:\/\/analyse.optim.biz\/index.php?rest_route=\/wp\/v2\/posts\/1051689\/revisions"}],"wp:attachment":[{"href":"https:\/\/analyse.optim.biz\/index.php?rest_route=%2Fwp%2Fv2%2Fmedia&parent=1051689"}],"wp:term":[{"taxonomy":"category","embeddable":true,"href":"https:\/\/analyse.optim.biz\/index.php?rest_route=%2Fwp%2Fv2%2Fcategories&post=1051689"},{"taxonomy":"post_tag","embeddable":true,"href":"https:\/\/analyse.optim.biz\/index.php?rest_route=%2Fwp%2Fv2%2Ftags&post=1051689"}],"curies":[{"name":"wp","href":"https:\/\/api.w.org\/{rel}","templated":true}]}}