{"id":1051421,"date":"2025-09-30T03:26:53","date_gmt":"2025-09-30T00:26:53","guid":{"rendered":"https:\/\/analyse.optim.biz\/?p=1051421"},"modified":"2025-09-30T03:26:53","modified_gmt":"2025-09-30T00:26:53","slug":"agenda-culturala-a-consiliului-judetean-timis-pentru-perioada-29-septembrie-5-octombrie","status":"publish","type":"post","link":"https:\/\/analyse.optim.biz\/?p=1051421","title":{"rendered":"Agenda cultural\u0103 a Consiliului Jude\u021bean Timi\u0219 pentru perioada 29 septembrie \u2013 5 octombrie"},"content":{"rendered":"<article id=\"template-id-172790\" class=\"post-172790 tdb_templates type-tdb_templates status-publish post\">\n<div id=\"tdi_38\" class=\"tdc-zone\">\n<div class=\"tdc_zone tdi_39  wpb_row td-pb-row\">\n<div id=\"tdi_40\" class=\"tdc-row stretch_row_1400 td-stretch-content\">\n<div class=\"vc_row tdi_41  wpb_row td-pb-row tdc-element-style\">\n<div class=\"vc_column tdi_43  wpb_column vc_column_container tdc-column td-pb-span8\">\n<div class=\"wpb_wrapper\">\n<div class=\"td_block_wrap tdb_single_categories tdi_44 td-pb-border-top td_block_template_1 \" data-td-block-uid=\"tdi_44\">\n<div class=\"tdb-category td-fix-index\"><a class=\"tdb-entry-category\" href=\"https:\/\/voceatimisului.ro\/stiri-din-timisoara-si-timis\/\">\u0218tiri<\/a><a class=\"tdb-entry-category\" href=\"https:\/\/voceatimisului.ro\/stiri-din-timisoara-si-timis\/cultura\/\">Cultur\u0103<\/a><\/div>\n<\/div>\n<div class=\"td_block_wrap tdb_title tdi_45 tdb-single-title td-pb-border-top td_block_template_1\" data-td-block-uid=\"tdi_45\">\n<div class=\"tdb-block-inner td-fix-index\">\n<h1 class=\"tdb-title-text\">Agenda cultural\u0103 a Consiliului Jude\u021bean Timi\u0219 pentru perioada 29 septembrie \u2013 5 octombrie<\/h1>\n<\/div>\n<\/div>\n<div class=\"td_block_wrap tdb_single_subtitle tdi_46 td-pb-border-top td_block_template_1\" data-td-block-uid=\"tdi_46\">\n<div class=\"tdb-block-inner td-fix-index\">\n<h2>Consiliul Jude\u021bean Timi\u0219 anun\u021b\u0103 o serie de evenimente culturale care se vor desf\u0103\u0219ura \u00een perioada 29 septembrie \u2013 5 octombrie, adresate publicului de toate v\u00e2rstele. Programul include expozi\u021bii de art\u0103, spectacole de teatru, lans\u0103ri de carte \u0219i concerte.<\/h2>\n<\/div>\n<\/div>\n<div class=\"vc_row_inner tdi_48  vc_row vc_inner wpb_row td-pb-row\">\n<div class=\"vc_column_inner tdi_50  wpb_column vc_column_container tdc-inner-column td-pb-span6\">\n<div class=\"vc_column-inner\">\n<div class=\"wpb_wrapper\">\n<div class=\"td_block_wrap tdb_single_author tdi_51 td-pb-border-top td_block_template_1 tdb-post-meta\" data-td-block-uid=\"tdi_51\">\n<div class=\"tdb-block-inner td-fix-index\">\n<div class=\"tdb-author-name-wrap\"><span class=\"tdb-author-by\">Autor-<\/span><a class=\"tdb-author-name\" href=\"https:\/\/voceatimisului.ro\/author\/ioana\/\">Ioana Danciu<\/a><\/div>\n<\/div>\n<\/div>\n<div class=\"td_block_wrap tdb_single_date tdi_52 td-pb-border-top td_block_template_1 tdb-post-meta\" data-td-block-uid=\"tdi_52\">\n<div class=\"tdb-block-inner td-fix-index\"><time class=\"entry-date updated td-module-date\" datetime=\"2025-09-30T06:26:53+03:00\">30 septembrie 2025<\/time><\/div>\n<\/div>\n<div class=\"td_block_wrap tdb_single_comments_count tdi_53 td-pb-border-top td_block_template_1 tdb-post-meta\" data-td-block-uid=\"tdi_53\">\n<div class=\"tdb-block-inner td-fix-index\"><a href=\"https:\/\/voceatimisului.ro\/agenda-culturala-a-consiliului-judetean-timis-pentru-perioada-29-septembrie-5-octombrie\/#respond\"><span>0<\/span><\/a><\/div>\n<\/div>\n<div class=\"td_block_wrap tdb_single_post_views tdi_54 td-pb-border-top td_block_template_1 tdb-post-meta\" data-td-block-uid=\"tdi_54\">\n<div class=\"tdb-block-inner td-fix-index\"><span class=\"tdb-add-text\">1<\/span><span class=\"td-nr-views-175277\">179<\/span><\/div>\n<\/div>\n<\/div>\n<\/div>\n<\/div>\n<div class=\"vc_column_inner tdi_56  wpb_column vc_column_container tdc-inner-column td-pb-span6\">\n<div class=\"vc_column-inner\">\n<div class=\"wpb_wrapper\">\n<div class=\"td_block_wrap tdb_single_post_share tdi_57  td-pb-border-top td_block_template_1\" data-td-block-uid=\"tdi_57\">\n<div id=\"tdi_57\" class=\"td-post-sharing tdb-block td-ps-bg td-ps-notext td-post-sharing-style1 \">\n<div class=\"td-post-sharing-visible\"><a class=\"td-social-sharing-button td-social-sharing-button-js td-social-network td-social-facebook\" href=\"https:\/\/www.facebook.com\/sharer.php?u=https%3A%2F%2Fvoceatimisului.ro%2Fagenda-culturala-a-consiliului-judetean-timis-pentru-perioada-29-septembrie-5-octombrie%2F\" title=\"Facebook\" rel=\"noopener\"><\/p>\n<div class=\"td-social-but-text\">Facebook<\/div>\n<p><\/a><a class=\"td-social-sharing-button td-social-sharing-button-js td-social-network td-social-twitter\" href=\"https:\/\/twitter.com\/intent\/tweet?text=Agenda+cultural%C4%83+a+Consiliului+Jude%C8%9Bean+Timi%C8%99+pentru+perioada+29+septembrie+%E2%80%93+5+octombrie&amp;url=https%3A%2F%2Fvoceatimisului.ro%2Fagenda-culturala-a-consiliului-judetean-timis-pentru-perioada-29-septembrie-5-octombrie%2F&amp;via=Vocea+Timisului\" title=\"Twitter\" rel=\"noopener\"><\/p>\n<div class=\"td-social-but-text\">Twitter<\/div>\n<p><\/a><a class=\"td-social-sharing-button td-social-sharing-button-js td-social-network td-social-pinterest\" href=\"https:\/\/pinterest.com\/pin\/create\/button\/?url=https:\/\/voceatimisului.ro\/agenda-culturala-a-consiliului-judetean-timis-pentru-perioada-29-septembrie-5-octombrie\/&amp;media=https:\/\/voceatimisului.ro\/wp-content\/uploads\/2025\/09\/agenda-culturala-a-consiliului-judetean-timis.webp&amp;description=Agenda+cultural%C4%83+a+Consiliului+Jude%C8%9Bean+Timi%C8%99+pentru+perioada+29+septembrie+%E2%80%93+5+octombrie\" title=\"Pinterest\" rel=\"noopener\"><\/p>\n<div class=\"td-social-but-text\">Pinterest<\/div>\n<p><\/a><a class=\"td-social-sharing-button td-social-sharing-button-js td-social-network td-social-whatsapp\" href=\"https:\/\/api.whatsapp.com\/send?text=Agenda+cultural%C4%83+a+Consiliului+Jude%C8%9Bean+Timi%C8%99+pentru+perioada+29+septembrie+%E2%80%93+5+octombrie%20%0A%0A%20https:\/\/voceatimisului.ro\/agenda-culturala-a-consiliului-judetean-timis-pentru-perioada-29-septembrie-5-octombrie\/\" title=\"WhatsApp\" rel=\"noopener\"><\/p>\n<div class=\"td-social-but-text\">WhatsApp<\/div>\n<p><\/a><a class=\"td-social-sharing-button td-social-sharing-button-js td-social-network td-social-linkedin\" href=\"https:\/\/www.linkedin.com\/shareArticle?mini=true&amp;url=https:\/\/voceatimisului.ro\/agenda-culturala-a-consiliului-judetean-timis-pentru-perioada-29-septembrie-5-octombrie\/&amp;title=Agenda+cultural%C4%83+a+Consiliului+Jude%C8%9Bean+Timi%C8%99+pentru+perioada+29+septembrie+%E2%80%93+5+octombrie\" title=\"Linkedin\" rel=\"noopener\"><\/p>\n<div class=\"td-social-but-text\">Linkedin<\/div>\n<p><\/a><a class=\"td-social-sharing-button td-social-sharing-button-js td-social-network td-social-copy_url\" href=\"https:\/\/voceatimisului.ro\/agenda-culturala-a-consiliului-judetean-timis-pentru-perioada-29-septembrie-5-octombrie\/\" title=\"Copy URL\" rel=\"noopener\"><\/p>\n<div class=\"td-social-but-text\">Copy URL<\/div>\n<p><\/a><\/div>\n<\/div>\n<\/div>\n<\/div>\n<\/div>\n<\/div>\n<\/div>\n<div class=\"td_block_wrap tdb_single_featured_image tdi_58 tdb-content-horiz-left td-pb-border-top td_block_template_1\" data-td-block-uid=\"tdi_58\">\n<div class=\"tdb-block-inner td-fix-index\">\n<figure><img fetchpriority=\"high\" decoding=\"async\" width=\"560\" height=\"318\" class=\"entry-thumb\" src=\"https:\/\/voceatimisului.ro\/wp-content\/uploads\/2025\/09\/agenda-culturala-a-consiliului-judetean-timis.webp\" alt=\"Agenda cultural\u0103 a Consiliului Jude\u021bean Timi\u0219\" title=\"Agenda cultural\u0103 a Consiliului Jude\u021bean Timi\u0219\" loading=\"eager\"><figcaption class=\"tdb-caption-text\">Agenda cultural\u0103 a Consiliului Jude\u021bean Timi\u0219<\/figcaption><\/figure>\n<\/div>\n<\/div>\n<div class=\"vc_row_inner tdi_60  vc_row vc_inner wpb_row td-pb-row\">\n<div class=\"vc_column_inner tdi_62  wpb_column vc_column_container tdc-inner-column td-pb-span4 td-is-sticky\">\n<div class=\"vc_column-inner\">\n<div class=\"wpb_wrapper\" data-sticky-enabled-on=\"W3RydWUsdHJ1ZSx0cnVlLHRydWVd\" data-sticky-offset=\"20\" data-sticky-is-width-auto=\"W2ZhbHNlLGZhbHNlLGZhbHNlLGZhbHNlXQ==\">\n<div class=\"td_block_wrap td_flex_block_1 tdi_63 td-pb-border-top td_block_template_1 td_ajax_preloading_preload td_flex_block\" data-td-block-uid=\"tdi_63\">\n<div id=\"tdi_63\" class=\"td_block_inner td-mc1-wrap\">\n<div class=\"td_module_flex td_module_flex_1 td_module_wrap td-animation-stack td-meta-info-hide td-cpt-post\">\n<div class=\"td-module-container td-category-pos-image\">\n<div class=\"td-module-meta-info\">\n<h3 class=\"entry-title td-module-title\"><a href=\"https:\/\/voceatimisului.ro\/oferta-culturala-a-consiliului-judetean-timis-in-perioada-8-14-decembrie\/\" rel=\"bookmark\" title=\"Oferta cultural\u0103 a Consiliului Jude\u021bean Timi\u0219 \u00een perioada 8-14 decembrie\">Oferta cultural\u0103 a Consiliului Jude\u021bean Timi\u0219 \u00een perioada 8-14 decembrie<\/a><\/h3>\n<\/div>\n<\/div>\n<\/div>\n<div class=\"td_module_flex td_module_flex_1 td_module_wrap td-animation-stack td-meta-info-hide td-cpt-post\">\n<div class=\"td-module-container td-category-pos-image\">\n<div class=\"td-module-meta-info\">\n<h3 class=\"entry-title td-module-title\"><a href=\"https:\/\/voceatimisului.ro\/consiliul-judetean-timis-a-anuntat-programul-evenimentelor-culturale-pentru-perioada-24-30-noiembrie-2025\/\" rel=\"bookmark\" title=\"Consiliul Jude\u021bean Timi\u0219 a anun\u021bat programul evenimentelor culturale pentru perioada 24\u201330 noiembrie 2025\">Consiliul Jude\u021bean Timi\u0219 a anun\u021bat programul evenimentelor culturale pentru perioada 24\u201330 noiembrie 2025<\/a><\/h3>\n<\/div>\n<\/div>\n<\/div>\n<div class=\"td_module_flex td_module_flex_1 td_module_wrap td-animation-stack td-meta-info-hide td-cpt-post\">\n<div class=\"td-module-container td-category-pos-image\">\n<div class=\"td-module-meta-info\">\n<h3 class=\"entry-title td-module-title\"><a href=\"https:\/\/voceatimisului.ro\/oferta-culturala-a-consiliului-judetean-timis-pentru-perioada-17-23-noiembrie\/\" rel=\"bookmark\" title=\"Oferta cultural\u0103 a Consiliului Jude\u021bean Timi\u0219 pentru perioada 17\u201323 noiembrie\">Oferta cultural\u0103 a Consiliului Jude\u021bean Timi\u0219 pentru perioada 17\u201323 noiembrie<\/a><\/h3>\n<\/div>\n<\/div>\n<\/div>\n<div class=\"td_module_flex td_module_flex_1 td_module_wrap td-animation-stack td-meta-info-hide td-cpt-post\">\n<div class=\"td-module-container td-category-pos-image\">\n<div class=\"td-module-meta-info\">\n<h3 class=\"entry-title td-module-title\"><a href=\"https:\/\/voceatimisului.ro\/agenda-culturala-a-judetului-timis-pentru-perioada-10-16-noiembrie\/\" rel=\"bookmark\" title=\"Agenda cultural\u0103 a jude\u021bului Timi\u0219 pentru perioada 10\u201316 noiembrie\">Agenda cultural\u0103 a jude\u021bului Timi\u0219 pentru perioada 10\u201316 noiembrie<\/a><\/h3>\n<\/div>\n<\/div>\n<\/div>\n<\/div>\n<\/div>\n<div class=\"tdb-author-box td_block_wrap tdb_single_author_box tdi_68 tdb-content-vert-top td-pb-border-top td_block_template_1\" data-td-block-uid=\"tdi_68\">\n<div class=\"tdb-block-inner td-fix-index\">\n<div class=\"tdb-author-info\"><a href=\"https:\/\/voceatimisului.ro\/author\/ioana\/\" class=\"tdb-author-name\">Ioana Danciu<\/a><\/p>\n<div class=\"tdb-author-descr\">\u00centreaga responsabilitate a comentariilor l\u0103sate de dumneavoastr\u0103 v\u0103 apar\u021bine!<br \/>\nClick <a href=\"https:\/\/voceatimisului.ro\/termeni-si-conditii\/\">aici<\/a>-citeste condi\u0163iile de utilizare ale site-ului www.voceatimisului.ro<\/div>\n<\/div>\n<\/div>\n<\/div>\n<\/div>\n<\/div>\n<\/div>\n<div class=\"vc_column_inner tdi_70  wpb_column vc_column_container tdc-inner-column td-pb-span8\">\n<div class=\"vc_column-inner\">\n<div class=\"wpb_wrapper\">\n<div class=\"td_block_wrap tdb_single_content tdi_71 td-pb-border-top td_block_template_1 td-post-content tagdiv-type\" data-td-block-uid=\"tdi_71\">\n<div class=\"tdb-block-inner td-fix-index\">\n<h3 class=\"wp-block-heading\">La Centrul Multifunc\u021bional Bastion va fi deschis\u0103 expozi\u021bia \u201eArta ca proces\u201d, organizat\u0103 de Asocia\u021bia Arti\u0219tilor Plastici \u201eRomul Ladea\u201d, care reune\u0219te arti\u0219ti din diverse domenii \u0219i propune o perspectiv\u0103 asupra procesului de crea\u021bie.<\/h3>\n<p>Festivalul Interna\u021bional de Anima\u021bie, edi\u021bia a X-a, continu\u0103 la Teatrul pentru Copii \u0219i Tineret \u201eMerlin\u201d. Programul cuprinde spectacole dedicate mai multor categorii de v\u00e2rst\u0103, de la produc\u021bii pentru copii mici, p\u00e2n\u0103 la reprezenta\u021bii pentru adolescen\u021bi \u0219i publicul larg. \u00cen cadrul festivalului sunt programate \u0219i dou\u0103 lans\u0103ri de carte.<\/p>\n<p>Muzeul Na\u021bional al Banatului propune vizitatorilor expozi\u021bii permanente \u0219i temporare, printre care \u201eIstoria militar\u0103 a Banatului\u201d, \u201eSpa\u021biile Oravitzan\u201d \u0219i \u201eG\u0103r\u00e2na 2025 \u2013 Atelier de crea\u021bie\u201d.<\/p>\n<p>Muzeul Na\u021bional de Art\u0103 Timi\u0219oara continu\u0103 seria expozi\u021biilor deschise publicului, \u00eentre care se num\u0103r\u0103 \u201eUtopie \u0219i cercetare. Grupurile experimentale timi\u0219orene 111 \u0219i Sigma (1966-1981)\u201d, \u201eChroma\u201d, \u201eMezzotinta\u201d \u0219i colec\u021biile permanente de art\u0103 b\u0103n\u0103\u021bean\u0103, rom\u00e2neasc\u0103 \u0219i european\u0103.<\/p>\n<p>La Muzeul Satului B\u0103n\u0103\u021bean Timi\u0219oara pot fi vizitate expozi\u021bia \u201eBanatul Habsburgic. Restituiri istorice\u201d, expozi\u021bia \u00een aer liber \u0219i obiectivul \u201eCasa Na\u021bional\u0103\u201d.<\/p>\n<p><a href=\"https:\/\/www.cjtimis.ro\/comunicate-de-presa\/oferta-culturala-a-consiliului-judetean-pentru-perioada-29-septembrie-5-octombrie\/?fbclid=IwY2xjawNIK7ZleHRuA2FlbQIxMABicmlkETFYVTc0VkQ4b0I1czROejc0AR4_cDu4eaKF_Enc3sxOpgtFSmShqeflZ02HiTGmmZ49C6OVbsdmOwDftjFFYg_aem_x4pzXmFluDOsGJEuQlv4ZA\" target=\"_blank\" rel=\"noreferrer noopener\">Programul complet al evenimentelor <\/a>poate fi consultat pe site-urile \u0219i la sediile institu\u021biilor culturale organizatoare.<\/p>\n<\/div>\n<\/div>\n<div class=\"td_block_wrap tdb_single_tags tdi_74 td-pb-border-top td_block_template_1\" data-td-block-uid=\"tdi_74\">\n<div class=\"tdb-block-inner td-fix-index\">\n<ul class=\"tdb-tags\">\n<li><span>Tags<\/span><\/li>\n<li><a href=\"https:\/\/voceatimisului.ro\/tag\/agenda-culturala\/\">agenda culturala<\/a><\/li>\n<li><a href=\"https:\/\/voceatimisului.ro\/tag\/bastion-by-merlin\/\">Bastion by Merlin<\/a><\/li>\n<li><a href=\"https:\/\/voceatimisului.ro\/tag\/bastionul-theresia\/\">bastionul Theresia<\/a><\/li>\n<li><a href=\"https:\/\/voceatimisului.ro\/tag\/consiliul-judetean-timis-2\/\">consiliul jude\u0163ean timi\u015f<\/a><\/li>\n<\/ul>\n<\/div>\n<\/div>\n<div class=\"td_block_wrap tdb_single_post_share tdi_75  td-pb-border-top td_block_template_1\" data-td-block-uid=\"tdi_75\">\n<div id=\"tdi_75\" class=\"td-post-sharing tdb-block td-ps-bg td-ps-notext td-post-sharing-style1 \">\n<div class=\"td-post-sharing-visible\"><a class=\"td-social-sharing-button td-social-sharing-button-js td-social-network td-social-facebook\" href=\"https:\/\/www.facebook.com\/sharer.php?u=https%3A%2F%2Fvoceatimisului.ro%2Fagenda-culturala-a-consiliului-judetean-timis-pentru-perioada-29-septembrie-5-octombrie%2F\" title=\"Facebook\" rel=\"noopener\"><\/p>\n<div class=\"td-social-but-text\">Facebook<\/div>\n<p><\/a><a class=\"td-social-sharing-button td-social-sharing-button-js td-social-network td-social-twitter\" href=\"https:\/\/twitter.com\/intent\/tweet?text=Agenda+cultural%C4%83+a+Consiliului+Jude%C8%9Bean+Timi%C8%99+pentru+perioada+29+septembrie+%E2%80%93+5+octombrie&amp;url=https%3A%2F%2Fvoceatimisului.ro%2Fagenda-culturala-a-consiliului-judetean-timis-pentru-perioada-29-septembrie-5-octombrie%2F&amp;via=Vocea+Timisului\" title=\"Twitter\" rel=\"noopener\"><\/p>\n<div class=\"td-social-but-text\">Twitter<\/div>\n<p><\/a><a class=\"td-social-sharing-button td-social-sharing-button-js td-social-network td-social-pinterest\" href=\"https:\/\/pinterest.com\/pin\/create\/button\/?url=https:\/\/voceatimisului.ro\/agenda-culturala-a-consiliului-judetean-timis-pentru-perioada-29-septembrie-5-octombrie\/&amp;media=https:\/\/voceatimisului.ro\/wp-content\/uploads\/2025\/09\/agenda-culturala-a-consiliului-judetean-timis.webp&amp;description=Agenda+cultural%C4%83+a+Consiliului+Jude%C8%9Bean+Timi%C8%99+pentru+perioada+29+septembrie+%E2%80%93+5+octombrie\" title=\"Pinterest\" rel=\"noopener\"><\/p>\n<div class=\"td-social-but-text\">Pinterest<\/div>\n<p><\/a><a class=\"td-social-sharing-button td-social-sharing-button-js td-social-network td-social-whatsapp\" href=\"https:\/\/api.whatsapp.com\/send?text=Agenda+cultural%C4%83+a+Consiliului+Jude%C8%9Bean+Timi%C8%99+pentru+perioada+29+septembrie+%E2%80%93+5+octombrie%20%0A%0A%20https:\/\/voceatimisului.ro\/agenda-culturala-a-consiliului-judetean-timis-pentru-perioada-29-septembrie-5-octombrie\/\" title=\"WhatsApp\" rel=\"noopener\"><\/p>\n<div class=\"td-social-but-text\">WhatsApp<\/div>\n<p><\/a><a class=\"td-social-sharing-button td-social-sharing-button-js td-social-network td-social-linkedin\" href=\"https:\/\/www.linkedin.com\/shareArticle?mini=true&amp;url=https:\/\/voceatimisului.ro\/agenda-culturala-a-consiliului-judetean-timis-pentru-perioada-29-septembrie-5-octombrie\/&amp;title=Agenda+cultural%C4%83+a+Consiliului+Jude%C8%9Bean+Timi%C8%99+pentru+perioada+29+septembrie+%E2%80%93+5+octombrie\" title=\"Linkedin\" rel=\"noopener\"><\/p>\n<div class=\"td-social-but-text\">Linkedin<\/div>\n<p><\/a><a class=\"td-social-sharing-button td-social-sharing-button-js td-social-network td-social-copy_url\" href=\"https:\/\/voceatimisului.ro\/agenda-culturala-a-consiliului-judetean-timis-pentru-perioada-29-septembrie-5-octombrie\/\" title=\"Copy URL\" rel=\"noopener\"><\/p>\n<div class=\"td-social-but-text\">Copy URL<\/div>\n<p><\/a><\/div>\n<\/div>\n<\/div>\n<div class=\"td_block_wrap tdb_single_next_prev tdi_76 td-animation-stack td-next-prev-img-on td-pb-border-top td_block_template_1\" data-td-block-uid=\"tdi_76\">\n<div class=\"tdb-block-inner td-fix-index\">\n<div class=\"tdb-next-post tdb-next-post-bg tdb-post-prev\"><span>Articolul precedent<\/span><\/p>\n<div class=\"td-module-container\">\n<div class=\"td-image-container\"><a class=\"td-image-wrap\" href=\"https:\/\/voceatimisului.ro\/primaria-ghiroda-lanseaza-puz-tineri-2025-sansa-reala-pentru-tinerii-din-comuna\/\"><img loading=\"lazy\" decoding=\"async\" class=\"td-next-prev-image td-fix-index td-lazy-img\" title=\"Prim\u0103ria Ghiroda lanseaz\u0103 PUZ Tineri 2025: \u0219ans\u0103 real\u0103 pentru tinerii din comun\u0103\" width=\"696\" height=\"584\" src=\"https:\/\/voceatimisului.ro\/wp-content\/uploads\/2025\/09\/puz-tineri-2025-696x584.webp\"><\/a><\/div>\n<div class=\"next-prev-title\"><a href=\"https:\/\/voceatimisului.ro\/primaria-ghiroda-lanseaza-puz-tineri-2025-sansa-reala-pentru-tinerii-din-comuna\/\">Prim\u0103ria Ghiroda lanseaz\u0103 PUZ Tineri 2025: \u0219ans\u0103 real\u0103 pentru tinerii din comun\u0103<\/a><\/div>\n<\/div>\n<\/div>\n<div class=\"tdb-next-post tdb-next-post-bg tdb-post-next\"><span>Articolul urm\u0103tor<\/span><\/p>\n<div class=\"td-module-container\">\n<div class=\"td-image-container\"><a class=\"td-image-wrap\" href=\"https:\/\/voceatimisului.ro\/banatul-prezent-la-world-gastronomy-summit-de-la-barcelona\/\"><img loading=\"lazy\" decoding=\"async\" class=\"td-next-prev-image td-fix-index td-lazy-img\" title=\"Banatul, prezent la World Gastronomy Summit de la Barcelona\" width=\"696\" height=\"490\" src=\"https:\/\/voceatimisului.ro\/wp-content\/uploads\/2025\/09\/world-gastronomy-summit-1-696x490.webp\"><\/a><\/div>\n<div class=\"next-prev-title\"><a href=\"https:\/\/voceatimisului.ro\/banatul-prezent-la-world-gastronomy-summit-de-la-barcelona\/\">Banatul, prezent la World Gastronomy Summit de la Barcelona<\/a><\/div>\n<\/div>\n<\/div>\n<\/div>\n<\/div>\n<\/div>\n<\/div>\n<\/div>\n<\/div>\n<div class=\"vc_row_inner tdi_86  vc_row vc_inner wpb_row td-pb-row\">\n<div class=\"vc_column_inner tdi_88  wpb_column vc_column_container tdc-inner-column td-pb-span4 td-is-sticky\">\n<div class=\"vc_column-inner\">\n<div class=\"wpb_wrapper\" data-sticky-enabled-on=\"W3RydWUsdHJ1ZSx0cnVlLHRydWVd\" data-sticky-offset=\"20\" data-sticky-is-width-auto=\"W2ZhbHNlLGZhbHNlLGZhbHNlLGZhbHNlXQ==\">\n<div class=\"td_block_wrap tdb_single_related tdi_89 td_with_ajax_pagination td-pb-border-top td_block_template_1 tdb-single-related-posts\" data-td-block-uid=\"tdi_89\">\n<div id=\"tdi_89\" class=\"td_block_inner tdb-block-inner td-fix-index\">\n<div class=\"tdb_module_related td_module_wrap td-animation-stack td-meta-info-hide\">\n<div class=\"td-module-container td-category-pos-image\">\n<div class=\"td-module-meta-info\">\n<h3 class=\"entry-title td-module-title\"><a href=\"https:\/\/voceatimisului.ro\/ce-poti-vedea-saptamana-aceasta-in-timisoara-evenimente-culturale-organizate-de-consiliul-judetean-timis\/\" rel=\"bookmark\" title=\"Ce po\u021bi vedea s\u0103pt\u0103m\u00e2na aceasta \u00een Timi\u0219oara: evenimente culturale organizate de Consiliul Jude\u021bean Timi\u0219\">Ce po\u021bi vedea s\u0103pt\u0103m\u00e2na aceasta \u00een Timi\u0219oara: evenimente culturale organizate de Consiliul Jude\u021bean Timi\u0219<\/a><\/h3>\n<\/div>\n<\/div>\n<\/div>\n<div class=\"tdb_module_related td_module_wrap td-animation-stack td-meta-info-hide\">\n<div class=\"td-module-container td-category-pos-image\">\n<div class=\"td-module-meta-info\">\n<h3 class=\"entry-title td-module-title\"><a href=\"https:\/\/voceatimisului.ro\/agenda-culturala-a-saptamanii-in-timisoara-arta-muzica-si-spectacole-pentru-toate-varstele\/\" rel=\"bookmark\" title=\"Agenda cultural\u0103 a s\u0103pt\u0103m\u00e2nii \u00een Timi\u0219oara: art\u0103, muzic\u0103 \u0219i spectacole pentru toate v\u00e2rstele\">Agenda cultural\u0103 a s\u0103pt\u0103m\u00e2nii \u00een Timi\u0219oara: art\u0103, muzic\u0103 \u0219i spectacole pentru toate v\u00e2rstele<\/a><\/h3>\n<\/div>\n<\/div>\n<\/div>\n<div class=\"tdb_module_related td_module_wrap td-animation-stack td-meta-info-hide\">\n<div class=\"td-module-container td-category-pos-image\">\n<div class=\"td-module-meta-info\">\n<h3 class=\"entry-title td-module-title\"><a href=\"https:\/\/voceatimisului.ro\/timisoara-o-saptamana-plina-de-cultura-expozitii-spectacole-si-literatura-sub-semnul-realitatii-si-al-fictiunii\/\" rel=\"bookmark\" title=\"Timi\u0219oara, o s\u0103pt\u0103m\u00e2n\u0103 plin\u0103 de cultur\u0103. Expozi\u021bii, spectacole \u0219i literatur\u0103 sub semnul realit\u0103\u021bii \u0219i al fic\u021biunii\">Timi\u0219oara, o s\u0103pt\u0103m\u00e2n\u0103 plin\u0103 de cultur\u0103. Expozi\u021bii, spectacole \u0219i literatur\u0103 sub semnul realit\u0103\u021bii \u0219i al fic\u021biunii<\/a><\/h3>\n<\/div>\n<\/div>\n<\/div>\n<\/div>\n<\/div>\n<\/div>\n<\/div>\n<\/div>\n<div class=\"vc_column_inner tdi_91  wpb_column vc_column_container tdc-inner-column td-pb-span8\">\n<div class=\"vc_column-inner\">\n<div class=\"wpb_wrapper\">\n<div class=\"td_block_wrap tdb_single_comments tdi_92 tdb-comm-layout2 td-pb-border-top td_block_template_2\" data-td-block-uid=\"tdi_92\">\n<div class=\"tdb-block-inner td-fix-index\">\n<div class=\"comments\" id=\"comments\">\n<div id=\"respond\" class=\"comment-respond\">\n<h3 id=\"reply-title\" class=\"comment-reply-title\">L\u0102SA\u021aI UN MESAJ <small><a rel=\"nofollow\" id=\"cancel-comment-reply-link\" href=\"https:\/\/voceatimisului.ro\/agenda-culturala-a-consiliului-judetean-timis-pentru-perioada-29-septembrie-5-octombrie\/#respond\">Renun\u021ba\u021bi la r\u0103spuns<\/a><\/small><\/h3>\n<div class=\"comment-form-input-wrap td-form-comment\">\n<div class=\"td-warning-comment\">V\u0103 rug\u0103m s\u0103 introduce\u021bi comentariul dvs.!<\/div>\n<\/div>\n<div class=\"comment-form-input-wrap td-form-author\">\n<div class=\"td-warning-author\">Introduce\u021bi aici numele dvs.<\/div>\n<\/div>\n<div class=\"comment-form-input-wrap td-form-email\">\n<div class=\"td-warning-email-error\">A\u021bi introdus o adres\u0103 de e-mail incorect\u0103!<\/div>\n<div class=\"td-warning-email\">V\u0103 rug\u0103m s\u0103 introduce\u021bi adresa dvs. de e-mail aici<\/div>\n<\/div>\n<\/div>\n<\/div>\n<\/div>\n<\/div>\n<\/div>\n<\/div>\n<\/div>\n<\/div>\n<\/div>\n<\/div>\n<div class=\"vc_column tdi_94  wpb_column vc_column_container tdc-column td-pb-span4 td-is-sticky\">\n<div class=\"wpb_wrapper\" data-sticky-enabled-on=\"W3RydWUsdHJ1ZSx0cnVlLHRydWVd\" data-sticky-offset=\"20\" data-sticky-is-width-auto=\"W2ZhbHNlLGZhbHNlLGZhbHNlLGZhbHNlXQ==\">\n<div class=\"vc_row_inner tdi_96  vc_row vc_inner wpb_row td-pb-row\">\n<div class=\"vc_column_inner tdi_98  wpb_column vc_column_container tdc-inner-column td-pb-span12\">\n<div class=\"vc_column-inner\">\n<div class=\"wpb_wrapper\">\n<div class=\"td_block_wrap td_block_title tdi_99 td-pb-border-top td_block_template_11 td-fix-index\" data-td-block-uid=\"tdi_99\">\n<div class=\"td-block-title-wrap\">\n<h4 class=\"td-block-title\"><span class=\"td-pulldown-size\">ANUN\u021aURI \u0218I PUBLICITATE<\/span><\/h4>\n<\/div>\n<\/div>\n<\/div>\n<\/div>\n<\/div>\n<\/div>\n<div class=\"wpb_wrapper td_block_wrap vc_widget_sidebar tdi_101 \">\n<aside id=\"block-10\" class=\"td_block_template_1 widget block-10 widget_block widget_media_image\">\n<figure class=\"wp-block-image size-full\"><a href=\"https:\/\/adpghiroda.ro\/index.html\" target=\"_blank\" rel=\" noreferrer noopener\"><img decoding=\"async\" loading=\"eager\" width=\"960\" height=\"960\" src=\"https:\/\/voceatimisului.ro\/wp-content\/uploads\/2025\/03\/ADP-Ghiroda2.jpg\" alt class=\"wp-image-171492\"><\/a><\/figure>\n<\/aside>\n<aside id=\"block-11\" class=\"td_block_template_1 widget block-11 widget_block widget_media_image\">\n<figure class=\"wp-block-image size-full\"><a href=\"https:\/\/adpghiroda.ro\/index.html\" target=\"_blank\" rel=\" noreferrer noopener\"><img decoding=\"async\" loading=\"eager\" width=\"960\" height=\"960\" src=\"https:\/\/voceatimisului.ro\/wp-content\/uploads\/2025\/03\/ADP-Ghiroda1.jpg\" alt class=\"wp-image-171491\"><\/a><\/figure>\n<\/aside>\n<aside id=\"block-17\" class=\"td_block_template_1 widget block-17 widget_block widget_media_image\">\n<figure class=\"wp-block-image size-large is-resized\"><a href=\"https:\/\/verde.events\/\" target=\"_blank\" rel=\" noreferrer noopener\"><img decoding=\"async\" loading=\"lazy\" width=\"1024\" height=\"683\" src=\"https:\/\/voceatimisului.ro\/wp-content\/uploads\/2025\/08\/Verde-Events-24-1024x683.jpg\" alt=\"Verde Events\" class=\"wp-image-174395\"><\/a><figcaption class=\"wp-element-caption\"><strong><em>O experien\u021b\u0103 unic\u0103 pentru orice tip de eveniment<\/em><\/strong><\/figcaption><\/figure>\n<\/aside>\n<\/div>\n<div class=\"td_block_wrap td_flex_block_1 tdi_107 td-pb-border-top td_block_template_1 td_ajax_preloading_preload td_flex_block\" data-td-block-uid=\"tdi_107\">\n<div id=\"tdi_107\" class=\"td_block_inner td-mc1-wrap\">\n<div class=\"td_module_flex td_module_flex_1 td_module_wrap td-animation-stack td-meta-info-hide td-cpt-post\">\n<div class=\"td-module-container td-category-pos-image\">\n<div class=\"td-module-meta-info\">\n<h3 class=\"entry-title td-module-title\"><a href=\"https:\/\/voceatimisului.ro\/evenimente-culturale-in-timis-festival-de-folclor-teatru-pentru-copii-si-concerte-gratuite-la-bastion\/\" rel=\"bookmark\" title=\"Evenimente culturale \u00een Timi\u0219: festival de folclor, teatru pentru copii \u0219i concerte gratuite la Bastion\">Evenimente culturale \u00een Timi\u0219: festival de folclor, teatru pentru copii \u0219i concerte gratuite la Bastion<\/a><\/h3>\n<\/div>\n<\/div>\n<\/div>\n<div class=\"td_module_flex td_module_flex_1 td_module_wrap td-animation-stack td-meta-info-hide td-cpt-post\">\n<div class=\"td-module-container td-category-pos-image\">\n<div class=\"td-module-meta-info\">\n<h3 class=\"entry-title td-module-title\"><a href=\"https:\/\/voceatimisului.ro\/agenda-culturala-a-saptamanii-22-28-septembrie-la-timisoara\/\" rel=\"bookmark\" title=\"Agenda cultural\u0103 a s\u0103pt\u0103m\u00e2nii 22\u201328 septembrie, la Timi\u0219oara\">Agenda cultural\u0103 a s\u0103pt\u0103m\u00e2nii 22\u201328 septembrie, la Timi\u0219oara<\/a><\/h3>\n<\/div>\n<\/div>\n<\/div>\n<div class=\"td_module_flex td_module_flex_1 td_module_wrap td-animation-stack td-meta-info-hide td-cpt-post\">\n<div class=\"td-module-container td-category-pos-image\">\n<div class=\"td-module-meta-info\">\n<h3 class=\"entry-title td-module-title\"><a href=\"https:\/\/voceatimisului.ro\/evenimente-culturale-organizate-de-consiliul-judetean-timis-in-perioada-15-21-septembrie\/\" rel=\"bookmark\" title=\"Evenimente culturale organizate de Consiliul Jude\u021bean Timi\u0219 \u00een perioada 15 \u2013 21 septembrie\">Evenimente culturale organizate de Consiliul Jude\u021bean Timi\u0219 \u00een perioada 15 \u2013 21 septembrie<\/a><\/h3>\n<\/div>\n<\/div>\n<\/div>\n<div class=\"td_module_flex td_module_flex_1 td_module_wrap td-animation-stack td-meta-info-hide td-cpt-post\">\n<div class=\"td-module-container td-category-pos-image\">\n<div class=\"td-module-meta-info\">\n<h3 class=\"entry-title td-module-title\"><a href=\"https:\/\/voceatimisului.ro\/concerte-gratuite-la-bastionul-theresia-berlin-division-si-van-der-cris-in-weekend\/\" rel=\"bookmark\" title=\"Concerte gratuite la Bastionul Theresia: Berlin Division \u0219i Van der Cris \u00een weekend\">Concerte gratuite la Bastionul Theresia: Berlin Division \u0219i Van der Cris \u00een weekend<\/a><\/h3>\n<\/div>\n<\/div>\n<\/div>\n<div class=\"td_module_flex td_module_flex_1 td_module_wrap td-animation-stack td-meta-info-hide td-cpt-post\">\n<div class=\"td-module-container td-category-pos-image\">\n<div class=\"td-module-meta-info\">\n<h3 class=\"entry-title td-module-title\"><a href=\"https:\/\/voceatimisului.ro\/agenda-culturala-a-saptamanii-in-timis-expozitii-lansari-de-carte-si-concerte-la-bastion\/\" rel=\"bookmark\" title=\"Agenda cultural\u0103 a s\u0103pt\u0103m\u00e2nii \u00een Timi\u0219: expozi\u021bii, lans\u0103ri de carte \u0219i concerte la Bastion\">Agenda cultural\u0103 a s\u0103pt\u0103m\u00e2nii \u00een Timi\u0219: expozi\u021bii, lans\u0103ri de carte \u0219i concerte la Bastion<\/a><\/h3>\n<\/div>\n<\/div>\n<\/div>\n<\/div>\n<\/div>\n<\/div>\n<\/div>\n<\/div>\n<\/div>\n<\/div>\n<\/div>\n<p><span class=\"td-page-meta\"><\/span><span class=\"td-page-meta\"><span class=\"td-page-meta\"><\/span><\/span><span class=\"td-page-meta\"><\/span><\/article>\n<p> Source URL: https:\/\/voceatimisului.ro\/agenda-culturala-a-consiliului-judetean-timis-pentru-perioada-29-septembrie-5-octombrie\/<\/p>\n","protected":false},"excerpt":{"rendered":"<p>\u0218tiriCultur\u0103 Agenda cultural\u0103 a Consiliului Jude\u021bean Timi\u0219 pentru perioada 29 septembrie \u2013 5 octombrie Consiliul Jude\u021bean Timi\u0219 anun\u021b\u0103 o serie de evenimente culturale care se vor desf\u0103\u0219ura \u00een perioada 29 septembrie \u2013 5 octombrie, adresate publicului de toate v\u00e2rstele. Programul include expozi\u021bii de art\u0103, spectacole de teatru, lans\u0103ri de carte \u0219i concerte. Autor-Ioana Danciu 30 [&hellip;]<\/p>\n","protected":false},"author":1,"featured_media":0,"comment_status":"open","ping_status":"","sticky":false,"template":"","format":"standard","meta":{"footnotes":""},"categories":[89],"tags":[199],"class_list":["post-1051421","post","type-post","status-publish","format-standard","hentry","category-romania","tag-voceatimisului-ro"],"_links":{"self":[{"href":"https:\/\/analyse.optim.biz\/index.php?rest_route=\/wp\/v2\/posts\/1051421","targetHints":{"allow":["GET"]}}],"collection":[{"href":"https:\/\/analyse.optim.biz\/index.php?rest_route=\/wp\/v2\/posts"}],"about":[{"href":"https:\/\/analyse.optim.biz\/index.php?rest_route=\/wp\/v2\/types\/post"}],"author":[{"embeddable":true,"href":"https:\/\/analyse.optim.biz\/index.php?rest_route=\/wp\/v2\/users\/1"}],"replies":[{"embeddable":true,"href":"https:\/\/analyse.optim.biz\/index.php?rest_route=%2Fwp%2Fv2%2Fcomments&post=1051421"}],"version-history":[{"count":0,"href":"https:\/\/analyse.optim.biz\/index.php?rest_route=\/wp\/v2\/posts\/1051421\/revisions"}],"wp:attachment":[{"href":"https:\/\/analyse.optim.biz\/index.php?rest_route=%2Fwp%2Fv2%2Fmedia&parent=1051421"}],"wp:term":[{"taxonomy":"category","embeddable":true,"href":"https:\/\/analyse.optim.biz\/index.php?rest_route=%2Fwp%2Fv2%2Fcategories&post=1051421"},{"taxonomy":"post_tag","embeddable":true,"href":"https:\/\/analyse.optim.biz\/index.php?rest_route=%2Fwp%2Fv2%2Ftags&post=1051421"}],"curies":[{"name":"wp","href":"https:\/\/api.w.org\/{rel}","templated":true}]}}