{"id":1050593,"date":"2025-12-13T10:52:23","date_gmt":"2025-12-13T07:52:23","guid":{"rendered":"https:\/\/analyse.optim.biz\/?p=1050593"},"modified":"2025-12-13T10:52:23","modified_gmt":"2025-12-13T07:52:23","slug":"mirela-adomnicai-candidatul-psd-pentru-primaria-sucevei","status":"publish","type":"post","link":"https:\/\/analyse.optim.biz\/?p=1050593","title":{"rendered":"Mirela Adomnic\u0103i, candidatul PSD pentru Prim\u0103ria Sucevei"},"content":{"rendered":"<div class=\"entry-content\">\n<p><img decoding=\"async\" loading=\"lazy\" class=\"alignright size-medium wp-image-302829\" src=\"https:\/\/suceavanews.ro\/wp-content\/uploads\/2020\/03\/mirela-adomnicai-300x188.jpg\" alt=\"\" width=\"300\" height=\"188\">\u00cen cadrul Biroului Permanent al organiza\u021biei municipale a PSD Suceava, s-a decis sus\u021binerea fostului prefect Mirela Adomnic\u0103i \u00een competi\u021bia pentru func\u021bia de primar al Sucevei.<br \/>\nPotrivit reprezentan\u021bilor PSD, desemnarea\u00a0 s-a f\u0103cut at\u00e2t pe baza rezultatelor unui sondaj de opinie comandat de PSD, care a dat-o ca fiind persoana cu cele mai mari \u0219anse pentru ob\u021binerea unui mandat de primar \u00een fa\u021ba actualului edil, c\u00e2t \u0219i \u00een urma discu\u021biilor din cadrul organiza\u021biei unde s-a ajuns la concluzia c\u0103 datorit<span class=\"text_exposed_show\">\u0103 experien\u021bei politice \u0219i administrative avute, este cea mai potrivit\u0103 persoan\u0103 pentru a intra \u00een aceast\u0103 competi\u021bie electoral\u0103.<\/span><\/p>\n<p><em><strong>\u201eDrept urmare, PSD Suceava vine \u00een fa\u021ba aleg\u0103torilor cu un profesionist, cu un om care a dovedit de-a lungul timpului calit\u0103\u021bi manageriale de necontestat \u0219i cu o real\u0103 experien\u021b\u0103 administrativ\u0103 \u00een spate<span class=\"_5mfr\"><span class=\"_6qdm\">\u203c\ufe0f<\/span><\/span>Este timpul ca acest ora\u0219, re\u0219edin\u021b\u0103 de jude\u021b, s\u0103 cunoasc\u0103 o transformare \u00een bine \u0219i acest lucru poate fi f\u0103cut dac\u0103 \u00een fruntea administra\u021biei publice locale vine un om cu experien\u021ba Mirelei Adomnic\u0103i<\/strong><\/em>.\u201d, se arat\u0103 \u00eentr-o informare a PSD.<\/p>\n<\/div>\n","protected":false},"excerpt":{"rendered":"<p>\u00cen cadrul Biroului Permanent al organiza\u021biei municipale a PSD Suceava, s-a decis sus\u021binerea fostului prefect Mirela Adomnic\u0103i \u00een competi\u021bia pentru func\u021bia de primar al Sucevei. Potrivit reprezentan\u021bilor PSD, desemnarea\u00a0 s-a f\u0103cut at\u00e2t pe baza rezultatelor unui sondaj de opinie comandat de PSD, care a dat-o ca fiind persoana cu cele mai mari \u0219anse pentru ob\u021binerea [&hellip;]<\/p>\n","protected":false},"author":1,"featured_media":0,"comment_status":"open","ping_status":"","sticky":false,"template":"","format":"standard","meta":{"footnotes":""},"categories":[89],"tags":[174],"class_list":["post-1050593","post","type-post","status-publish","format-standard","hentry","category-romania","tag-suceavanews-ro"],"_links":{"self":[{"href":"https:\/\/analyse.optim.biz\/index.php?rest_route=\/wp\/v2\/posts\/1050593","targetHints":{"allow":["GET"]}}],"collection":[{"href":"https:\/\/analyse.optim.biz\/index.php?rest_route=\/wp\/v2\/posts"}],"about":[{"href":"https:\/\/analyse.optim.biz\/index.php?rest_route=\/wp\/v2\/types\/post"}],"author":[{"embeddable":true,"href":"https:\/\/analyse.optim.biz\/index.php?rest_route=\/wp\/v2\/users\/1"}],"replies":[{"embeddable":true,"href":"https:\/\/analyse.optim.biz\/index.php?rest_route=%2Fwp%2Fv2%2Fcomments&post=1050593"}],"version-history":[{"count":0,"href":"https:\/\/analyse.optim.biz\/index.php?rest_route=\/wp\/v2\/posts\/1050593\/revisions"}],"wp:attachment":[{"href":"https:\/\/analyse.optim.biz\/index.php?rest_route=%2Fwp%2Fv2%2Fmedia&parent=1050593"}],"wp:term":[{"taxonomy":"category","embeddable":true,"href":"https:\/\/analyse.optim.biz\/index.php?rest_route=%2Fwp%2Fv2%2Fcategories&post=1050593"},{"taxonomy":"post_tag","embeddable":true,"href":"https:\/\/analyse.optim.biz\/index.php?rest_route=%2Fwp%2Fv2%2Ftags&post=1050593"}],"curies":[{"name":"wp","href":"https:\/\/api.w.org\/{rel}","templated":true}]}}