{"id":1050591,"date":"2025-12-13T10:52:01","date_gmt":"2025-12-13T07:52:01","guid":{"rendered":"https:\/\/analyse.optim.biz\/?p=1050591"},"modified":"2025-12-13T10:52:01","modified_gmt":"2025-12-13T07:52:01","slug":"premierul-florin-citu-ajunge-vineri-la-suceava-ce-program-are-premierul","status":"publish","type":"post","link":"https:\/\/analyse.optim.biz\/?p=1050591","title":{"rendered":"Premierul Florin C\u00ee\u021bu ajunge, vineri, la Suceava. Ce program are premierul!"},"content":{"rendered":"<div class=\"entry-content\">\n<p><img decoding=\"async\" loading=\"lazy\" class=\"alignright size-medium wp-image-308436\" src=\"https:\/\/suceavanews.ro\/wp-content\/uploads\/2021\/05\/florin-citu-300x200.jpg\" alt=\"\" width=\"300\" height=\"200\">Premierul Florin C\u00ee\u021bu va efectua, vineri, o vizit\u0103 oficial\u0103 \u00een jude\u021bul Suceava. El va vizita dou\u0103 centre de vaccinare, va discuta pe tema proiectelor de investi\u021bii, dar va avea \u0219i o \u00eentrevedere cu reprezentan\u021bui HoReCa.<\/p>\n<p>Iat\u0103 programul oficial al vizitei:<\/p>\n<p>Ora 10.15 \u00a0\u00a0 Vizit\u0103 la Centrul de vaccinare drive-through de la Shopping City Suceava<\/p>\n<p>\u2013\u00a0\u00a0\u00a0\u00a0\u00a0\u00a0\u00a0\u00a0Declara\u021bii de pres\u0103 la finalul vizitei; Declara\u021biile vor fi transmise live pe pagina de Facebook a Guvernului<\/p>\n<p>Ora 11.30\u00a0 Vizit\u0103 la Centrul de vaccinare din Spitalul or\u0103\u0219enesc Gura Humorului<\/p>\n<p>Ora 11.50\u00a0\u00a0\u00a0 Participare la prezentarea proiectelor A7, A8 \u0219i proiecte de investi\u021bii ale Consiliului Jude\u021bean Suceava<\/p>\n<p>\u00a0Ora 13.00\u00a0\u00a0 \u00cent\u00e2lnire cu reprezentan\u021bii sectorului HORECA<\/p>\n<p>\u2013\u00a0\u00a0\u00a0\u00a0\u00a0\u00a0\u00a0\u00a0Declara\u021bii de pres\u0103 la finalul \u00eent\u00e2lnirii; Declara\u021biile vor fi transmise live pe pagina de Facebook a Guvernului<\/p>\n<p>\u2013\u00a0\u00a0\u00a0\u00a0\u00a0\u00a0\u00a0\u00a0Terasa Hanului Arini\u0219<\/p>\n<\/div>\n","protected":false},"excerpt":{"rendered":"<p>Premierul Florin C\u00ee\u021bu va efectua, vineri, o vizit\u0103 oficial\u0103 \u00een jude\u021bul Suceava. El va vizita dou\u0103 centre de vaccinare, va discuta pe tema proiectelor de investi\u021bii, dar va avea \u0219i o \u00eentrevedere cu reprezentan\u021bui HoReCa. Iat\u0103 programul oficial al vizitei: Ora 10.15 \u00a0\u00a0 Vizit\u0103 la Centrul de vaccinare drive-through de la Shopping City Suceava \u2013\u00a0\u00a0\u00a0\u00a0\u00a0\u00a0\u00a0\u00a0Declara\u021bii [&hellip;]<\/p>\n","protected":false},"author":1,"featured_media":0,"comment_status":"open","ping_status":"","sticky":false,"template":"","format":"standard","meta":{"footnotes":""},"categories":[89],"tags":[174],"class_list":["post-1050591","post","type-post","status-publish","format-standard","hentry","category-romania","tag-suceavanews-ro"],"_links":{"self":[{"href":"https:\/\/analyse.optim.biz\/index.php?rest_route=\/wp\/v2\/posts\/1050591","targetHints":{"allow":["GET"]}}],"collection":[{"href":"https:\/\/analyse.optim.biz\/index.php?rest_route=\/wp\/v2\/posts"}],"about":[{"href":"https:\/\/analyse.optim.biz\/index.php?rest_route=\/wp\/v2\/types\/post"}],"author":[{"embeddable":true,"href":"https:\/\/analyse.optim.biz\/index.php?rest_route=\/wp\/v2\/users\/1"}],"replies":[{"embeddable":true,"href":"https:\/\/analyse.optim.biz\/index.php?rest_route=%2Fwp%2Fv2%2Fcomments&post=1050591"}],"version-history":[{"count":0,"href":"https:\/\/analyse.optim.biz\/index.php?rest_route=\/wp\/v2\/posts\/1050591\/revisions"}],"wp:attachment":[{"href":"https:\/\/analyse.optim.biz\/index.php?rest_route=%2Fwp%2Fv2%2Fmedia&parent=1050591"}],"wp:term":[{"taxonomy":"category","embeddable":true,"href":"https:\/\/analyse.optim.biz\/index.php?rest_route=%2Fwp%2Fv2%2Fcategories&post=1050591"},{"taxonomy":"post_tag","embeddable":true,"href":"https:\/\/analyse.optim.biz\/index.php?rest_route=%2Fwp%2Fv2%2Ftags&post=1050591"}],"curies":[{"name":"wp","href":"https:\/\/api.w.org\/{rel}","templated":true}]}}