{"id":1050590,"date":"2025-12-13T10:51:41","date_gmt":"2025-12-13T07:51:41","guid":{"rendered":"https:\/\/analyse.optim.biz\/?p=1050590"},"modified":"2025-12-13T10:51:41","modified_gmt":"2025-12-13T07:51:41","slug":"gheorghe-flutur-presedinte-interimar-al-pnl-pana-la-congresul-din-10-aprilie","status":"publish","type":"post","link":"https:\/\/analyse.optim.biz\/?p=1050590","title":{"rendered":"Gheorghe Flutur, pre\u015fedinte interimar al PNL p\u00e2n\u0103 la Congresul din 10 aprilie"},"content":{"rendered":"<div class=\"entry-content\">\n<div class=\"text-parag strong \">\n<p><img decoding=\"async\" loading=\"lazy\" class=\"alignright size-medium wp-image-286796\" src=\"https:\/\/suceavanews.ro\/wp-content\/uploads\/2019\/02\/flutur-300x225.jpg\" alt=\"\" width=\"300\" height=\"225\">Gheorghe Flutur va prelua interimar \u015fefia PNL, au precizat surse liberale. Florin C\u00ee\u0163u \u015fi-a \u00eenregistrat, s\u00e2mb\u0103t\u0103, demisia din func\u0163ia de pre\u015fedinte al partidului, deoarece colegii nu au participat la \u015fedin\u0163a BEx al PNL.<\/p>\n<\/div>\n<div class=\"details-text text-parag \">\n<p><em><strong>\u201eA\u015f fi vrut s\u0103 \u00eemi prezint demisia \u00een fa\u0163a colegilor mei. Nu s-a putut, doar am \u00eenregistrat-o la partid\u201d<\/strong><\/em>, a afirmat C\u00ee\u0163u, s\u00e2mb\u0103t\u0103 la sediul forma\u0163iunii.<\/p>\n<p>La \u015fedin\u0163a de Birou Executiv convocat\u0103 de Florin C\u00ee\u0163u au fost prezen\u0163i doar Dan V\u00eelceanu, Theodor Stolojan \u015fi Cristian B\u0103canu.<\/p>\n<p><em><strong>\u201eNu exist\u0103 alte \u015fedin\u0163e statutare. Rolul acestei \u015fedin\u0163ei era foarte simplu, de a avea discu\u0163ie fa\u0163\u0103 \u00een fa\u0163\u0103 cu colegi cu care am pornit la drum acum un an de zile pentru a da un suflu nou Partidul Na\u0163ional Liberal. Era o \u015fans\u0103 pentru a le mul\u0163umi c\u0103 am lucrat \u00eempreun\u0103 \u015fi cred c\u0103 au fost \u015fi momente bune, au fost \u015fi momente grele. Vroiam s\u0103 discut\u0103m pu\u0163in despre ac\u0163iunile mele care au fost criticate \u00een spa\u0163iul public referitor la acest compromis cu PSD. Da, este adev\u0103rat, niciodat\u0103 nu am fost confortabil cu acest compromis pe care l-am f\u0103cut cu PSD, nu este un secret. \u00centotdeauna am crezut c\u0103 m\u0103surile propuse \u015fi care multe dintre ele au fost aprobate, vor avea un efect de bumerang\u201d<\/strong><\/em>, a mai explicat C\u00ee\u0163u.<\/p>\n<div>\n<p>Sursa:\u00a0<strong><a href=\"https:\/\/www.news.ro\/politic-intern\/gheorghe-flutur-presedinte-interimar-al-pnl-pana-la-congresul-partidului-din-10-aprilie-surse-1922402602242022041320660138\" target=\"_blank\" rel=\"noopener noreferrer\">news.ro<\/a><\/strong>.<\/p>\n<\/div>\n<\/div>\n<\/div>\n","protected":false},"excerpt":{"rendered":"<p>Gheorghe Flutur va prelua interimar \u015fefia PNL, au precizat surse liberale. Florin C\u00ee\u0163u \u015fi-a \u00eenregistrat, s\u00e2mb\u0103t\u0103, demisia din func\u0163ia de pre\u015fedinte al partidului, deoarece colegii nu au participat la \u015fedin\u0163a BEx al PNL. \u201eA\u015f fi vrut s\u0103 \u00eemi prezint demisia \u00een fa\u0163a colegilor mei. Nu s-a putut, doar am \u00eenregistrat-o la partid\u201d, a afirmat C\u00ee\u0163u, [&hellip;]<\/p>\n","protected":false},"author":1,"featured_media":0,"comment_status":"open","ping_status":"","sticky":false,"template":"","format":"standard","meta":{"footnotes":""},"categories":[89],"tags":[174],"class_list":["post-1050590","post","type-post","status-publish","format-standard","hentry","category-romania","tag-suceavanews-ro"],"_links":{"self":[{"href":"https:\/\/analyse.optim.biz\/index.php?rest_route=\/wp\/v2\/posts\/1050590","targetHints":{"allow":["GET"]}}],"collection":[{"href":"https:\/\/analyse.optim.biz\/index.php?rest_route=\/wp\/v2\/posts"}],"about":[{"href":"https:\/\/analyse.optim.biz\/index.php?rest_route=\/wp\/v2\/types\/post"}],"author":[{"embeddable":true,"href":"https:\/\/analyse.optim.biz\/index.php?rest_route=\/wp\/v2\/users\/1"}],"replies":[{"embeddable":true,"href":"https:\/\/analyse.optim.biz\/index.php?rest_route=%2Fwp%2Fv2%2Fcomments&post=1050590"}],"version-history":[{"count":0,"href":"https:\/\/analyse.optim.biz\/index.php?rest_route=\/wp\/v2\/posts\/1050590\/revisions"}],"wp:attachment":[{"href":"https:\/\/analyse.optim.biz\/index.php?rest_route=%2Fwp%2Fv2%2Fmedia&parent=1050590"}],"wp:term":[{"taxonomy":"category","embeddable":true,"href":"https:\/\/analyse.optim.biz\/index.php?rest_route=%2Fwp%2Fv2%2Fcategories&post=1050590"},{"taxonomy":"post_tag","embeddable":true,"href":"https:\/\/analyse.optim.biz\/index.php?rest_route=%2Fwp%2Fv2%2Ftags&post=1050590"}],"curies":[{"name":"wp","href":"https:\/\/api.w.org\/{rel}","templated":true}]}}