{"id":1050589,"date":"2025-12-13T10:51:19","date_gmt":"2025-12-13T07:51:19","guid":{"rendered":"https:\/\/analyse.optim.biz\/?p=1050589"},"modified":"2025-12-13T10:51:19","modified_gmt":"2025-12-13T07:51:19","slug":"doliu-in-psd-un-fost-vicepresedinte-al-cj-fost-subprefect-s-a-stins-din-viata","status":"publish","type":"post","link":"https:\/\/analyse.optim.biz\/?p=1050589","title":{"rendered":"Doliu \u00een PSD! Un fost vicepre\u0219edinte al CJ, fost subprefect, s-a stins din via\u021b\u0103"},"content":{"rendered":"<div class=\"entry-content\">\n<p><img decoding=\"async\" loading=\"lazy\" class=\"alignright size-medium wp-image-312152\" src=\"https:\/\/suceavanews.ro\/wp-content\/uploads\/2022\/08\/Mihai-Grozavu-278x300.jpg\" alt=\"\" width=\"278\" height=\"300\">Organiza\u021bia sucevean\u0103 a PSD este \u00een doliu dup\u0103 moartea lui Mihai Grozavu. De-a lungul timpului, acesta a fost subprefect, vicepre\u0219edinte al CJ, dar \u0219i consilier jude\u021bean.<\/p>\n<p>\u201e<em><strong>Partidul Social Democrat aduce un ultim omagiu celui care a fost la bine \u0219i la greu colegul nostru \u2013 Domnul Mihai Grozavu. Ne-a \u00eentristat nespus vestea plec\u0103rii \u00eenainte de vreme a domniei sale, un specialist des\u0103v\u00e2r\u0219it \u00een ce prive\u0219te administra\u021bia public\u0103 local\u0103, un om al consensului asumat \u0219i un bun coleg.\u00a0 At\u00e2t c\u00e2t a fost printre noi, \u00een toate func\u021biile ocupate, fie la nivelul partidului (Vicepre\u0219edinte al Organiza\u021biei Jude\u021bene \u2013 \u0218ef al Departamentului de Administra\u021bie Public\u0103 ori lider al consilierilor jude\u021beni) sau \u00een cadrul administra\u021biei publice (Subprefect, Vicepre\u0219edinte al Consiliului Jude\u021bean, Consilier jude\u021bean) dl. Grozavu ne-a obi\u0219nuit mereu cu o abordare calm\u0103 \u0219i clar\u0103 a problemelor, cu un discurs f\u0103r\u0103 cusur, mereu bine structurat bazat pe for\u021ba argumentului \u0219i nu pe argumentul for\u021bei, tot ceea ce define\u0219te un profesionist des\u0103v\u00e2r\u0219it. Ne rug\u0103m la bunul Dumnezeu pentru el, iar \u00eentristatei familii \u00eei transmitem sincere condolean\u021be<\/strong><\/em>\u201d, transmite PSD Suceava.<\/p>\n<\/div>\n","protected":false},"excerpt":{"rendered":"<p>Organiza\u021bia sucevean\u0103 a PSD este \u00een doliu dup\u0103 moartea lui Mihai Grozavu. De-a lungul timpului, acesta a fost subprefect, vicepre\u0219edinte al CJ, dar \u0219i consilier jude\u021bean. \u201ePartidul Social Democrat aduce un ultim omagiu celui care a fost la bine \u0219i la greu colegul nostru \u2013 Domnul Mihai Grozavu. Ne-a \u00eentristat nespus vestea plec\u0103rii \u00eenainte de [&hellip;]<\/p>\n","protected":false},"author":1,"featured_media":0,"comment_status":"open","ping_status":"","sticky":false,"template":"","format":"standard","meta":{"footnotes":""},"categories":[89],"tags":[174],"class_list":["post-1050589","post","type-post","status-publish","format-standard","hentry","category-romania","tag-suceavanews-ro"],"_links":{"self":[{"href":"https:\/\/analyse.optim.biz\/index.php?rest_route=\/wp\/v2\/posts\/1050589","targetHints":{"allow":["GET"]}}],"collection":[{"href":"https:\/\/analyse.optim.biz\/index.php?rest_route=\/wp\/v2\/posts"}],"about":[{"href":"https:\/\/analyse.optim.biz\/index.php?rest_route=\/wp\/v2\/types\/post"}],"author":[{"embeddable":true,"href":"https:\/\/analyse.optim.biz\/index.php?rest_route=\/wp\/v2\/users\/1"}],"replies":[{"embeddable":true,"href":"https:\/\/analyse.optim.biz\/index.php?rest_route=%2Fwp%2Fv2%2Fcomments&post=1050589"}],"version-history":[{"count":0,"href":"https:\/\/analyse.optim.biz\/index.php?rest_route=\/wp\/v2\/posts\/1050589\/revisions"}],"wp:attachment":[{"href":"https:\/\/analyse.optim.biz\/index.php?rest_route=%2Fwp%2Fv2%2Fmedia&parent=1050589"}],"wp:term":[{"taxonomy":"category","embeddable":true,"href":"https:\/\/analyse.optim.biz\/index.php?rest_route=%2Fwp%2Fv2%2Fcategories&post=1050589"},{"taxonomy":"post_tag","embeddable":true,"href":"https:\/\/analyse.optim.biz\/index.php?rest_route=%2Fwp%2Fv2%2Ftags&post=1050589"}],"curies":[{"name":"wp","href":"https:\/\/api.w.org\/{rel}","templated":true}]}}