{"id":1050587,"date":"2025-12-13T10:50:55","date_gmt":"2025-12-13T07:50:55","guid":{"rendered":"https:\/\/analyse.optim.biz\/?p=1050587"},"modified":"2025-12-13T10:50:55","modified_gmt":"2025-12-13T07:50:55","slug":"foto-gheorghe-flutur-si-a-lansat-o-noua-candidatura-pentru-presedintia-consiliului-judetean-suceava-vezi-lista-sa-de-consilieri","status":"publish","type":"post","link":"https:\/\/analyse.optim.biz\/?p=1050587","title":{"rendered":"FOTO Gheorghe Flutur \u0219i-a lansat o nou\u0103 candidatur\u0103 pentru pre\u0219edin\u021bia Consiliului Jude\u021bean Suceava. Vezi lista sa de consilieri!"},"content":{"rendered":"<div class=\"entry-content\">\n<p><img decoding=\"async\" loading=\"lazy\" class=\"alignright size-medium wp-image-315414\" src=\"https:\/\/suceavanews.ro\/wp-content\/uploads\/2024\/04\/gheorghe-flutur-si-a-depus-candidatura-la-CJ-Suceava-300x169.jpeg\" alt=\"\" width=\"300\" height=\"169\">Gheorghe Flutur \u0219i-a lansat o nou\u0103 candidatur\u0103 pentru pre\u0219edin\u021bia Consiliului Jude\u021bean (CJ) Suceava. Flutur, care este \u0219i pre\u0219edintele Partidului Na\u021bional Liberal, a depus, joi, la Biroul Electoral Jude\u021bean at\u00e2t dosarul cu candidatura sa, c\u00e2t \u0219i dosarul pentru func\u021biile de consilieri jude\u021beni.<\/p>\n<p>De altfel, Flutur deschide \u0219i lista de candida\u021bi la CJ, el fiind urmat de Irina Vasilciuc, Niculai Barb\u0103, Elena T\u0103t\u0103ranu, Otilia Clip\u0103, Tudor Pl\u0103cint\u0103, Ioan B\u0103deli\u021b\u0103, Silviu C\u0103t\u0103lin Tibeic\u0103, Mihai Cioat\u0103 \u0219i Rozmeni- Daniela Mitrea- Muntean.<\/p>\n<p><img decoding=\"async\" loading=\"lazy\" class=\"alignleft size-medium wp-image-315413\" src=\"https:\/\/suceavanews.ro\/wp-content\/uploads\/2024\/04\/gheorghe-flutur-si-a-depus-candidatura-la-CJ-Suceava-a-300x169.jpeg\" alt=\"\" width=\"300\" height=\"169\">V\u00e2rsta medie a candida\u021bilor la CJ este de 47 de ani, dintre care patru sunt sub 30 de ani.<\/p>\n<p>\u00cen primii zece candida\u021bi, patru sunt femei.<\/p>\n<p><em><strong>\u201ePentru 50.000 de semn\u0103turi au fost adunate ast\u0103zi pentru sus\u021binerea candidaturii mele, din tot jude\u021bul. Aproape 50.000 de semn\u0103turi au fost \u0219i pentru lita de consilieri jude\u021beni\u201d,<\/strong><\/em> a spus Flutur.<\/p>\n<p>Iat\u0103 lista de consilieri propus\u0103 de PNL:<\/p>\n<table width=\"660\">\n<tbody>\n<tr>\n<td width=\"48\">1<\/td>\n<td width=\"150\">FLUTUR<\/td>\n<td width=\"168\">GHEORGHE<\/td>\n<td width=\"294\">PRE\u0218EDINTE CJ SUCEAVA<\/td>\n<\/tr>\n<tr>\n<td width=\"48\">2<\/td>\n<td width=\"150\">VASILCIUC<\/td>\n<td width=\"168\">IRINA<\/td>\n<td width=\"294\">ADMINISTRATOR PUBLIC AL JUDE\u021aULUI<\/td>\n<\/tr>\n<tr>\n<td width=\"48\">3<\/td>\n<td width=\"150\">BARB\u0102<\/td>\n<td width=\"168\">NICULAI<\/td>\n<td width=\"294\">VICEPRE\u0218EDINTE CJ SUCEAVA<\/td>\n<\/tr>\n<tr>\n<td width=\"48\">4<\/td>\n<td width=\"150\">T\u0102T\u0102RANU<\/td>\n<td width=\"168\">ELENA<\/td>\n<td width=\"294\">MEDIC<\/td>\n<\/tr>\n<tr>\n<td width=\"48\">5<\/td>\n<td width=\"150\">CLIPA<\/td>\n<td width=\"168\">OTILIA<\/td>\n<td width=\"294\">CADRU DIDACTIC UNIVERSITAR<\/td>\n<\/tr>\n<tr>\n<td width=\"48\">6<\/td>\n<td width=\"150\">PL\u0102CINT\u0102<\/td>\n<td width=\"168\">TUDOR<\/td>\n<td width=\"294\">INGINER SILVIC<\/td>\n<\/tr>\n<tr>\n<td width=\"48\">7<\/td>\n<td width=\"150\">BADELI\u021a\u0102<\/td>\n<td width=\"168\">IOAN<\/td>\n<td width=\"294\">MANAGER<\/td>\n<\/tr>\n<tr>\n<td width=\"48\">8<\/td>\n<td width=\"150\">TIBEIC\u0102<\/td>\n<td width=\"168\">SILVIU-C\u0102T\u0102LIN<\/td>\n<td width=\"294\">MEDIC SPECIALIST\/CADRU DIDACTIC<\/td>\n<\/tr>\n<tr>\n<td width=\"48\">9<\/td>\n<td width=\"150\">CIOAT\u0102<\/td>\n<td width=\"168\">MIHAI<\/td>\n<td width=\"294\">PROFESOR<\/td>\n<\/tr>\n<tr>\n<td width=\"48\">10<\/td>\n<td width=\"150\">MITREA-MUNTEAN<\/td>\n<td width=\"168\">ROZMENI-DANIELA<\/td>\n<td width=\"294\">AVOCAT<\/td>\n<\/tr>\n<tr>\n<td width=\"48\">11<\/td>\n<td width=\"150\">NI\u021a\u0102<\/td>\n<td width=\"168\">MARIN-GHEORGHE<\/td>\n<td width=\"294\">ANTREPRENOR<\/td>\n<\/tr>\n<tr>\n<td width=\"48\">12<\/td>\n<td width=\"150\">TOFAN<\/td>\n<td width=\"168\">VASILE<\/td>\n<td width=\"294\">VICEPRE\u0218EDINTE CJ SUCEAVA<\/td>\n<\/tr>\n<tr>\n<td width=\"48\">13<\/td>\n<td width=\"150\">DOMINTE<\/td>\n<td width=\"168\">RADU<\/td>\n<td width=\"294\">ANTREPRENOR<\/td>\n<\/tr>\n<tr>\n<td width=\"48\">14<\/td>\n<td width=\"150\">TITIANU<\/td>\n<td width=\"168\">TUDOREL-CONSTANTIN<\/td>\n<td width=\"294\">CONSILIER JURIDIC<\/td>\n<\/tr>\n<tr>\n<td width=\"48\">15<\/td>\n<td width=\"150\">HARJA<\/td>\n<td width=\"168\">GABRIEL-GHEORGHE<\/td>\n<td width=\"294\">ANTREPRENOR<\/td>\n<\/tr>\n<tr>\n<td width=\"48\">16<\/td>\n<td width=\"150\">JURAVLE<\/td>\n<td width=\"168\">MARIUS-VASILE<\/td>\n<td width=\"294\">ANTREPRENOR<\/td>\n<\/tr>\n<tr>\n<td width=\"48\">17<\/td>\n<td width=\"150\">MORARU<\/td>\n<td width=\"168\">MIHAI-LIVIU<\/td>\n<td width=\"294\">EXPERT FONDURI EUROPENE<\/td>\n<\/tr>\n<tr>\n<td width=\"48\">18<\/td>\n<td width=\"150\">BERAR<\/td>\n<td width=\"168\">DUMITRU<\/td>\n<td width=\"294\">INGINER MECANIC<\/td>\n<\/tr>\n<tr>\n<td width=\"48\">19<\/td>\n<td width=\"150\">LUCHIAN<\/td>\n<td width=\"168\">CONSTANTIN<\/td>\n<td width=\"294\">VICEPRIMAR<\/td>\n<\/tr>\n<tr>\n<td width=\"48\">20<\/td>\n<td width=\"150\">CANUR\u0102<\/td>\n<td width=\"168\">ROMEO-CRISTIAN<\/td>\n<td width=\"294\">JURIST<\/td>\n<\/tr>\n<tr>\n<td width=\"48\">21<\/td>\n<td width=\"150\">CR\u0102CIUNESCU<\/td>\n<td width=\"168\">CORNELIU-CEZAR<\/td>\n<td width=\"294\">AVOCAT<\/td>\n<\/tr>\n<tr>\n<td width=\"48\">22<\/td>\n<td width=\"150\">MARIAN<\/td>\n<td width=\"168\">C\u0102T\u0102LIN-DUMITRU<\/td>\n<td width=\"294\">ANTREPRENOR<\/td>\n<\/tr>\n<tr>\n<td width=\"48\">23<\/td>\n<td width=\"150\">SOLONAR<\/td>\n<td width=\"168\">CIPRIAN-FLORIN<\/td>\n<td width=\"294\">REPREZENTANT COMERCIAL<\/td>\n<\/tr>\n<tr>\n<td width=\"48\">24<\/td>\n<td width=\"150\">VI\u021aEGA<\/td>\n<td width=\"168\">NARCISA-AMEDEIA<\/td>\n<td width=\"294\">EXPERT PROGRAME<\/td>\n<\/tr>\n<tr>\n<td width=\"48\">25<\/td>\n<td width=\"150\">ZUP<\/td>\n<td width=\"168\">MARIUS-CONSTANTIN<\/td>\n<td width=\"294\">ANTREPRENOR<\/td>\n<\/tr>\n<tr>\n<td width=\"48\">26<\/td>\n<td width=\"150\">TODORESE<\/td>\n<td width=\"168\">DOINA-MIRELA<\/td>\n<td width=\"294\">AVOCAT\/ PRACTICIAN \u00ceN INSOLVEN\u021a\u0102<\/td>\n<\/tr>\n<tr>\n<td width=\"48\">27<\/td>\n<td width=\"150\">T\u00ceRNOVEANU<\/td>\n<td width=\"168\">NICOLAE<\/td>\n<td width=\"294\">INGINER SILVIC<\/td>\n<\/tr>\n<tr>\n<td width=\"48\">28<\/td>\n<td width=\"150\">Z\u0102H\u0102RESCU<\/td>\n<td width=\"168\">MARIAN-ALEXANDRU<\/td>\n<td width=\"294\">CONSILIER<\/td>\n<\/tr>\n<tr>\n<td width=\"48\">29<\/td>\n<td width=\"150\">TODEREANU<\/td>\n<td width=\"168\">MARIA<\/td>\n<td width=\"294\">DIRECTOR<\/td>\n<\/tr>\n<tr>\n<td width=\"48\">30<\/td>\n<td width=\"150\">SALUP-RUSU<\/td>\n<td width=\"168\">ALEXANDRU-MARIAN<\/td>\n<td width=\"294\">CONSILIER<\/td>\n<\/tr>\n<tr>\n<td width=\"48\">31<\/td>\n<td width=\"150\">DIMA<\/td>\n<td width=\"168\">VICTORINA<\/td>\n<td width=\"294\">MEDIC<\/td>\n<\/tr>\n<tr>\n<td width=\"48\">32<\/td>\n<td width=\"150\">ANTON<\/td>\n<td width=\"168\">NICOLAE-CIPRIAN<\/td>\n<td width=\"294\">DIRECTOR<\/td>\n<\/tr>\n<tr>\n<td width=\"48\">33<\/td>\n<td width=\"150\">CIORNEI<\/td>\n<td width=\"168\">CEZAR-GABRIEL<\/td>\n<td width=\"294\">ANTREPRENOR<\/td>\n<\/tr>\n<tr>\n<td width=\"48\">34<\/td>\n<td width=\"150\">ROIBU<\/td>\n<td width=\"168\">C\u0102T\u0102LIN-CONSTANTIN<\/td>\n<td width=\"294\">CADRU DIDACTIC UNIVERSITAR<\/td>\n<\/tr>\n<tr>\n<td width=\"48\">35<\/td>\n<td width=\"150\">\u0218OPTIC\u0102<\/td>\n<td width=\"168\">CRISTINEL<\/td>\n<td width=\"294\">CONSILIER JURIDIC<\/td>\n<\/tr>\n<tr>\n<td width=\"48\">36<\/td>\n<td width=\"150\">PUIU<\/td>\n<td width=\"168\">ADRIAN-NICOLAE<\/td>\n<td width=\"294\">DIRECTOR<\/td>\n<\/tr>\n<tr>\n<td width=\"48\">37<\/td>\n<td width=\"150\">ALEXIEVICI<\/td>\n<td width=\"168\">RAUL-MIHAI<\/td>\n<td width=\"294\">AUDITOR INTERN<\/td>\n<\/tr>\n<tr>\n<td width=\"48\">38<\/td>\n<td width=\"150\">UNGUREANU<\/td>\n<td width=\"168\">ADRIAN<\/td>\n<td width=\"294\">PROFESOR<\/td>\n<\/tr>\n<tr>\n<td width=\"48\">39<\/td>\n<td width=\"150\">GHERGHEL<\/td>\n<td width=\"168\">DECEBAL-GRA\u021aIAN<\/td>\n<td width=\"294\">VICEPRIMAR<\/td>\n<\/tr>\n<tr>\n<td width=\"48\">40<\/td>\n<td width=\"150\">BEREN\u021aAN<\/td>\n<td width=\"168\">CORNELIU-PETRU<\/td>\n<td width=\"294\">VICEPRIMAR<\/td>\n<\/tr>\n<tr>\n<td width=\"48\">41<\/td>\n<td width=\"150\">FOC\u0218\u0102NEANU<\/td>\n<td width=\"168\">ILIE-ALEXANDRU<\/td>\n<td width=\"294\">ANTREPRENOR<\/td>\n<\/tr>\n<tr>\n<td width=\"48\">42<\/td>\n<td width=\"150\">\u0218ULEA<\/td>\n<td width=\"168\">ALEXANDRU<\/td>\n<td width=\"294\">INSPECTOR DE SPECIALITATE<\/td>\n<\/tr>\n<tr>\n<td width=\"48\">43<\/td>\n<td width=\"150\">SAUCIUC<\/td>\n<td width=\"168\">DAN-VASILE<\/td>\n<td width=\"294\">VICEPRIMAR<\/td>\n<\/tr>\n<tr>\n<td width=\"48\">44<\/td>\n<td width=\"150\">BUTNARIU<\/td>\n<td width=\"168\">DIANA<\/td>\n<td width=\"294\">INSPECTOR<\/td>\n<\/tr>\n<tr>\n<td width=\"48\">45<\/td>\n<td width=\"150\">CORLECIUC<\/td>\n<td width=\"168\">C\u0102LIN-NICU\u0218OR<\/td>\n<td width=\"294\">GESTIONAR<\/td>\n<\/tr>\n<\/tbody>\n<\/table>\n<p><strong>\u00a0<\/strong><\/p>\n<\/div>\n","protected":false},"excerpt":{"rendered":"<p>Gheorghe Flutur \u0219i-a lansat o nou\u0103 candidatur\u0103 pentru pre\u0219edin\u021bia Consiliului Jude\u021bean (CJ) Suceava. Flutur, care este \u0219i pre\u0219edintele Partidului Na\u021bional Liberal, a depus, joi, la Biroul Electoral Jude\u021bean at\u00e2t dosarul cu candidatura sa, c\u00e2t \u0219i dosarul pentru func\u021biile de consilieri jude\u021beni. De altfel, Flutur deschide \u0219i lista de candida\u021bi la CJ, el fiind urmat de [&hellip;]<\/p>\n","protected":false},"author":1,"featured_media":0,"comment_status":"open","ping_status":"","sticky":false,"template":"","format":"standard","meta":{"footnotes":""},"categories":[89],"tags":[174],"class_list":["post-1050587","post","type-post","status-publish","format-standard","hentry","category-romania","tag-suceavanews-ro"],"_links":{"self":[{"href":"https:\/\/analyse.optim.biz\/index.php?rest_route=\/wp\/v2\/posts\/1050587","targetHints":{"allow":["GET"]}}],"collection":[{"href":"https:\/\/analyse.optim.biz\/index.php?rest_route=\/wp\/v2\/posts"}],"about":[{"href":"https:\/\/analyse.optim.biz\/index.php?rest_route=\/wp\/v2\/types\/post"}],"author":[{"embeddable":true,"href":"https:\/\/analyse.optim.biz\/index.php?rest_route=\/wp\/v2\/users\/1"}],"replies":[{"embeddable":true,"href":"https:\/\/analyse.optim.biz\/index.php?rest_route=%2Fwp%2Fv2%2Fcomments&post=1050587"}],"version-history":[{"count":0,"href":"https:\/\/analyse.optim.biz\/index.php?rest_route=\/wp\/v2\/posts\/1050587\/revisions"}],"wp:attachment":[{"href":"https:\/\/analyse.optim.biz\/index.php?rest_route=%2Fwp%2Fv2%2Fmedia&parent=1050587"}],"wp:term":[{"taxonomy":"category","embeddable":true,"href":"https:\/\/analyse.optim.biz\/index.php?rest_route=%2Fwp%2Fv2%2Fcategories&post=1050587"},{"taxonomy":"post_tag","embeddable":true,"href":"https:\/\/analyse.optim.biz\/index.php?rest_route=%2Fwp%2Fv2%2Ftags&post=1050587"}],"curies":[{"name":"wp","href":"https:\/\/api.w.org\/{rel}","templated":true}]}}