{"id":1050574,"date":"2025-12-13T10:48:04","date_gmt":"2025-12-13T07:48:04","guid":{"rendered":"https:\/\/analyse.optim.biz\/?p=1050574"},"modified":"2025-12-13T10:48:04","modified_gmt":"2025-12-13T07:48:04","slug":"foto-presedintele-psd-premierul-marcel-ciolacu-la-ceremonia-de-investitura-a-lui-gheorghe-soldan-la-sefia-cj-suceava","status":"publish","type":"post","link":"https:\/\/analyse.optim.biz\/?p=1050574","title":{"rendered":"FOTO Pre\u0219edintele PSD, premierul Marcel Ciolacu, la ceremonia de \u00eenvestitur\u0103 a lui Gheorghe \u0218oldan la \u0219efia CJ Suceava"},"content":{"rendered":"<div class=\"entry-content\">\n<p><img decoding=\"async\" loading=\"lazy\" class=\"alignright size-medium wp-image-316413\" src=\"https:\/\/suceavanews.ro\/wp-content\/uploads\/2024\/10\/marcel-ciolacu-PSD-la-suceava-investire-gheorghe-soldan-1-300x206.jpg\" alt=\"\" width=\"300\" height=\"206\">Pre\u0219edintele Partidului Social Democrat (PSD), premierul Marcel Ciolacu, a fost prezent, joi, la ceremonia de \u00eenvestitur\u0103 a lui Gheorghe \u0218oldan la \u0219efia Consiliului Jude\u021bean (CJ) Suceava. Evenimentul a debutat cu o ceremonie religioas\u0103 oficiat\u0103 de un sobor de preo\u021bi \u0219i a fost urmat de depunerea jur\u0103m\u00e2ntului tuturor consilierilor jude\u021beni, dar \u0219i a lui \u0218oldan.<\/p>\n<p>Marcel Ciolacu a apreciat faptul c\u0103 Gheorghe \u015eoldan, \u00een v\u00e2rst\u0103 de 33 de ani, este cel mai t\u00e2n\u0103r pre\u015fedinte de Consiliu Jude\u0163ean din Rom\u00e2nia \u015fi primul pre\u015fedinte de CJ n\u0103scut dup\u0103 Revolu\u0163ie.<\/p>\n<p><img decoding=\"async\" loading=\"lazy\" class=\"alignleft size-medium wp-image-316417\" src=\"https:\/\/suceavanews.ro\/wp-content\/uploads\/2024\/10\/marcel-ciolacu-PSD-la-suceava-investire-gheorghe-soldan-3-300x200.jpg\" alt=\"\" width=\"300\" height=\"200\">La r\u00e2ndul s\u0103u, \u0218oldan s-a ar\u0103tat con\u0219tient de responsabilitatea care \u00eei revine.<\/p>\n<p><em><strong>\u201eAm preluat cu onoare \u0219i emo\u021bie mandatul de pre\u0219edinte al Consiliului Jude\u021bean Suceava, con\u0219tient de responsabilitatea care vine odat\u0103 cu aceast\u0103 func\u021bie. Al\u0103turi de consilierii jude\u021beni, am depus un jur\u0103m\u00e2nt care trebuie s\u0103 ne aduc\u0103 aminte \u00een fiecare zi de misiunea noastr\u0103 comun\u0103: de a dezvolta jude\u021bul Suceava. Am fost onorat s\u0103 \u00eel am l\u00e2ng\u0103 mine pe premierul Marcel Ciolacu, care, sunt convins, va fi viitorul pre\u0219edinte al Rom\u00e2niei. <\/strong><\/em><em><strong>Am stat de vorb\u0103 cu mare parte dintre consilierii jude\u021beni \u0219i, a\u0219a cum am declarat \u0219i public, \u00eemi doresc s\u0103 colabor\u0103m c\u00e2t mai bine, s\u0103 l\u0103s\u0103m deoparte mizele politice \u0219i s\u0103 lu\u0103m deciziile de care are nevoie jude\u021bul nostru<\/strong><\/em>\u201d, a spus \u0218oldan.<\/p>\n<div id=\"gallery-1\" class=\"gallery galleryid-316412 gallery-columns-3 gallery-size-thumbnail\">\n<dl class=\"gallery-item\">\n<dt class=\"gallery-icon landscape\"><a href=\"https:\/\/suceavanews.ro\/wp-content\/uploads\/2024\/10\/marcel-ciolacu-PSD-la-suceava.jpg\"><img decoding=\"async\" width=\"150\" height=\"150\" src=\"https:\/\/suceavanews.ro\/wp-content\/uploads\/2024\/10\/marcel-ciolacu-PSD-la-suceava-150x150.jpg\" class=\"attachment-thumbnail size-thumbnail\" alt=\"\" loading=\"lazy\"><\/a><\/dt>\n<\/dl>\n<dl class=\"gallery-item\">\n<dt class=\"gallery-icon landscape\"><a href=\"https:\/\/suceavanews.ro\/wp-content\/uploads\/2024\/10\/marcel-ciolacu-PSD-la-suceava-investire-gheorghe-soldan-3.jpg\"><img decoding=\"async\" width=\"150\" height=\"150\" src=\"https:\/\/suceavanews.ro\/wp-content\/uploads\/2024\/10\/marcel-ciolacu-PSD-la-suceava-investire-gheorghe-soldan-3-150x150.jpg\" class=\"attachment-thumbnail size-thumbnail\" alt=\"\" loading=\"lazy\"><\/a><\/dt>\n<\/dl>\n<dl class=\"gallery-item\">\n<dt class=\"gallery-icon landscape\"><a href=\"https:\/\/suceavanews.ro\/wp-content\/uploads\/2024\/10\/marcel-ciolacu-PSD-la-suceava-investire-gheorghe-soldan-la-cj.jpg\"><img decoding=\"async\" width=\"150\" height=\"150\" src=\"https:\/\/suceavanews.ro\/wp-content\/uploads\/2024\/10\/marcel-ciolacu-PSD-la-suceava-investire-gheorghe-soldan-la-cj-150x150.jpg\" class=\"attachment-thumbnail size-thumbnail\" alt=\"\" loading=\"lazy\"><\/a><\/dt>\n<\/dl>\n<p><\/p>\n<dl class=\"gallery-item\">\n<dt class=\"gallery-icon landscape\"><a href=\"https:\/\/suceavanews.ro\/wp-content\/uploads\/2024\/10\/marcel-ciolacu-PSD-la-suceava-investire-gheorghe-soldan.jpg\"><img decoding=\"async\" width=\"150\" height=\"150\" src=\"https:\/\/suceavanews.ro\/wp-content\/uploads\/2024\/10\/marcel-ciolacu-PSD-la-suceava-investire-gheorghe-soldan-150x150.jpg\" class=\"attachment-thumbnail size-thumbnail\" alt=\"\" loading=\"lazy\"><\/a><\/dt>\n<\/dl>\n<dl class=\"gallery-item\">\n<dt class=\"gallery-icon landscape\"><a href=\"https:\/\/suceavanews.ro\/wp-content\/uploads\/2024\/10\/marcel-ciolacu-PSD-la-suceava-investire-gheorghe-soldan-2.jpg\"><img decoding=\"async\" width=\"150\" height=\"150\" src=\"https:\/\/suceavanews.ro\/wp-content\/uploads\/2024\/10\/marcel-ciolacu-PSD-la-suceava-investire-gheorghe-soldan-2-150x150.jpg\" class=\"attachment-thumbnail size-thumbnail\" alt=\"\" loading=\"lazy\"><\/a><\/dt>\n<\/dl>\n<dl class=\"gallery-item\">\n<dt class=\"gallery-icon landscape\"><a href=\"https:\/\/suceavanews.ro\/wp-content\/uploads\/2024\/10\/marcel-ciolacu-PSD-la-suceava-investire-gheorghe-soldan-1.jpg\"><img decoding=\"async\" width=\"150\" height=\"150\" src=\"https:\/\/suceavanews.ro\/wp-content\/uploads\/2024\/10\/marcel-ciolacu-PSD-la-suceava-investire-gheorghe-soldan-1-150x150.jpg\" class=\"attachment-thumbnail size-thumbnail\" alt=\"\" loading=\"lazy\"><\/a><\/dt>\n<\/dl>\n<p><\/div>\n<\/div>\n","protected":false},"excerpt":{"rendered":"<p>Pre\u0219edintele Partidului Social Democrat (PSD), premierul Marcel Ciolacu, a fost prezent, joi, la ceremonia de \u00eenvestitur\u0103 a lui Gheorghe \u0218oldan la \u0219efia Consiliului Jude\u021bean (CJ) Suceava. Evenimentul a debutat cu o ceremonie religioas\u0103 oficiat\u0103 de un sobor de preo\u021bi \u0219i a fost urmat de depunerea jur\u0103m\u00e2ntului tuturor consilierilor jude\u021beni, dar \u0219i a lui \u0218oldan. Marcel [&hellip;]<\/p>\n","protected":false},"author":1,"featured_media":0,"comment_status":"open","ping_status":"","sticky":false,"template":"","format":"standard","meta":{"footnotes":""},"categories":[89],"tags":[174],"class_list":["post-1050574","post","type-post","status-publish","format-standard","hentry","category-romania","tag-suceavanews-ro"],"_links":{"self":[{"href":"https:\/\/analyse.optim.biz\/index.php?rest_route=\/wp\/v2\/posts\/1050574","targetHints":{"allow":["GET"]}}],"collection":[{"href":"https:\/\/analyse.optim.biz\/index.php?rest_route=\/wp\/v2\/posts"}],"about":[{"href":"https:\/\/analyse.optim.biz\/index.php?rest_route=\/wp\/v2\/types\/post"}],"author":[{"embeddable":true,"href":"https:\/\/analyse.optim.biz\/index.php?rest_route=\/wp\/v2\/users\/1"}],"replies":[{"embeddable":true,"href":"https:\/\/analyse.optim.biz\/index.php?rest_route=%2Fwp%2Fv2%2Fcomments&post=1050574"}],"version-history":[{"count":0,"href":"https:\/\/analyse.optim.biz\/index.php?rest_route=\/wp\/v2\/posts\/1050574\/revisions"}],"wp:attachment":[{"href":"https:\/\/analyse.optim.biz\/index.php?rest_route=%2Fwp%2Fv2%2Fmedia&parent=1050574"}],"wp:term":[{"taxonomy":"category","embeddable":true,"href":"https:\/\/analyse.optim.biz\/index.php?rest_route=%2Fwp%2Fv2%2Fcategories&post=1050574"},{"taxonomy":"post_tag","embeddable":true,"href":"https:\/\/analyse.optim.biz\/index.php?rest_route=%2Fwp%2Fv2%2Ftags&post=1050574"}],"curies":[{"name":"wp","href":"https:\/\/api.w.org\/{rel}","templated":true}]}}