{"id":1050570,"date":"2025-12-13T10:47:21","date_gmt":"2025-12-13T07:47:21","guid":{"rendered":"https:\/\/analyse.optim.biz\/?p=1050570"},"modified":"2025-12-13T10:47:21","modified_gmt":"2025-12-13T07:47:21","slug":"gheorghe-flutur-a-demisionat-de-la-sefia-pnl-suceava","status":"publish","type":"post","link":"https:\/\/analyse.optim.biz\/?p=1050570","title":{"rendered":"Gheorghe Flutur a demisionat de la \u0219efia PNL Suceava"},"content":{"rendered":"<div class=\"entry-content\">\n<div class=\"xdj266r x11i5rnm xat24cr x1mh8g0r x1vvkbs x126k92a\">\n<p dir=\"auto\"><img decoding=\"async\" loading=\"lazy\" class=\"alignright size-medium wp-image-314302\" src=\"https:\/\/suceavanews.ro\/wp-content\/uploads\/2023\/09\/gheorghe-flutur-1-300x256.jpg\" alt=\"\" width=\"300\" height=\"256\">Senatorul Gheorghe Flutur a anun\u021bat c\u0103 demisioneaz\u0103 din func\u021bia de pre\u0219edinte al filialei jude\u021bene PNL Suceava dup\u0103 25 de ani.\u00a0 Flutur a luat aceast\u0103 decizie dup\u0103 ce deputatul PNL Ioan B\u0103lan a anun\u021bat c\u0103 este dispus s\u0103 mearg\u0103 p\u00e2n\u0103 \u00een p\u00e2nzele albe pentru a-l da jos pe Flutur de la \u0219efia organiza\u021biei jude\u021bene. B\u0103lan sus\u021binea c\u0103 PNL risc\u0103 s\u0103 piard\u0103 din capitalul electoral dac\u0103 Flutur nu se retrage.<\/p>\n<p dir=\"auto\">Fostul pre\u0219edinte al Consiliului Jude\u021bean Suceava a anun\u021bat c\u0103 renun\u021b\u0103 la func\u021bie, mai ales c\u0103 era dispus s\u0103 demisioneze \u00eenc\u0103 de c\u00e2nd a pierdut \u0219efia CJ, dar a r\u0103mas la \u0219efia PNL la rug\u0103mintea primarilor din jude\u021b.<\/p>\n<\/div>\n<div dir=\"auto\">\u201e<em><strong>Subsemnatul Gheorghe Flutur doresc s\u0103 informez opinia public\u0103 c\u0103, ast\u0103zi, 21 ianuarie 2025, mi-am \u00eenaintat demisia din func\u021bia de pre\u0219edinte al Organiza\u021biei Jude\u021bene a PNL Suceava, demisie trimis\u0103 conducerii centrale a partidului. Reamintesc faptul c\u0103, imediat dup\u0103 alegerile locale din 2024, am avut inten\u021bia de a demisiona din aceast\u0103 func\u021bie deoarece pierdusem alegerile pentru Consiliul Jude\u021bean Suceava, de\u0219i ob\u021binusem un scor de peste 40%, care \u00eens\u0103 nu a fost suficient. La acel moment, primarii PNL \u0219i foarte mul\u021bi membri ai partidului m-au rugat s\u0103 r\u0103m\u00e2n, av\u00e2nd \u00een vedere c\u0103 urma un an electoral. Am acceptat s\u0103 r\u0103m\u00e2n \u00een func\u021bie. Acum, la \u00eenceputul acestui an, am realizat un bilan\u021b al carierei mele politice. Am fost, timp de aproape 24 de ani, pre\u0219edinte al organiza\u021biei liberale Suceava. \u00cempreun\u0103 cu membrii liberali, am avut multe realiz\u0103ri \u0219i am l\u0103sat o amprent\u0103 pozitiv\u0103 \u00een administra\u021bia liberal\u0103 sucevean\u0103. Totu\u0219i, toate au un \u00eenceput \u0219i un sf\u00e2r\u0219it. Mul\u021bumesc tuturor membrilor liberali pentru spiritul de echip\u0103, prietenie \u0219i colaborare\u201d<\/strong><\/em>, a transmis Gheorghe Flutur.<\/div>\n<\/div>\n","protected":false},"excerpt":{"rendered":"<p>Senatorul Gheorghe Flutur a anun\u021bat c\u0103 demisioneaz\u0103 din func\u021bia de pre\u0219edinte al filialei jude\u021bene PNL Suceava dup\u0103 25 de ani.\u00a0 Flutur a luat aceast\u0103 decizie dup\u0103 ce deputatul PNL Ioan B\u0103lan a anun\u021bat c\u0103 este dispus s\u0103 mearg\u0103 p\u00e2n\u0103 \u00een p\u00e2nzele albe pentru a-l da jos pe Flutur de la \u0219efia organiza\u021biei jude\u021bene. B\u0103lan sus\u021binea [&hellip;]<\/p>\n","protected":false},"author":1,"featured_media":0,"comment_status":"open","ping_status":"","sticky":false,"template":"","format":"standard","meta":{"footnotes":""},"categories":[89],"tags":[174],"class_list":["post-1050570","post","type-post","status-publish","format-standard","hentry","category-romania","tag-suceavanews-ro"],"_links":{"self":[{"href":"https:\/\/analyse.optim.biz\/index.php?rest_route=\/wp\/v2\/posts\/1050570","targetHints":{"allow":["GET"]}}],"collection":[{"href":"https:\/\/analyse.optim.biz\/index.php?rest_route=\/wp\/v2\/posts"}],"about":[{"href":"https:\/\/analyse.optim.biz\/index.php?rest_route=\/wp\/v2\/types\/post"}],"author":[{"embeddable":true,"href":"https:\/\/analyse.optim.biz\/index.php?rest_route=\/wp\/v2\/users\/1"}],"replies":[{"embeddable":true,"href":"https:\/\/analyse.optim.biz\/index.php?rest_route=%2Fwp%2Fv2%2Fcomments&post=1050570"}],"version-history":[{"count":0,"href":"https:\/\/analyse.optim.biz\/index.php?rest_route=\/wp\/v2\/posts\/1050570\/revisions"}],"wp:attachment":[{"href":"https:\/\/analyse.optim.biz\/index.php?rest_route=%2Fwp%2Fv2%2Fmedia&parent=1050570"}],"wp:term":[{"taxonomy":"category","embeddable":true,"href":"https:\/\/analyse.optim.biz\/index.php?rest_route=%2Fwp%2Fv2%2Fcategories&post=1050570"},{"taxonomy":"post_tag","embeddable":true,"href":"https:\/\/analyse.optim.biz\/index.php?rest_route=%2Fwp%2Fv2%2Ftags&post=1050570"}],"curies":[{"name":"wp","href":"https:\/\/api.w.org\/{rel}","templated":true}]}}