{"id":1050568,"date":"2025-12-13T10:47:03","date_gmt":"2025-12-13T07:47:03","guid":{"rendered":"https:\/\/analyse.optim.biz\/?p=1050568"},"modified":"2025-12-13T10:47:03","modified_gmt":"2025-12-13T07:47:03","slug":"gheorghe-soldan-ales-presedinte-al-psd-suceava-votul-a-fost-unul-deschis-iar-sustinerea-a-fost-unanima","status":"publish","type":"post","link":"https:\/\/analyse.optim.biz\/?p=1050568","title":{"rendered":"Gheorghe \u0218oldan, ales pre\u0219edinte al PSD Suceava. Votul a fost unul deschis, iar sus\u021binerea a fost unanim\u0103"},"content":{"rendered":"<div class=\"entry-content\">\n<p><img decoding=\"async\" loading=\"lazy\" class=\"alignright size-medium wp-image-317053\" src=\"https:\/\/suceavanews.ro\/wp-content\/uploads\/2025\/03\/gheorghe-soldan-presedinte-psd-presedinte-cj-suceava-300x169.jpg\" alt=\"\" width=\"300\" height=\"169\">Pre\u0219edintele Consiliului Jude\u021bean (CJ) Suceava, Gheorghe \u0218oldan, a fost ales, s\u00e2mb\u0103t\u0103, pre\u0219edinte al PSD Suceava, \u00een cadrul Conferin\u021bei Jude\u021bene a PSD. Votul de la conferin\u021b\u0103 a fost unul deschis, \u00een condi\u021biile \u00een care \u0218oldan a fost singurul candidat, iar sus\u021binerea delega\u021bilor pentru pre\u0219edintele CJ a fost unanim\u0103.<\/p>\n<p>Gheorghe \u0218oldan \u00eei succede \u00een func\u021bie lui Ion Stan, care a fost ales prim-vicepre\u0219edinte.<\/p>\n<p>La conferin\u021b\u0103 au participat, al\u0103turi de cei peste 1.000 de delega\u021bi ai partidului, pre\u0219edintele PSD Marcel Ciolacu, secretarul general al PSD Paul St\u0103nescu, ministrul Transporturilor, Sorin Grindeanu, ministrul Digitaliz\u0103rii, Bogdan Ivan, dar \u0219i parlamentari \u0219i \u0219efi ai organiza\u021biilor PSD din jude\u021bele Moldovei.<\/p>\n<p><strong>Iat\u0103 conducerea PSD Suceava:<\/strong><\/p>\n<p>Gheorghe \u0218oldan \u2013 pre\u0219edinte<\/p>\n<p>Ioan Stan \u2013 Prim-vicepre\u0219edinte<\/p>\n<p>Eugen Bejinariu \u2013 Prim-vicepre\u0219edinte<\/p>\n<p>Vasile Rimbu \u2013 Prim-vicepre\u0219edinte<\/p>\n<p>Cristian \u0218ologon\u00a0 \u2013 Prim-vicepre\u0219edinte<\/p>\n<p>Adomnic\u0103i Mirela \u2013 Vicepre\u0219edinte<\/p>\n<p>Andronachi Traian \u2013 Vicepre\u0219edinte<\/p>\n<p>Berariu Vasile \u2013 Vicepre\u0219edinte<\/p>\n<p>Apetrii Gheorghe \u2013 Vicepre\u0219edinte<\/p>\n<p>Cepoi Vasile Lic\u0103 \u2013 Vicepre\u0219edinte<\/p>\n<p>Ciobanu Sorin\u00a0 \u2013 Vicepre\u0219edinte<\/p>\n<p>Coman C\u0103t\u0103lin Gheorghe\u00a0 \u2013 Vicepre\u0219edinte<\/p>\n<p>Cu\u0219nir Dan Ioan\u00a0 \u2013 Vicepre\u0219edinte<\/p>\n<p>Fediuc C\u0103t\u0103lin Ilie \u2013 Vicepre\u0219edinte<\/p>\n<p>Fron Gheorghe\u00a0 \u2013 Vicepre\u0219edinte<\/p>\n<p>Gherman Vl\u0103du\u021b \u2013 Vicepre\u0219edinte<\/p>\n<p>M\u00eendru\u021b\u0103 Gheorghi\u021b\u0103\u00a0 \u2013 Vicepre\u0219edinte<\/p>\n<p>Olariu Daniel\u00a0 \u2013 Vicepre\u0219edinte<\/p>\n<p>Pavel Ioan\u00a0 \u2013 Vicepre\u0219edinte<\/p>\n<p>Ple\u0219ca Maria \u2013 Vicepre\u0219edinte<\/p>\n<p>Robu Nicolae\u00a0 \u2013 Vicepre\u0219edinte<\/p>\n<p>Simeria Stelian\u00a0 \u2013 Vicepre\u0219edinte<\/p>\n<p>Tiperciuc Dan\u00a0 \u2013 Vicepre\u0219edinte<\/p>\n<p>Tom\u0103scu Gheorghe\u00a0 \u2013 Vicepre\u0219edinte<\/p>\n<p>\u021aehaniuc Cornel\u00a0 \u2013 Vicepre\u0219edinte<\/p>\n<p>\u021augui Vasile\u00a0 \u2013 Vicepre\u0219edinte<\/p>\n<p>\u00a0<\/p>\n<\/div>\n","protected":false},"excerpt":{"rendered":"<p>Pre\u0219edintele Consiliului Jude\u021bean (CJ) Suceava, Gheorghe \u0218oldan, a fost ales, s\u00e2mb\u0103t\u0103, pre\u0219edinte al PSD Suceava, \u00een cadrul Conferin\u021bei Jude\u021bene a PSD. Votul de la conferin\u021b\u0103 a fost unul deschis, \u00een condi\u021biile \u00een care \u0218oldan a fost singurul candidat, iar sus\u021binerea delega\u021bilor pentru pre\u0219edintele CJ a fost unanim\u0103. Gheorghe \u0218oldan \u00eei succede \u00een func\u021bie lui Ion [&hellip;]<\/p>\n","protected":false},"author":1,"featured_media":0,"comment_status":"open","ping_status":"","sticky":false,"template":"","format":"standard","meta":{"footnotes":""},"categories":[89],"tags":[174],"class_list":["post-1050568","post","type-post","status-publish","format-standard","hentry","category-romania","tag-suceavanews-ro"],"_links":{"self":[{"href":"https:\/\/analyse.optim.biz\/index.php?rest_route=\/wp\/v2\/posts\/1050568","targetHints":{"allow":["GET"]}}],"collection":[{"href":"https:\/\/analyse.optim.biz\/index.php?rest_route=\/wp\/v2\/posts"}],"about":[{"href":"https:\/\/analyse.optim.biz\/index.php?rest_route=\/wp\/v2\/types\/post"}],"author":[{"embeddable":true,"href":"https:\/\/analyse.optim.biz\/index.php?rest_route=\/wp\/v2\/users\/1"}],"replies":[{"embeddable":true,"href":"https:\/\/analyse.optim.biz\/index.php?rest_route=%2Fwp%2Fv2%2Fcomments&post=1050568"}],"version-history":[{"count":0,"href":"https:\/\/analyse.optim.biz\/index.php?rest_route=\/wp\/v2\/posts\/1050568\/revisions"}],"wp:attachment":[{"href":"https:\/\/analyse.optim.biz\/index.php?rest_route=%2Fwp%2Fv2%2Fmedia&parent=1050568"}],"wp:term":[{"taxonomy":"category","embeddable":true,"href":"https:\/\/analyse.optim.biz\/index.php?rest_route=%2Fwp%2Fv2%2Fcategories&post=1050568"},{"taxonomy":"post_tag","embeddable":true,"href":"https:\/\/analyse.optim.biz\/index.php?rest_route=%2Fwp%2Fv2%2Ftags&post=1050568"}],"curies":[{"name":"wp","href":"https:\/\/api.w.org\/{rel}","templated":true}]}}