{"id":1050326,"date":"2025-12-03T07:56:13","date_gmt":"2025-12-03T04:56:13","guid":{"rendered":"https:\/\/analyse.optim.biz\/?p=1050326"},"modified":"2025-12-03T07:56:13","modified_gmt":"2025-12-03T04:56:13","slug":"evenimente-speciale-organizate-in-decembrie-cel-sfant-de-memorialul-revolutiei","status":"publish","type":"post","link":"https:\/\/analyse.optim.biz\/?p=1050326","title":{"rendered":"Evenimente speciale organizate \u00een decembrie \u201ecel sf\u00e2nt\u201d de Memorialul Revolu\u021biei &#8211;"},"content":{"rendered":"<article id=\"post-82042\" class=\"post-82042 post type-post status-publish format-standard has-post-thumbnail category-eveniment category-featured category-stiri-locale category-stiri-timis tag-anul-revolutiilor-europene tag-buletinul-memorialului-nr-36 tag-memorialul-revolutiei-16-22-decembrie-1989\">\n<div class=\"td-pb-row\">\n<div class=\"td-pb-span12\">\n<div class=\"td-post-header\">\n<div class=\"td-crumb-container\">\n<div class=\"entry-crumbs\"><span><a title class=\"entry-crumb\" href=\"https:\/\/gazetadinvest.ro\/\">Acas\u0103<\/a><\/span><span><a title=\"Vede\u021bi toate articolele \u00een Eveniment\" class=\"entry-crumb\" href=\"https:\/\/gazetadinvest.ro\/category\/eveniment\/\">Eveniment<\/a><\/span><span class=\"td-bred-no-url-last\">Evenimente speciale organizate \u00een decembrie \u201ecel sf\u00e2nt\u201d de Memorialul Revolu\u021biei<\/span><\/div>\n<\/div>\n<header class=\"td-post-title\">\n<ul class=\"td-category\">\n<li class=\"entry-category\"><a href=\"https:\/\/gazetadinvest.ro\/category\/eveniment\/\">Eveniment<\/a><\/li>\n<li class=\"entry-category\"><a href=\"https:\/\/gazetadinvest.ro\/category\/stiri-locale\/\">Stiri Locale<\/a><\/li>\n<li class=\"entry-category\"><a href=\"https:\/\/gazetadinvest.ro\/category\/stiri-locale\/stiri-timis\/\">Stiri Timis<\/a><\/li>\n<\/ul>\n<h1 class=\"entry-title\">Evenimente speciale organizate \u00een decembrie \u201ecel sf\u00e2nt\u201d de Memorialul Revolu\u021biei<\/h1>\n<div class=\"td-module-meta-info\">\n<div class=\"td-post-author-name\">\n<div class=\"td-author-by\">De c\u0103tre<\/div>\n<p><a href=\"https:\/\/gazetadinvest.ro\/author\/sorinmarascu\/\">Marascu Sorin<\/a><\/p>\n<div class=\"td-author-line\"> &#8211; <\/div>\n<\/div>\n<p><span class=\"td-post-date\"><time class=\"entry-date updated td-module-date\" datetime=\"2025-12-03T09:56:13+02:00\">3 decembrie 2025<\/time><\/span><\/div>\n<\/header>\n<\/div>\n<\/div>\n<\/div>\n<div class=\"td-pb-row\">\n<div class=\"td-pb-span8 td-main-content\" role=\"main\">\n<div class=\"td-ss-main-content\">\n<div class=\"td-post-content tagdiv-type\">\n<div class=\"td-post-featured-image\"><a href=\"https:\/\/gazetadinvest.ro\/wp-content\/uploads\/2015\/12\/Comemorare-Revolutie-Timisoara.jpg\" data-caption><img loading=\"lazy\" decoding=\"async\" width=\"696\" height=\"392\" class=\"entry-thumb td-modal-image\" src=\"https:\/\/gazetadinvest.ro\/wp-content\/uploads\/2015\/12\/Comemorare-Revolutie-Timisoara-696x392.jpg\" alt title=\"Comemorare-Revolutie-Timisoara\"><\/a><\/div>\n<p><strong>Memorialul Revolu\u021biei 16\u201322 Decembrie 1989 din Timi\u0219oara v\u0103 invit\u0103, \u00een cadrul Programului Comemorativ Aniversar, la dou\u0103 evenimente: vernisajul expozi\u021biei fotografice Timi\u0219oara 1990, semnat\u0103 de fotografa canadian\u0103 Joanne Elvy, care va avea loc luni, 8 decembrie 2025, ora 10:00 \u0219i prezentarea celor dou\u0103 apari\u021bii editoriale \u2013 volumul 1989 Anul revolu\u021biilor europene \u00een memoria colectiv\u0103 \u0219i Buletinul Memorialului nr. 36, programat\u0103 pentru mar\u021bi, 9 decembrie 2025, orele 11:00.<\/strong><\/p>\n<p>8 Decembrie \u2013 vernisajul expozi\u021biei Timi\u0219oara 1990 prezentat\u0103 la Memorial constituie prima expunere public\u0103 a acestor fotografii, oferind o m\u0103rturie vizual\u0103 puternic\u0103 despre determinarea timi\u0219orenilor \u0219i angajamentul lor fa\u021b\u0103 de reconstruc\u021bia democratic\u0103 a Rom\u00e2niei.<\/p>\n<p>Reune\u0219te imagini-document realizate de Joanne Elvy \u00een decembrie 1990, c\u00e2nd aceasta a ajuns pentru prima dat\u0103 la Timi\u0219oara pentru a documenta prima comemorare a Revolu\u021biei Rom\u00e2ne.<\/p>\n<p>Cu experien\u021b\u0103 \u00een surprinderea transform\u0103rilor politice din Berlin, Gda\u0144sk, Praga \u0219i Budapesta, Elvy a descoperit la Timi\u0219oara o comunitate marcat\u0103 de intensitatea \u0219i responsabilitatea momentelor post-revolu\u021bionare. Sprijinit\u0103 de studen\u021bi ai Universit\u0103\u021bii, care i-au fost ghizi \u0219i interpre\u021bi, artista a explorat locurile emblematice ale ora\u0219ului \u0219i a documentat atmosfera profund\u0103 a acelor zile. Momentul central al experien\u021bei sale s-a petrecut la 20 decembrie 1990, c\u00e2nd a ajuns pe balconul Operei, al\u0103turi de jurnali\u0219ti, de unde a surprins mul\u021bimea adunat\u0103 \u00een Pia\u021ba Victoriei.<\/p>\n<p>9 Decembrie \u2013 lansarea volumului 1989. Anul revolu\u021biilor europene \u00een memoria colectiv\u0103, care reune\u0219te lucr\u0103rile prezentate \u00een cadrul conferin\u021bei interna\u021bionale organizate la Timi\u0219oara<\/p>\n<p>\u00een perioada 26\u201328 noiembrie 2024, cu participarea speciali\u0219tilor din Albania, Anglia, Bulgaria, Cehia, Republica Moldova, Polonia, Ungaria \u0219i Rom\u00e2nia. Volumul include analize dedicate unor teme precum Revolu\u021bia Rom\u00e2n\u0103 \u00een presa sovietic\u0103, Revolu\u021bia de Catifea, tranzi\u021bia<\/p>\n<p>Cehoslovaciei c\u0103tre democra\u021bie, transform\u0103rile politice din Polonia, interven\u021bia SUA \u00een Panama, impactul evenimentelor din decembrie 1989 asupra regiunii \u0219i dinamica minorit\u0103\u021bilor \u00een Bulgaria.<\/p>\n<p>Cartea reflect\u0103 diversitatea perspectivelor academice asupra pr\u0103bu\u0219irii regimurilor comuniste \u0219i asupra \u00eenceputului tranzi\u021biei democratice \u00een Europa de Est, p\u0103str\u00e2nd autenticitatea prezent\u0103rilor realizate \u00een cadrul conferin\u021bei.<\/p>\n<p>Tot \u00een cadrul evenimentului va fi prezentat \u0219i Buletinul Memorialului nr. 36, publica\u021bia periodic\u0103 a institu\u021biei, care reune\u0219te articole, studii \u0219i contribu\u021bii de cercetare dedicate istoriei recente, \u00een mod special Revolu\u021biei Rom\u00e2ne \u0219i a perioadei comuniste.<\/p>\n<\/div>\n<footer>\n<div class=\"td-post-source-tags\">\n<ul class=\"td-tags td-post-small-box clearfix\">\n<li><span>ETICHETE<\/span><\/li>\n<li><a href=\"https:\/\/gazetadinvest.ro\/tag\/anul-revolutiilor-europene\/\">Anul revolutiilor europene<\/a><\/li>\n<li><a href=\"https:\/\/gazetadinvest.ro\/tag\/buletinul-memorialului-nr-36\/\">Buletinul Memorialului nr. 36<\/a><\/li>\n<li><a href=\"https:\/\/gazetadinvest.ro\/tag\/memorialul-revolutiei-16-22-decembrie-1989\/\">Memorialul Revolutiei 16\u201322 Decembrie 1989<\/a><\/li>\n<\/ul>\n<\/div>\n<div class=\"td-post-sharing-bottom\">\n<div class=\"td-post-sharing-classic\"><iframe title=\"bottomFacebookLike\" frameborder src=\"https:\/\/www.facebook.com\/plugins\/like.php?href=https:\/\/gazetadinvest.ro\/evenimente-speciale-organizate-in-decembrie-cel-sfant-de-memorialul-revolutiei\/&amp;layout=button_count&amp;show_faces=false&amp;width=105&amp;action=like&amp;colorscheme=light&amp;height=21\"><\/iframe><\/div>\n<div id=\"td_social_sharing_article_bottom\" class=\"td-post-sharing td-ps-border td-ps-border-grey td-ps-icon-arrow td-ps-icon-bg td-ps-text-color td-post-sharing-style19 \">\n<div class=\"td-post-sharing-visible\"><a class=\"td-social-sharing-button td-social-sharing-button-js td-social-network td-social-facebook\" href=\"https:\/\/www.facebook.com\/sharer.php?u=https%3A%2F%2Fgazetadinvest.ro%2Fevenimente-speciale-organizate-in-decembrie-cel-sfant-de-memorialul-revolutiei%2F\" title=\"Facebook\"><\/p>\n<div class=\"td-social-but-text\">Facebook<\/div>\n<p><\/a><a class=\"td-social-sharing-button td-social-sharing-button-js td-social-network td-social-twitter\" href=\"https:\/\/twitter.com\/intent\/tweet?text=Evenimente+speciale+organizate+%C3%AEn+decembrie+%E2%80%9Ecel+sf%C3%A2nt%E2%80%9D+de+Memorialul+Revolu%C8%9Biei&amp;url=https%3A%2F%2Fgazetadinvest.ro%2Fevenimente-speciale-organizate-in-decembrie-cel-sfant-de-memorialul-revolutiei%2F&amp;via=Gazeta+din+Vest\" title=\"Twitter\"><\/p>\n<div class=\"td-social-but-text\">Twitter<\/div>\n<p><\/a><a class=\"td-social-sharing-button td-social-sharing-button-js td-social-network td-social-whatsapp\" href=\"https:\/\/api.whatsapp.com\/send?text=Evenimente+speciale+organizate+%C3%AEn+decembrie+%E2%80%9Ecel+sf%C3%A2nt%E2%80%9D+de+Memorialul+Revolu%C8%9Biei%20%0A%0A%20https:\/\/gazetadinvest.ro\/evenimente-speciale-organizate-in-decembrie-cel-sfant-de-memorialul-revolutiei\/\" title=\"WhatsApp\"><\/p>\n<div class=\"td-social-but-text\">WhatsApp<\/div>\n<p><\/a><a class=\"td-social-sharing-button td-social-sharing-button-js td-social-network td-social-mail\" href=\"mailto:?subject=Evenimente%20speciale%20organizate%20%C3%AEn%20decembrie%20%E2%80%9Ecel%20sf%C3%A2nt%E2%80%9D%20de%20Memorialul%20Revolu%C8%9Biei&amp;body=https:\/\/gazetadinvest.ro\/evenimente-speciale-organizate-in-decembrie-cel-sfant-de-memorialul-revolutiei\/\" title=\"Email\"><\/p>\n<div class=\"td-social-but-text\">Email<\/div>\n<p><\/a><a class=\"td-social-sharing-button td-social-sharing-button-js td-social-network td-social-print\" href=\"https:\/\/gazetadinvest.ro\/evenimente-speciale-organizate-in-decembrie-cel-sfant-de-memorialul-revolutiei\/\" title=\"Imprimare\"><\/p>\n<div class=\"td-social-but-text\">Imprimare<\/div>\n<p><\/a><a class=\"td-social-sharing-button td-social-sharing-button-js td-social-network td-social-copy_url\" href=\"https:\/\/gazetadinvest.ro\/evenimente-speciale-organizate-in-decembrie-cel-sfant-de-memorialul-revolutiei\/\" title=\"Copy URL\"><\/p>\n<div class=\"td-social-but-text\">Copy URL<\/div>\n<p><\/a><\/div>\n<\/div>\n<\/div>\n<div class=\"td-block-row td-post-next-prev\">\n<div class=\"td-block-span6 td-post-prev-post\">\n<div class=\"td-post-next-prev-content\"><span>Articolul precedent<\/span><a href=\"https:\/\/gazetadinvest.ro\/locuri-de-parcare-noi-in-zona-take-ionescu-primaria-pregateste-proiectul-de-amenajare\/\">Locuri de parcare noi, \u00een zona Take Ionescu \u2013 Prim\u0103ria preg\u0103te\u0219te proiectul de amenajare<\/a><\/div>\n<\/div>\n<div class=\"td-block-span6 td-post-next-post\">\n<div class=\"td-post-next-prev-content\"><span>Articolul urm\u0103tor<\/span><a href=\"https:\/\/gazetadinvest.ro\/joi-fara-apa-in-urseni\/\">Joi, f\u0103r\u0103 ap\u0103 \u00een Urseni<\/a><\/div>\n<\/div>\n<\/div>\n<div class=\"td-author-name vcard author\"><span class=\"fn\"><a href=\"https:\/\/gazetadinvest.ro\/author\/sorinmarascu\/\">Marascu Sorin<\/a><\/span><\/div>\n<p><span class=\"td-page-meta\"><\/span><span class=\"td-page-meta\"><span class=\"td-page-meta\"><\/span><\/span><span class=\"td-page-meta\"><\/span><\/footer>\n<div class=\"comments\" id=\"comments\">\n<div id=\"respond\" class=\"comment-respond\">\n<h3 id=\"reply-title\" class=\"comment-reply-title\">L\u0102SA\u021aI UN MESAJ <small><a rel=\"nofollow\" id=\"cancel-comment-reply-link\" href=\"https:\/\/gazetadinvest.ro\/evenimente-speciale-organizate-in-decembrie-cel-sfant-de-memorialul-revolutiei\/#respond\">Renun\u021ba\u021bi la r\u0103spuns<\/a><\/small><\/h3>\n<div class=\"comment-form-input-wrap td-form-comment\">\n<div class=\"td-warning-comment\">V\u0103 rug\u0103m s\u0103 introduce\u021bi comentariul dvs.!<\/div>\n<\/div>\n<div class=\"comment-form-input-wrap td-form-author\">\n<div class=\"td-warning-author\">Introduce\u021bi aici numele dvs.<\/div>\n<\/div>\n<div class=\"comment-form-input-wrap td-form-email\">\n<div class=\"td-warning-email-error\">A\u021bi introdus o adres\u0103 de e-mail incorect\u0103!<\/div>\n<div class=\"td-warning-email\">V\u0103 rug\u0103m s\u0103 introduce\u021bi adresa dvs. de e-mail aici<\/div>\n<\/div>\n<\/div>\n<\/div>\n<\/div>\n<\/div>\n<div class=\"td-pb-span4 td-main-sidebar\" role=\"complementary\">\n<div class=\"td-ss-main-sidebar\">\n<aside id=\"media_image-102\" class=\"td_block_template_8 widget media_image-102 widget_media_image\"><a href=\"https:\/\/piete-sa.ro\/\"><img loading=\"lazy\" decoding=\"async\" width=\"350\" height=\"426\" src=\"https:\/\/gazetadinvest.ro\/wp-content\/uploads\/2023\/05\/Logo-Piete-SA.jpg\" class=\"image wp-image-65510  attachment-full size-full\" alt><\/a><\/aside>\n<aside id=\"block-8\" class=\"td_block_template_8 widget block-8 widget_block widget_media_image\">\n<figure class=\"wp-block-image size-full\"><a href=\"https:\/\/adpghiroda.ro\/index.html\" target=\"_blank\" rel=\" noreferrer noopener\"><img loading=\"lazy\" decoding=\"async\" width=\"450\" height=\"450\" src=\"https:\/\/gazetadinvest.ro\/wp-content\/uploads\/2023\/05\/adp-ghiroda.gif\" alt class=\"wp-image-65511\"><\/a><\/figure>\n<\/aside>\n<aside id=\"media_image-5\" class=\"td_block_template_8 widget media_image-5 widget_media_image\"><a href=\"https:\/\/retim.ro\/\"><img loading=\"lazy\" decoding=\"async\" width=\"336\" height=\"280\" src=\"https:\/\/gazetadinvest.ro\/wp-content\/uploads\/2024\/11\/ReTIM-Abonamentul-Verde-Google-Ads-336x280px.gif\" class=\"image wp-image-72020  attachment-full size-full\" alt><\/a><\/aside>\n<aside id=\"block-11\" class=\"td_block_template_8 widget block-11 widget_block widget_media_image\">\n<figure class=\"wp-block-image size-large\"><a href=\"https:\/\/www.umft.ro\/ro\/acasa\/\" target=\"_blank\" rel=\" noreferrer noopener\"><img decoding=\"async\" loading=\"lazy\" width=\"1280\" height=\"321\" src=\"https:\/\/gazetadinvest.ro\/wp-content\/uploads\/2023\/11\/Logo-UMFT-1280x321.jpg\" alt class=\"wp-image-67316\"><\/a><\/figure>\n<\/aside>\n<aside id=\"media_image-76\" class=\"td_block_template_8 widget media_image-76 widget_media_image\"><a href=\"https:\/\/mnab.ro\/\"><img decoding=\"async\" width=\"415\" height=\"300\" src=\"https:\/\/gazetadinvest.ro\/wp-content\/uploads\/2024\/10\/MNaB_415_300_Oct.gif\" class=\"image wp-image-71869  attachment-full size-full\" alt loading=\"lazy\"><\/a><\/aside>\n<aside id=\"media_image-100\" class=\"td_block_template_8 widget media_image-100 widget_media_image\"><a href=\"http:\/\/adidtimis.ro\"><img decoding=\"async\" width=\"700\" height=\"300\" src=\"https:\/\/gazetadinvest.ro\/wp-content\/uploads\/2025\/10\/700x300-Voluminoase.jpg\" class=\"image wp-image-81373  attachment-full size-full\" alt loading=\"lazy\"><\/a><\/aside>\n<\/div>\n<\/div>\n<\/div>\n<\/article>\n<p> Source URL: https:\/\/gazetadinvest.ro\/evenimente-speciale-organizate-in-decembrie-cel-sfant-de-memorialul-revolutiei\/<\/p>\n","protected":false},"excerpt":{"rendered":"<p>Acas\u0103EvenimentEvenimente speciale organizate \u00een decembrie \u201ecel sf\u00e2nt\u201d de Memorialul Revolu\u021biei Eveniment Stiri Locale Stiri Timis Evenimente speciale organizate \u00een decembrie \u201ecel sf\u00e2nt\u201d de Memorialul Revolu\u021biei De c\u0103tre Marascu Sorin &#8211; 3 decembrie 2025 Memorialul Revolu\u021biei 16\u201322 Decembrie 1989 din Timi\u0219oara v\u0103 invit\u0103, \u00een cadrul Programului Comemorativ Aniversar, la dou\u0103 evenimente: vernisajul expozi\u021biei fotografice Timi\u0219oara 1990, [&hellip;]<\/p>\n","protected":false},"author":1,"featured_media":0,"comment_status":"open","ping_status":"","sticky":false,"template":"","format":"standard","meta":{"footnotes":""},"categories":[89],"tags":[203],"class_list":["post-1050326","post","type-post","status-publish","format-standard","hentry","category-romania","tag-gazetadinvest-ro"],"_links":{"self":[{"href":"https:\/\/analyse.optim.biz\/index.php?rest_route=\/wp\/v2\/posts\/1050326","targetHints":{"allow":["GET"]}}],"collection":[{"href":"https:\/\/analyse.optim.biz\/index.php?rest_route=\/wp\/v2\/posts"}],"about":[{"href":"https:\/\/analyse.optim.biz\/index.php?rest_route=\/wp\/v2\/types\/post"}],"author":[{"embeddable":true,"href":"https:\/\/analyse.optim.biz\/index.php?rest_route=\/wp\/v2\/users\/1"}],"replies":[{"embeddable":true,"href":"https:\/\/analyse.optim.biz\/index.php?rest_route=%2Fwp%2Fv2%2Fcomments&post=1050326"}],"version-history":[{"count":0,"href":"https:\/\/analyse.optim.biz\/index.php?rest_route=\/wp\/v2\/posts\/1050326\/revisions"}],"wp:attachment":[{"href":"https:\/\/analyse.optim.biz\/index.php?rest_route=%2Fwp%2Fv2%2Fmedia&parent=1050326"}],"wp:term":[{"taxonomy":"category","embeddable":true,"href":"https:\/\/analyse.optim.biz\/index.php?rest_route=%2Fwp%2Fv2%2Fcategories&post=1050326"},{"taxonomy":"post_tag","embeddable":true,"href":"https:\/\/analyse.optim.biz\/index.php?rest_route=%2Fwp%2Fv2%2Ftags&post=1050326"}],"curies":[{"name":"wp","href":"https:\/\/api.w.org\/{rel}","templated":true}]}}