{"id":1050323,"date":"2025-12-03T10:58:51","date_gmt":"2025-12-03T07:58:51","guid":{"rendered":"https:\/\/analyse.optim.biz\/?p=1050323"},"modified":"2025-12-03T10:58:51","modified_gmt":"2025-12-03T07:58:51","slug":"revolutia-tactila-la-muzeul-national-de-arta-timisoara-arta-nu-mai-are-bariere-2","status":"publish","type":"post","link":"https:\/\/analyse.optim.biz\/?p=1050323","title":{"rendered":"\u201eRevolu\u021bia tactil\u0103\u201d- la Muzeul Na\u021bional de Art\u0103 Timi\u0219oara arta nu mai are bariere &#8211;"},"content":{"rendered":"<article id=\"post-82046\" class=\"post-82046 post type-post status-publish format-standard has-post-thumbnail category-cultura category-eveniment category-stiri-locale category-stiri-timis tag-centrul-de-cercetare-tactilelibrary tag-mnart tag-tablouri-tactile-dedicate-persoanelor-nevazatoare\">\n<div class=\"td-pb-row\">\n<div class=\"td-pb-span12\">\n<div class=\"td-post-header\">\n<div class=\"td-crumb-container\">\n<div class=\"entry-crumbs\"><span><a title class=\"entry-crumb\" href=\"https:\/\/gazetadinvest.ro\/\">Acas\u0103<\/a><\/span><span><a title=\"Vede\u021bi toate articolele \u00een Cultura\" class=\"entry-crumb\" href=\"https:\/\/gazetadinvest.ro\/category\/cultura\/\">Cultura<\/a><\/span><span class=\"td-bred-no-url-last\">\u201eRevolu\u021bia tactil\u0103\u201d- la Muzeul Na\u021bional de Art\u0103 Timi\u0219oara arta nu mai are&#8230;<\/span><\/div>\n<\/div>\n<header class=\"td-post-title\">\n<ul class=\"td-category\">\n<li class=\"entry-category\"><a href=\"https:\/\/gazetadinvest.ro\/category\/cultura\/\">Cultura<\/a><\/li>\n<li class=\"entry-category\"><a href=\"https:\/\/gazetadinvest.ro\/category\/eveniment\/\">Eveniment<\/a><\/li>\n<li class=\"entry-category\"><a href=\"https:\/\/gazetadinvest.ro\/category\/stiri-locale\/\">Stiri Locale<\/a><\/li>\n<li class=\"entry-category\"><a href=\"https:\/\/gazetadinvest.ro\/category\/stiri-locale\/stiri-timis\/\">Stiri Timis<\/a><\/li>\n<\/ul>\n<h1 class=\"entry-title\">\u201eRevolu\u021bia tactil\u0103\u201d- la Muzeul Na\u021bional de Art\u0103 Timi\u0219oara arta nu mai are bariere<\/h1>\n<div class=\"td-module-meta-info\">\n<div class=\"td-post-author-name\">\n<div class=\"td-author-by\">De c\u0103tre<\/div>\n<p><a href=\"https:\/\/gazetadinvest.ro\/author\/sorinmarascu\/\">Marascu Sorin<\/a><\/p>\n<div class=\"td-author-line\"> &#8211; <\/div>\n<\/div>\n<p><span class=\"td-post-date\"><time class=\"entry-date updated td-module-date\" datetime=\"2025-12-03T12:58:51+02:00\">3 decembrie 2025<\/time><\/span><\/div>\n<\/header>\n<\/div>\n<\/div>\n<\/div>\n<div class=\"td-pb-row\">\n<div class=\"td-pb-span8 td-main-content\" role=\"main\">\n<div class=\"td-ss-main-content\">\n<div class=\"td-post-content tagdiv-type\">\n<div class=\"td-post-featured-image\"><a href=\"https:\/\/gazetadinvest.ro\/wp-content\/uploads\/2025\/12\/mnart.jpg\" data-caption><img loading=\"lazy\" decoding=\"async\" width=\"696\" height=\"870\" class=\"entry-thumb td-modal-image\" src=\"https:\/\/gazetadinvest.ro\/wp-content\/uploads\/2025\/12\/mnart-696x870.jpg\" alt title=\"mnart\"><\/a><\/div>\n<p><strong>Muzeul Na\u021bional de Art\u0103 Timi\u0219oara \u0219i Consiliul Jude\u021bean Timi\u0219 anun\u021b\u0103 inaugurarea, miercuri, 3 decembrie 2025, la ora 17:00, a unei expozi\u021bii inedite de tablouri tactile dedicate persoanelor nev\u0103z\u0103toare, organizat\u0103 cu prilejul Zilei Mondiale a Persoanelor cu Dizabilit\u0103\u021bi.<\/strong><\/p>\n<p>Evenimentul, g\u0103zduit \u00een Sala Baroc, va debuta cu un mesaj de bun venit din partea managerului MNArT, Filip Petcu, urmat de un scurt recital de pian sus\u021binut de Theodor R\u0103dulescu, masterand la Facultatea de Muzic\u0103 a UVT, care va interpreta lucr\u0103ri de Vangelis, Yann Tiersen \u0219i John Kander. Ulterior, participan\u021bii vor putea lua parte la un tur ghidat al expozi\u021biei tactile \u201epe nev\u0103zute\u201d, sus\u021binut de organizatori.<\/p>\n<p>Cu foarte mici excep\u021bii, muzeele de art\u0103 sunt inaccesibile nev\u0103z\u0103torilor. Exist\u0103 reguli care interzic atingerea exponatelor, \u0219i e pe bun\u0103 dreptate, pentru c\u0103 astfel asigur\u0103 protec\u021bia operelor. \u00cens\u0103, pentru persoanele cu dizabilit\u0103\u021bi de vedere, aceasta este o barier\u0103, un real blocaj pentru \u00een\u021belegerea artei vizuale. Problema nu se poate rezolva doar prin ghiduri audio, care ofer\u0103 descrieri verbale abstracte. Atingerea r\u0103m\u00e2ne esen\u021bial\u0103.<\/p>\n<p>Pentru a remedia acest neajuns, Muzeul Na\u021bional de Art\u0103 Timi\u0219oara \u0219i Centrul de Cercetare TactileLibrary\u00ae au dezvoltat un proiect inovator: transformarea a 10 lucr\u0103ri celebre din colec\u021bia muzeului \u00een machete \u00een relief, replici tactile pe care nev\u0103z\u0103torii le pot explora liber. Exponatelor tactile le este asociat un con\u021binut audio explicativ detaliat, care ghideaz\u0103 nev\u0103z\u0103torii \u00een citirea tactil\u0103 \u0219i ofer\u0103 informa\u021bii complementare despre opera de art\u0103 \u00een sine. Aceast\u0103 abordare hibrid\u0103, activ\u0103 \u0219i cognitiv\u0103, permite atingerea. Astfel, orice nev\u0103z\u0103tor are libertatea de a \u00een\u021belege mai mult \u0219i mai bine arta plastic\u0103, de a-\u0219i forma propriile opinii despre o lume la care pu\u021bini sperau s\u0103 aib\u0103 acces.<\/p>\n<p>Experien\u021ba nu mai este pasiv\u0103, ci devine activ\u0103, haptic\u0103 \u0219i cognitiv\u0103. Fiecare plan\u0219\u0103 tactil\u0103 con\u021bine un cod QR, care ofer\u0103 acces la un con\u021binut explicativ accesibilizat audio. Informa\u021biile includ modul de citire \u0219i decodificare tactil\u0103 a fiec\u0103rei plan\u0219e, dar \u0219i detalii despre opera artistic\u0103: perioada, tehnica, curentul artistic, autorul \u0219i povestea vie\u021bii lui, compozi\u021bia, semnifica\u021bia, p\u0103rerile criticilor \u0219i scurte citate relevante despre crezul artistic al pictorului. Acest proiect ofer\u0103 o solu\u021bie tehnic\u0103 pentru o experien\u021b\u0103 cultural\u0103 complet\u0103, transform\u00e2nd arta dintr-un subiect exclusivist \u00eentr-o realitate tangibil\u0103 \u0219i incluziv\u0103. MNArT \u0219i TactileLibrary\u00ae stabilesc astfel un nou standard pentru incluziunea muzeal\u0103.<\/p>\n<p>\u00cen realizarea proiectului sunt implica\u021bi studen\u021bi UVT de la diverse specializ\u0103ri: Corina Ciunae \u0219i M\u0103d\u0103lin Gr\u0103dinaru (Comunicare \u0219i Rela\u021bii Publice, anul II), Daniel Matei (\u0218tiin\u021be Cognitive, anul III), Iulian Rotaru (Informatic\u0103 Englez\u0103, anul III), Ioana Satmari \u0219i Briana Toader (Media Digital\u0103, anul III), to\u021bi membri ai echipei TactileLibrary\u00ae, coordona\u021bi de dr. Alina Satmari (Departamentul de Geografie).<\/p>\n<p>Proiectul este sus\u021binut de Continental Anvelope Rom\u00e2nia prin Funda\u021bia Universit\u0103\u021bii de Vest din Timi\u0219oara.<\/p>\n<\/div>\n<footer>\n<div class=\"td-post-source-tags\">\n<ul class=\"td-tags td-post-small-box clearfix\">\n<li><span>ETICHETE<\/span><\/li>\n<li><a href=\"https:\/\/gazetadinvest.ro\/tag\/centrul-de-cercetare-tactilelibrary\/\">Centrul de Cercetare TactileLibrary\u00ae<\/a><\/li>\n<li><a href=\"https:\/\/gazetadinvest.ro\/tag\/mnart\/\">MNArT<\/a><\/li>\n<li><a href=\"https:\/\/gazetadinvest.ro\/tag\/tablouri-tactile-dedicate-persoanelor-nevazatoare\/\">tablouri tactile dedicate persoanelor nevazatoare<\/a><\/li>\n<\/ul>\n<\/div>\n<div class=\"td-post-sharing-bottom\">\n<div class=\"td-post-sharing-classic\"><iframe title=\"bottomFacebookLike\" frameborder src=\"https:\/\/www.facebook.com\/plugins\/like.php?href=https:\/\/gazetadinvest.ro\/revolutia-tactila-la-muzeul-national-de-arta-timisoara-arta-nu-mai-are-bariere\/&amp;layout=button_count&amp;show_faces=false&amp;width=105&amp;action=like&amp;colorscheme=light&amp;height=21\"><\/iframe><\/div>\n<div id=\"td_social_sharing_article_bottom\" class=\"td-post-sharing td-ps-border td-ps-border-grey td-ps-icon-arrow td-ps-icon-bg td-ps-text-color td-post-sharing-style19 \">\n<div class=\"td-post-sharing-visible\"><a class=\"td-social-sharing-button td-social-sharing-button-js td-social-network td-social-facebook\" href=\"https:\/\/www.facebook.com\/sharer.php?u=https%3A%2F%2Fgazetadinvest.ro%2Frevolutia-tactila-la-muzeul-national-de-arta-timisoara-arta-nu-mai-are-bariere%2F\" title=\"Facebook\"><\/p>\n<div class=\"td-social-but-text\">Facebook<\/div>\n<p><\/a><a class=\"td-social-sharing-button td-social-sharing-button-js td-social-network td-social-twitter\" href=\"https:\/\/twitter.com\/intent\/tweet?text=%E2%80%9ERevolu%C8%9Bia+tactil%C4%83%E2%80%9D-+la+Muzeul+Na%C8%9Bional+de+Art%C4%83+Timi%C8%99oara+arta+nu+mai+are+bariere&amp;url=https%3A%2F%2Fgazetadinvest.ro%2Frevolutia-tactila-la-muzeul-national-de-arta-timisoara-arta-nu-mai-are-bariere%2F&amp;via=Gazeta+din+Vest\" title=\"Twitter\"><\/p>\n<div class=\"td-social-but-text\">Twitter<\/div>\n<p><\/a><a class=\"td-social-sharing-button td-social-sharing-button-js td-social-network td-social-whatsapp\" href=\"https:\/\/api.whatsapp.com\/send?text=%E2%80%9ERevolu%C8%9Bia+tactil%C4%83%E2%80%9D-+la+Muzeul+Na%C8%9Bional+de+Art%C4%83+Timi%C8%99oara+arta+nu+mai+are+bariere%20%0A%0A%20https:\/\/gazetadinvest.ro\/revolutia-tactila-la-muzeul-national-de-arta-timisoara-arta-nu-mai-are-bariere\/\" title=\"WhatsApp\"><\/p>\n<div class=\"td-social-but-text\">WhatsApp<\/div>\n<p><\/a><a class=\"td-social-sharing-button td-social-sharing-button-js td-social-network td-social-mail\" href=\"mailto:?subject=%E2%80%9ERevolu%C8%9Bia%20tactil%C4%83%E2%80%9D-%20la%20Muzeul%20Na%C8%9Bional%20de%20Art%C4%83%20Timi%C8%99oara%20arta%20nu%20mai%20are%20bariere&amp;body=https:\/\/gazetadinvest.ro\/revolutia-tactila-la-muzeul-national-de-arta-timisoara-arta-nu-mai-are-bariere\/\" title=\"Email\"><\/p>\n<div class=\"td-social-but-text\">Email<\/div>\n<p><\/a><a class=\"td-social-sharing-button td-social-sharing-button-js td-social-network td-social-print\" href=\"https:\/\/gazetadinvest.ro\/revolutia-tactila-la-muzeul-national-de-arta-timisoara-arta-nu-mai-are-bariere\/\" title=\"Imprimare\"><\/p>\n<div class=\"td-social-but-text\">Imprimare<\/div>\n<p><\/a><a class=\"td-social-sharing-button td-social-sharing-button-js td-social-network td-social-copy_url\" href=\"https:\/\/gazetadinvest.ro\/revolutia-tactila-la-muzeul-national-de-arta-timisoara-arta-nu-mai-are-bariere\/\" title=\"Copy URL\"><\/p>\n<div class=\"td-social-but-text\">Copy URL<\/div>\n<p><\/a><\/div>\n<\/div>\n<\/div>\n<div class=\"td-block-row td-post-next-prev\">\n<div class=\"td-block-span6 td-post-prev-post\">\n<div class=\"td-post-next-prev-content\"><span>Articolul precedent<\/span><a href=\"https:\/\/gazetadinvest.ro\/joi-fara-apa-in-urseni\/\">Joi, f\u0103r\u0103 ap\u0103 \u00een Urseni<\/a><\/div>\n<\/div>\n<div class=\"td-block-span6 td-post-next-post\">\n<div class=\"td-post-next-prev-content\"><span>Articolul urm\u0103tor<\/span><a href=\"https:\/\/gazetadinvest.ro\/tramvaiul-lui-mos-craciun-circula-in-timisoara-intre-4-decembrie-2025-si-8-ianuarie-2026\/\">Tramvaiul lui Mo\u0219 Cr\u0103ciun circul\u0103 \u00een Timi\u0219oara \u00eentre 4 decembrie 2025 \u0219i 8 ianuarie 2026<\/a><\/div>\n<\/div>\n<\/div>\n<div class=\"td-author-name vcard author\"><span class=\"fn\"><a href=\"https:\/\/gazetadinvest.ro\/author\/sorinmarascu\/\">Marascu Sorin<\/a><\/span><\/div>\n<p><span class=\"td-page-meta\"><\/span><span class=\"td-page-meta\"><span class=\"td-page-meta\"><\/span><\/span><span class=\"td-page-meta\"><\/span><\/footer>\n<div class=\"td_block_wrap td_block_related_posts tdi_3 td_with_ajax_pagination td-pb-border-top td_block_template_8\" data-td-block-uid=\"tdi_3\">\n<h4 class=\"td-related-title td-block-title\"><a id=\"tdi_4\" class=\"td-related-left td-cur-simple-item\" data-td_filter_value data-td_block_id=\"tdi_3\" href=\"https:\/\/gazetadinvest.ro\/revolutia-tactila-la-muzeul-national-de-arta-timisoara-arta-nu-mai-are-bariere\/\">ARTICOLE SIMILARE<\/a><a id=\"tdi_5\" class=\"td-related-right\" data-td_filter_value=\"td_related_more_from_author\" data-td_block_id=\"tdi_3\" href=\"https:\/\/gazetadinvest.ro\/revolutia-tactila-la-muzeul-national-de-arta-timisoara-arta-nu-mai-are-bariere\/\">DE LA ACELA\u0218I AUTOR<\/a><\/h4>\n<div id=\"tdi_3\" class=\"td_block_inner\">\n<div class=\"td-related-row\">\n<div class=\"td-related-span4\">\n<div class=\"td_module_related_posts td-animation-stack td_mod_related_posts\">\n<div class=\"td-module-image\">\n<div class=\"td-module-thumb\"><a href=\"https:\/\/gazetadinvest.ro\/muzeul-national-de-arta-timisoara-invita-publicul-la-intalnirea-cu-artistii-proiectului-interdisciplinar-curtea\/\" rel=\"bookmark\" class=\"td-image-wrap \" title=\"Muzeul Na\u021bional de Art\u0103 Timi\u0219oara invit\u0103 publicul la \u00eent\u00e2lnirea cu arti\u0219tii proiectului interdisciplinar \u201eCURTEA\u201d\"><img loading=\"lazy\" decoding=\"async\" class=\"entry-thumb\" src=\"https:\/\/gazetadinvest.ro\/wp-content\/uploads\/2025\/08\/arta-436x300.jpg\" alt title=\"Muzeul Na\u021bional de Art\u0103 Timi\u0219oara invit\u0103 publicul la \u00eent\u00e2lnirea cu arti\u0219tii proiectului interdisciplinar \u201eCURTEA\u201d\" width=\"218\" height=\"150\"><\/a><\/div>\n<p><a href=\"https:\/\/gazetadinvest.ro\/category\/cultura\/\" class=\"td-post-category\">Cultura<\/a><\/div>\n<div class=\"item-details\">\n<h3 class=\"entry-title td-module-title\"><a href=\"https:\/\/gazetadinvest.ro\/muzeul-national-de-arta-timisoara-invita-publicul-la-intalnirea-cu-artistii-proiectului-interdisciplinar-curtea\/\" rel=\"bookmark\" title=\"Muzeul Na\u021bional de Art\u0103 Timi\u0219oara invit\u0103 publicul la \u00eent\u00e2lnirea cu arti\u0219tii proiectului interdisciplinar \u201eCURTEA\u201d\">Muzeul Na\u021bional de Art\u0103 Timi\u0219oara invit\u0103 publicul la \u00eent\u00e2lnirea cu arti\u0219tii proiectului interdisciplinar \u201eCURTEA\u201d<\/a><\/h3>\n<\/div>\n<\/div>\n<\/div>\n<div class=\"td-related-span4\">\n<div class=\"td_module_related_posts td-animation-stack td_mod_related_posts\">\n<div class=\"td-module-image\">\n<div class=\"td-module-thumb\"><a href=\"https:\/\/gazetadinvest.ro\/sezon-de-grafica-la-mnart-expresia-artistica-a-noii-generatii\/\" rel=\"bookmark\" class=\"td-image-wrap \" title=\"Sezon de grafic\u0103 la MNArT: expresia artistic\u0103 a noii genera\u021bii\"><img loading=\"lazy\" decoding=\"async\" class=\"entry-thumb\" src=\"https:\/\/gazetadinvest.ro\/wp-content\/uploads\/2025\/07\/mnart-436x300.jpg\" alt title=\"Sezon de grafic\u0103 la MNArT: expresia artistic\u0103 a noii genera\u021bii\" width=\"218\" height=\"150\"><\/a><\/div>\n<p><a href=\"https:\/\/gazetadinvest.ro\/category\/eveniment\/\" class=\"td-post-category\">Eveniment<\/a><\/div>\n<div class=\"item-details\">\n<h3 class=\"entry-title td-module-title\"><a href=\"https:\/\/gazetadinvest.ro\/sezon-de-grafica-la-mnart-expresia-artistica-a-noii-generatii\/\" rel=\"bookmark\" title=\"Sezon de grafic\u0103 la MNArT: expresia artistic\u0103 a noii genera\u021bii\">Sezon de grafic\u0103 la MNArT: expresia artistic\u0103 a noii genera\u021bii<\/a><\/h3>\n<\/div>\n<\/div>\n<\/div>\n<div class=\"td-related-span4\">\n<div class=\"td_module_related_posts td-animation-stack td_mod_related_posts\">\n<div class=\"td-module-image\">\n<div class=\"td-module-thumb\"><a href=\"https:\/\/gazetadinvest.ro\/expozitia-145-de-ani-de-relatii-diplomatice-intre-romania-si-italia-la-muzeul-national-de-arta-timisoara\/\" rel=\"bookmark\" class=\"td-image-wrap \" title=\"Expozi\u021bia \u201e145 de ani de rela\u021bii diplomatice \u00eentre Rom\u00e2nia \u0219i Italia\u201d la Muzeul Na\u021bional de Art\u0103 Timi\u0219oara\"><img loading=\"lazy\" decoding=\"async\" class=\"entry-thumb\" src=\"https:\/\/gazetadinvest.ro\/wp-content\/uploads\/2025\/05\/145-436x300.jpg\" alt title=\"Expozi\u021bia \u201e145 de ani de rela\u021bii diplomatice \u00eentre Rom\u00e2nia \u0219i Italia\u201d la Muzeul Na\u021bional de Art\u0103 Timi\u0219oara\" width=\"218\" height=\"150\"><\/a><\/div>\n<p><a href=\"https:\/\/gazetadinvest.ro\/category\/eveniment\/\" class=\"td-post-category\">Eveniment<\/a><\/div>\n<div class=\"item-details\">\n<h3 class=\"entry-title td-module-title\"><a href=\"https:\/\/gazetadinvest.ro\/expozitia-145-de-ani-de-relatii-diplomatice-intre-romania-si-italia-la-muzeul-national-de-arta-timisoara\/\" rel=\"bookmark\" title=\"Expozi\u021bia \u201e145 de ani de rela\u021bii diplomatice \u00eentre Rom\u00e2nia \u0219i Italia\u201d la Muzeul Na\u021bional de Art\u0103 Timi\u0219oara\">Expozi\u021bia \u201e145 de ani de rela\u021bii diplomatice \u00eentre Rom\u00e2nia \u0219i Italia\u201d la Muzeul Na\u021bional de Art\u0103 Timi\u0219oara<\/a><\/h3>\n<\/div>\n<\/div>\n<\/div>\n<\/div>\n<\/div>\n<\/div>\n<div class=\"comments\" id=\"comments\">\n<div id=\"respond\" class=\"comment-respond\">\n<h3 id=\"reply-title\" class=\"comment-reply-title\">L\u0102SA\u021aI UN MESAJ <small><a rel=\"nofollow\" id=\"cancel-comment-reply-link\" href=\"https:\/\/gazetadinvest.ro\/revolutia-tactila-la-muzeul-national-de-arta-timisoara-arta-nu-mai-are-bariere\/#respond\">Renun\u021ba\u021bi la r\u0103spuns<\/a><\/small><\/h3>\n<div class=\"comment-form-input-wrap td-form-comment\">\n<div class=\"td-warning-comment\">V\u0103 rug\u0103m s\u0103 introduce\u021bi comentariul dvs.!<\/div>\n<\/div>\n<div class=\"comment-form-input-wrap td-form-author\">\n<div class=\"td-warning-author\">Introduce\u021bi aici numele dvs.<\/div>\n<\/div>\n<div class=\"comment-form-input-wrap td-form-email\">\n<div class=\"td-warning-email-error\">A\u021bi introdus o adres\u0103 de e-mail incorect\u0103!<\/div>\n<div class=\"td-warning-email\">V\u0103 rug\u0103m s\u0103 introduce\u021bi adresa dvs. de e-mail aici<\/div>\n<\/div>\n<\/div>\n<\/div>\n<\/div>\n<\/div>\n<div class=\"td-pb-span4 td-main-sidebar\" role=\"complementary\">\n<div class=\"td-ss-main-sidebar\">\n<aside id=\"media_image-102\" class=\"td_block_template_8 widget media_image-102 widget_media_image\"><a href=\"https:\/\/piete-sa.ro\/\"><img loading=\"lazy\" decoding=\"async\" width=\"350\" height=\"426\" src=\"https:\/\/gazetadinvest.ro\/wp-content\/uploads\/2023\/05\/Logo-Piete-SA.jpg\" class=\"image wp-image-65510  attachment-full size-full\" alt><\/a><\/aside>\n<aside id=\"block-8\" class=\"td_block_template_8 widget block-8 widget_block widget_media_image\">\n<figure class=\"wp-block-image size-full\"><a href=\"https:\/\/adpghiroda.ro\/index.html\" target=\"_blank\" rel=\" noreferrer noopener\"><img loading=\"lazy\" decoding=\"async\" width=\"450\" height=\"450\" src=\"https:\/\/gazetadinvest.ro\/wp-content\/uploads\/2023\/05\/adp-ghiroda.gif\" alt class=\"wp-image-65511\"><\/a><\/figure>\n<\/aside>\n<aside id=\"media_image-5\" class=\"td_block_template_8 widget media_image-5 widget_media_image\"><a href=\"https:\/\/retim.ro\/\"><img loading=\"lazy\" decoding=\"async\" width=\"336\" height=\"280\" src=\"https:\/\/gazetadinvest.ro\/wp-content\/uploads\/2024\/11\/ReTIM-Abonamentul-Verde-Google-Ads-336x280px.gif\" class=\"image wp-image-72020  attachment-full size-full\" alt><\/a><\/aside>\n<aside id=\"block-11\" class=\"td_block_template_8 widget block-11 widget_block widget_media_image\">\n<figure class=\"wp-block-image size-large\"><a href=\"https:\/\/www.umft.ro\/ro\/acasa\/\" target=\"_blank\" rel=\" noreferrer noopener\"><img decoding=\"async\" loading=\"lazy\" width=\"1280\" height=\"321\" src=\"https:\/\/gazetadinvest.ro\/wp-content\/uploads\/2023\/11\/Logo-UMFT-1280x321.jpg\" alt class=\"wp-image-67316\"><\/a><\/figure>\n<\/aside>\n<aside id=\"media_image-76\" class=\"td_block_template_8 widget media_image-76 widget_media_image\"><a href=\"https:\/\/mnab.ro\/\"><img decoding=\"async\" width=\"415\" height=\"300\" src=\"https:\/\/gazetadinvest.ro\/wp-content\/uploads\/2024\/10\/MNaB_415_300_Oct.gif\" class=\"image wp-image-71869  attachment-full size-full\" alt loading=\"lazy\"><\/a><\/aside>\n<aside id=\"media_image-100\" class=\"td_block_template_8 widget media_image-100 widget_media_image\"><a href=\"http:\/\/adidtimis.ro\"><img decoding=\"async\" width=\"700\" height=\"300\" src=\"https:\/\/gazetadinvest.ro\/wp-content\/uploads\/2025\/10\/700x300-Voluminoase.jpg\" class=\"image wp-image-81373  attachment-full size-full\" alt loading=\"lazy\"><\/a><\/aside>\n<\/div>\n<\/div>\n<\/div>\n<\/article>\n<p> Source URL: https:\/\/gazetadinvest.ro\/revolutia-tactila-la-muzeul-national-de-arta-timisoara-arta-nu-mai-are-bariere\/<\/p>\n","protected":false},"excerpt":{"rendered":"<p>Acas\u0103Cultura\u201eRevolu\u021bia tactil\u0103\u201d- la Muzeul Na\u021bional de Art\u0103 Timi\u0219oara arta nu mai are&#8230; Cultura Eveniment Stiri Locale Stiri Timis \u201eRevolu\u021bia tactil\u0103\u201d- la Muzeul Na\u021bional de Art\u0103 Timi\u0219oara arta nu mai are bariere De c\u0103tre Marascu Sorin &#8211; 3 decembrie 2025 Muzeul Na\u021bional de Art\u0103 Timi\u0219oara \u0219i Consiliul Jude\u021bean Timi\u0219 anun\u021b\u0103 inaugurarea, miercuri, 3 decembrie 2025, la [&hellip;]<\/p>\n","protected":false},"author":1,"featured_media":0,"comment_status":"open","ping_status":"","sticky":false,"template":"","format":"standard","meta":{"footnotes":""},"categories":[89],"tags":[203],"class_list":["post-1050323","post","type-post","status-publish","format-standard","hentry","category-romania","tag-gazetadinvest-ro"],"_links":{"self":[{"href":"https:\/\/analyse.optim.biz\/index.php?rest_route=\/wp\/v2\/posts\/1050323","targetHints":{"allow":["GET"]}}],"collection":[{"href":"https:\/\/analyse.optim.biz\/index.php?rest_route=\/wp\/v2\/posts"}],"about":[{"href":"https:\/\/analyse.optim.biz\/index.php?rest_route=\/wp\/v2\/types\/post"}],"author":[{"embeddable":true,"href":"https:\/\/analyse.optim.biz\/index.php?rest_route=\/wp\/v2\/users\/1"}],"replies":[{"embeddable":true,"href":"https:\/\/analyse.optim.biz\/index.php?rest_route=%2Fwp%2Fv2%2Fcomments&post=1050323"}],"version-history":[{"count":0,"href":"https:\/\/analyse.optim.biz\/index.php?rest_route=\/wp\/v2\/posts\/1050323\/revisions"}],"wp:attachment":[{"href":"https:\/\/analyse.optim.biz\/index.php?rest_route=%2Fwp%2Fv2%2Fmedia&parent=1050323"}],"wp:term":[{"taxonomy":"category","embeddable":true,"href":"https:\/\/analyse.optim.biz\/index.php?rest_route=%2Fwp%2Fv2%2Fcategories&post=1050323"},{"taxonomy":"post_tag","embeddable":true,"href":"https:\/\/analyse.optim.biz\/index.php?rest_route=%2Fwp%2Fv2%2Ftags&post=1050323"}],"curies":[{"name":"wp","href":"https:\/\/api.w.org\/{rel}","templated":true}]}}