{"id":1050266,"date":"2025-08-04T07:19:05","date_gmt":"2025-08-04T04:19:05","guid":{"rendered":"https:\/\/analyse.optim.biz\/?p=1050266"},"modified":"2025-08-04T07:19:05","modified_gmt":"2025-08-04T04:19:05","slug":"la-verde-events-fiecare-moment-devine-o-amintire-de-neuitat","status":"publish","type":"post","link":"https:\/\/analyse.optim.biz\/?p=1050266","title":{"rendered":"La Verde Events, fiecare moment devine o amintire de neuitat"},"content":{"rendered":"<article id=\"template-id-172790\" class=\"post-172790 tdb_templates type-tdb_templates status-publish post\">\n<div id=\"tdi_38\" class=\"tdc-zone\">\n<div class=\"tdc_zone tdi_39  wpb_row td-pb-row\">\n<div id=\"tdi_40\" class=\"tdc-row stretch_row_1400 td-stretch-content\">\n<div class=\"vc_row tdi_41  wpb_row td-pb-row tdc-element-style\">\n<div class=\"vc_column tdi_43  wpb_column vc_column_container tdc-column td-pb-span8\">\n<div class=\"wpb_wrapper\">\n<div class=\"td_block_wrap tdb_single_categories tdi_44 td-pb-border-top td_block_template_1 \" data-td-block-uid=\"tdi_44\">\n<div class=\"tdb-category td-fix-index\"><a class=\"tdb-entry-category\" href=\"https:\/\/voceatimisului.ro\/advertoriale\/\">Advertoriale<\/a><a class=\"tdb-entry-category\" href=\"https:\/\/voceatimisului.ro\/stiri-din-timisoara-si-timis\/\">\u0218tiri<\/a><\/div>\n<\/div>\n<div class=\"td_block_wrap tdb_title tdi_45 tdb-single-title td-pb-border-top td_block_template_1\" data-td-block-uid=\"tdi_45\">\n<div class=\"tdb-block-inner td-fix-index\">\n<h1 class=\"tdb-title-text\">La Verde Events, fiecare moment devine o amintire de neuitat<\/h1>\n<\/div>\n<\/div>\n<div class=\"vc_row_inner tdi_48  vc_row vc_inner wpb_row td-pb-row\">\n<div class=\"vc_column_inner tdi_50  wpb_column vc_column_container tdc-inner-column td-pb-span6\">\n<div class=\"vc_column-inner\">\n<div class=\"wpb_wrapper\">\n<div class=\"td_block_wrap tdb_single_author tdi_51 td-pb-border-top td_block_template_1 tdb-post-meta\" data-td-block-uid=\"tdi_51\">\n<div class=\"tdb-block-inner td-fix-index\">\n<div class=\"tdb-author-name-wrap\"><span class=\"tdb-author-by\">Autor-<\/span><a class=\"tdb-author-name\" href=\"https:\/\/voceatimisului.ro\/author\/cataadmin\/\">Radu Constantin<\/a><\/div>\n<\/div>\n<\/div>\n<div class=\"td_block_wrap tdb_single_date tdi_52 td-pb-border-top td_block_template_1 tdb-post-meta\" data-td-block-uid=\"tdi_52\">\n<div class=\"tdb-block-inner td-fix-index\"><time class=\"entry-date updated td-module-date\" datetime=\"2025-08-04T10:19:05+03:00\">4 august 2025<\/time><\/div>\n<\/div>\n<div class=\"td_block_wrap tdb_single_comments_count tdi_53 td-pb-border-top td_block_template_1 tdb-post-meta\" data-td-block-uid=\"tdi_53\">\n<div class=\"tdb-block-inner td-fix-index\"><a href=\"https:\/\/voceatimisului.ro\/la-verde-events-fiecare-moment-devine-o-amintire-de-neuitat\/#respond\"><span>0<\/span><\/a><\/div>\n<\/div>\n<div class=\"td_block_wrap tdb_single_post_views tdi_54 td-pb-border-top td_block_template_1 tdb-post-meta\" data-td-block-uid=\"tdi_54\">\n<div class=\"tdb-block-inner td-fix-index\"><span class=\"tdb-add-text\">1<\/span><span class=\"td-nr-views-174369\">1013<\/span><\/div>\n<\/div>\n<\/div>\n<\/div>\n<\/div>\n<div class=\"vc_column_inner tdi_56  wpb_column vc_column_container tdc-inner-column td-pb-span6\">\n<div class=\"vc_column-inner\">\n<div class=\"wpb_wrapper\">\n<div class=\"td_block_wrap tdb_single_post_share tdi_57  td-pb-border-top td_block_template_1\" data-td-block-uid=\"tdi_57\">\n<div id=\"tdi_57\" class=\"td-post-sharing tdb-block td-ps-bg td-ps-notext td-post-sharing-style1 \">\n<div class=\"td-post-sharing-visible\"><a class=\"td-social-sharing-button td-social-sharing-button-js td-social-network td-social-facebook\" href=\"https:\/\/www.facebook.com\/sharer.php?u=https%3A%2F%2Fvoceatimisului.ro%2Fla-verde-events-fiecare-moment-devine-o-amintire-de-neuitat%2F\" title=\"Facebook\" rel=\"noopener\"><\/p>\n<div class=\"td-social-but-text\">Facebook<\/div>\n<p><\/a><a class=\"td-social-sharing-button td-social-sharing-button-js td-social-network td-social-twitter\" href=\"https:\/\/twitter.com\/intent\/tweet?text=La+Verde+Events%2C+fiecare+moment+devine+o+amintire+de+neuitat&amp;url=https%3A%2F%2Fvoceatimisului.ro%2Fla-verde-events-fiecare-moment-devine-o-amintire-de-neuitat%2F&amp;via=Vocea+Timisului\" title=\"Twitter\" rel=\"noopener\"><\/p>\n<div class=\"td-social-but-text\">Twitter<\/div>\n<p><\/a><a class=\"td-social-sharing-button td-social-sharing-button-js td-social-network td-social-pinterest\" href=\"https:\/\/pinterest.com\/pin\/create\/button\/?url=https:\/\/voceatimisului.ro\/la-verde-events-fiecare-moment-devine-o-amintire-de-neuitat\/&amp;media=https:\/\/voceatimisului.ro\/wp-content\/uploads\/2025\/08\/Verde-Events-24.jpg&amp;description=La+Verde+Events%2C+fiecare+moment+devine+o+amintire+de+neuitat\" title=\"Pinterest\" rel=\"noopener\"><\/p>\n<div class=\"td-social-but-text\">Pinterest<\/div>\n<p><\/a><a class=\"td-social-sharing-button td-social-sharing-button-js td-social-network td-social-whatsapp\" href=\"https:\/\/api.whatsapp.com\/send?text=La+Verde+Events%2C+fiecare+moment+devine+o+amintire+de+neuitat%20%0A%0A%20https:\/\/voceatimisului.ro\/la-verde-events-fiecare-moment-devine-o-amintire-de-neuitat\/\" title=\"WhatsApp\" rel=\"noopener\"><\/p>\n<div class=\"td-social-but-text\">WhatsApp<\/div>\n<p><\/a><a class=\"td-social-sharing-button td-social-sharing-button-js td-social-network td-social-linkedin\" href=\"https:\/\/www.linkedin.com\/shareArticle?mini=true&amp;url=https:\/\/voceatimisului.ro\/la-verde-events-fiecare-moment-devine-o-amintire-de-neuitat\/&amp;title=La+Verde+Events%2C+fiecare+moment+devine+o+amintire+de+neuitat\" title=\"Linkedin\" rel=\"noopener\"><\/p>\n<div class=\"td-social-but-text\">Linkedin<\/div>\n<p><\/a><a class=\"td-social-sharing-button td-social-sharing-button-js td-social-network td-social-copy_url\" href=\"https:\/\/voceatimisului.ro\/la-verde-events-fiecare-moment-devine-o-amintire-de-neuitat\/\" title=\"Copy URL\" rel=\"noopener\"><\/p>\n<div class=\"td-social-but-text\">Copy URL<\/div>\n<p><\/a><\/div>\n<\/div>\n<\/div>\n<\/div>\n<\/div>\n<\/div>\n<\/div>\n<div class=\"td_block_wrap tdb_single_featured_image tdi_58 tdb-content-horiz-left td-pb-border-top td_block_template_1\" data-td-block-uid=\"tdi_58\">\n<div class=\"tdb-block-inner td-fix-index\"><img fetchpriority=\"high\" decoding=\"async\" width=\"696\" height=\"464\" class=\"entry-thumb\" src=\"https:\/\/voceatimisului.ro\/wp-content\/uploads\/2025\/08\/Verde-Events-24-696x464.jpg\" alt=\"Verde Events\" title=\"Verde Events-24\" loading=\"eager\"><\/div>\n<\/div>\n<div class=\"vc_row_inner tdi_60  vc_row vc_inner wpb_row td-pb-row\">\n<div class=\"vc_column_inner tdi_62  wpb_column vc_column_container tdc-inner-column td-pb-span4 td-is-sticky\">\n<div class=\"vc_column-inner\">\n<div class=\"wpb_wrapper\" data-sticky-enabled-on=\"W3RydWUsdHJ1ZSx0cnVlLHRydWVd\" data-sticky-offset=\"20\" data-sticky-is-width-auto=\"W2ZhbHNlLGZhbHNlLGZhbHNlLGZhbHNlXQ==\">\n<div class=\"td_block_wrap td_flex_block_1 tdi_63 td-pb-border-top td_block_template_1 td_ajax_preloading_preload td_flex_block\" data-td-block-uid=\"tdi_63\">\n<div id=\"tdi_63\" class=\"td_block_inner td-mc1-wrap\">\n<div class=\"td_module_flex td_module_flex_1 td_module_wrap td-animation-stack td-meta-info-hide td-cpt-post\">\n<div class=\"td-module-container td-category-pos-image\">\n<div class=\"td-module-meta-info\">\n<h3 class=\"entry-title td-module-title\"><a href=\"https:\/\/voceatimisului.ro\/patrick-pascota-castiga-treia-etapa-de-motocros-de-la-ianova-patra-generatie-pascota-isi-intra-rol\/\" rel=\"bookmark\" title=\"Patrick Pascot\u0103 c\u00e2\u0219tig\u0103 a treia etap\u0103 de motocros de la Ianova. A patra genera\u021bie PASCOT\u0102, \u00ee\u0219i intr\u0103 \u00een rol\">Patrick Pascot\u0103 c\u00e2\u0219tig\u0103 a treia etap\u0103 de motocros de la Ianova. A patra genera\u021bie PASCOT\u0102, \u00ee\u0219i intr\u0103 \u00een rol<\/a><\/h3>\n<\/div>\n<\/div>\n<\/div>\n<div class=\"td_module_flex td_module_flex_1 td_module_wrap td-animation-stack td-meta-info-hide td-cpt-post\">\n<div class=\"td-module-container td-category-pos-image\">\n<div class=\"td-module-meta-info\">\n<h3 class=\"entry-title td-module-title\"><a href=\"https:\/\/voceatimisului.ro\/politia-locala-amendeaza-mai-tare-decat-cea-nationala-la-timisoara-1-000-de-lei-pentru-muzica-la-maxim\/\" rel=\"bookmark\" title=\"Poli\u021bia Local\u0103 amendeaz\u0103 mai \u201dTARE\u201d dec\u00e2t cea Na\u021bional\u0103, la Timi\u0219oara. 1.000 de lei pentru \u201dmuzica la MAXIM\u201d\">Poli\u021bia Local\u0103 amendeaz\u0103 mai \u201dTARE\u201d dec\u00e2t cea Na\u021bional\u0103, la Timi\u0219oara. 1.000 de lei pentru \u201dmuzica la MAXIM\u201d<\/a><\/h3>\n<\/div>\n<\/div>\n<\/div>\n<div class=\"td_module_flex td_module_flex_1 td_module_wrap td-animation-stack td-meta-info-hide td-cpt-post\">\n<div class=\"td-module-container td-category-pos-image\">\n<div class=\"td-module-meta-info\">\n<h3 class=\"entry-title td-module-title\"><a href=\"https:\/\/voceatimisului.ro\/luptatorul-k1-timisoreanul-daniel-corbeanu-devenit-cetatean-de-onoare-al-comunei-remetea-mare-fotovideo\/\" rel=\"bookmark\" title=\"Lupt\u0103torul K1, timi\u0219oreanul Daniel Corbeanu, a devenit CET\u0102\u021aEAN de ONOARE al comunei Remetea Mare FOTO\/VIDEO\">Lupt\u0103torul K1, timi\u0219oreanul Daniel Corbeanu, a devenit CET\u0102\u021aEAN de ONOARE al comunei Remetea Mare FOTO\/VIDEO<\/a><\/h3>\n<\/div>\n<\/div>\n<\/div>\n<div class=\"td_module_flex td_module_flex_1 td_module_wrap td-animation-stack td-meta-info-hide td-cpt-post\">\n<div class=\"td-module-container td-category-pos-image\">\n<div class=\"td-module-meta-info\">\n<h3 class=\"entry-title td-module-title\"><a href=\"https:\/\/voceatimisului.ro\/lugojenii-de-la-moto-extrem-au-dominat-campionatul-regional-vest-la-motocros\/\" rel=\"bookmark\" title=\"Lugojenii de la Moto-Extrem au dominat Campionatul Regional Vest la Motocros\">Lugojenii de la Moto-Extrem au dominat Campionatul Regional Vest la Motocros<\/a><\/h3>\n<\/div>\n<\/div>\n<\/div>\n<\/div>\n<\/div>\n<div class=\"tdb-author-box td_block_wrap tdb_single_author_box tdi_68 tdb-content-vert-top td-pb-border-top td_block_template_1\" data-td-block-uid=\"tdi_68\">\n<div class=\"tdb-block-inner td-fix-index\">\n<div class=\"tdb-author-info\"><a href=\"https:\/\/voceatimisului.ro\/author\/cataadmin\/\" class=\"tdb-author-name\">Radu Constantin<\/a><a href=\"http:\/\/www.voceatimisului.ro\" rel=\"nofollow\" class=\"tdb-author-url\">http:\/\/www.voceatimisului.ro<\/a><\/p>\n<div class=\"tdb-author-descr\">\u00centreaga responsabilitate a comentariilor l\u0103sate de dumneavoastr\u0103 v\u0103 apar\u021bine!<br \/>\nClick <a href=\"https:\/\/voceatimisului.ro\/termeni-si-conditii\/\">aici<\/a>-citeste condi\u0163iile de utilizare ale site-ului www.voceatimisului.ro<\/div>\n<\/div>\n<\/div>\n<\/div>\n<\/div>\n<\/div>\n<\/div>\n<div class=\"vc_column_inner tdi_70  wpb_column vc_column_container tdc-inner-column td-pb-span8\">\n<div class=\"vc_column-inner\">\n<div class=\"wpb_wrapper\">\n<div class=\"td_block_wrap tdb_single_content tdi_71 td-pb-border-top td_block_template_1 td-post-content tagdiv-type\" data-td-block-uid=\"tdi_71\">\n<div class=\"tdb-block-inner td-fix-index\">\n<h2 class=\"wp-block-heading\">La doar c\u00e2\u021biva kilometri de Timi\u0219oara, \u00een lini\u0219titul sat Ianova, exist\u0103 un loc unde evenimentele devin pove\u0219ti de neuitat. Un spa\u021biu \u00een care lemnul cald se \u00eemplete\u0219te cu verdele proasp\u0103t al naturii, iar lumina natural\u0103 inund\u0103 fiecare col\u021b, cre\u00e2nd o atmosfer\u0103 de basm. Acesta este <strong>Verde Events<\/strong> \u2013 sala unde emo\u021biile prind contur, iar momentele speciale devin amintiri pentru o via\u021b\u0103.<\/h2>\n<p>De la primul pas \u00een\u0103untru, e\u0219ti \u00eent\u00e2mpinat de elegan\u021ba decorului: draperii albe care se leag\u0103n\u0103 u\u0219or, candelabre verzi ce par gr\u0103dini suspendate, reflexe de lumin\u0103 care danseaz\u0103 pe podea. Atmosfera este una cald\u0103 \u0219i rafinat\u0103, gata s\u0103 primeasc\u0103 orice tip de eveniment: nun\u021bi, botezuri, anivers\u0103ri, petreceri corporate.<\/p>\n<p><strong>Verde Events<\/strong> nu este doar o sal\u0103, ci o scen\u0103 unde tu e\u0219ti personajul principal. Cu o capacitate de <strong>p\u00e2n\u0103 la 180 de persoane<\/strong>, spa\u021biul se transform\u0103 dup\u0103 povestea ta. Fiecare detaliu \u2013 de la aranjamentele florale, la lum\u00e2n\u0103rile calde \u0219i tac\u00e2murile elegante \u2013 este ales cu grij\u0103 pentru a oferi invita\u021bilor t\u0103i o experien\u021b\u0103 memorabil\u0103.<\/p>\n<p>\u0218i poate cea mai mare frumuse\u021be a <strong>Verde Events<\/strong> este libertatea pe care o ofer\u0103. Po\u021bi veni cu propria ta viziune de decor sau o po\u021bi \u00eencredin\u021ba echipei lor de profesioni\u0219ti \u2013 rezultatul va fi \u00eentotdeauna peste a\u0219tept\u0103ri.<\/p>\n<p>\ud83d\udccd <strong><a href=\"https:\/\/www.facebook.com\/verdeevents.ro\" target=\"_blank\" rel=\"noreferrer noopener\">Verde Events<\/a> \u2013 Ianova, Timi\u0219<\/strong><br \/>\ud83d\udc8d Nun\u021bi \u2022 \ud83c\udf89 Petreceri \u2022 \ud83d\udc76 Botezuri \u2022 \ud83c\udfe2 Evenimente corporate<br \/>\u260e\ufe0f <strong>0731 600 000<\/strong> \u2013 pentru vizion\u0103ri \u0219i rezerv\u0103ri<\/p>\n<p><strong><a href=\"https:\/\/verde.events\/\" target=\"_blank\" rel=\"noreferrer noopener\">Verde Events<\/a><\/strong> \u2013 locul unde amintirile cresc \u00een lumin\u0103 \u0219i culoare.<\/p>\n<figure class=\"wp-block-gallery has-nested-images columns-default is-cropped wp-block-gallery-1 is-layout-flex wp-block-gallery-is-layout-flex\">\n<div><a href=\"https:\/\/voceatimisului.ro\/wp-content\/uploads\/2025\/08\/Verde-Events-25-1024x682.jpg\" class=\"td-modal-image\"><\/p>\n<figure class=\"wp-block-image size-large\"><img decoding=\"async\" width=\"1024\" height=\"682\" data-id=\"174396\" src=\"https:\/\/voceatimisului.ro\/wp-content\/uploads\/2025\/08\/Verde-Events-25-1024x682.jpg\" alt=\"La Verde Events, fiecare moment devine o amintire de neuitat\" class=\"wp-image-174396\" loading=\"lazy\"><\/figure>\n<p><\/a><\/div>\n<div><a href=\"https:\/\/voceatimisului.ro\/wp-content\/uploads\/2025\/08\/Verde-Events-24-1024x683.jpg\" class=\"td-modal-image\"><\/p>\n<figure class=\"wp-block-image size-large\"><img decoding=\"async\" width=\"1024\" height=\"683\" data-id=\"174395\" src=\"https:\/\/voceatimisului.ro\/wp-content\/uploads\/2025\/08\/Verde-Events-24-1024x683.jpg\" alt=\"Verde Events\" class=\"wp-image-174395\" loading=\"lazy\"><\/figure>\n<p><\/a><\/div>\n<div><a href=\"https:\/\/voceatimisului.ro\/wp-content\/uploads\/2025\/08\/Verde-Events-23-1024x683.jpg\" class=\"td-modal-image\"><\/p>\n<figure class=\"wp-block-image size-large\"><img decoding=\"async\" width=\"1024\" height=\"683\" data-id=\"174394\" src=\"https:\/\/voceatimisului.ro\/wp-content\/uploads\/2025\/08\/Verde-Events-23-1024x683.jpg\" alt=\"La Verde Events, fiecare moment devine o amintire de neuitat\" class=\"wp-image-174394\" loading=\"lazy\"><\/figure>\n<p><\/a><\/div>\n<div><a href=\"https:\/\/voceatimisului.ro\/wp-content\/uploads\/2025\/08\/Verde-Events-22-683x1024.jpg\" class=\"td-modal-image\"><\/p>\n<figure class=\"wp-block-image size-large\"><img decoding=\"async\" loading=\"lazy\" width=\"683\" height=\"1024\" data-id=\"174393\" src=\"https:\/\/voceatimisului.ro\/wp-content\/uploads\/2025\/08\/Verde-Events-22-683x1024.jpg\" alt=\"La Verde Events, fiecare moment devine o amintire de neuitat\" class=\"wp-image-174393\"><\/figure>\n<p><\/a><\/div>\n<div><a href=\"https:\/\/voceatimisului.ro\/wp-content\/uploads\/2025\/08\/Verde-Events-21-683x1024.jpg\" class=\"td-modal-image\"><\/p>\n<figure class=\"wp-block-image size-large\"><img decoding=\"async\" loading=\"lazy\" width=\"683\" height=\"1024\" data-id=\"174392\" src=\"https:\/\/voceatimisului.ro\/wp-content\/uploads\/2025\/08\/Verde-Events-21-683x1024.jpg\" alt=\"La Verde Events, fiecare moment devine o amintire de neuitat\" class=\"wp-image-174392\"><\/figure>\n<p><\/a><\/div>\n<div><a href=\"https:\/\/voceatimisului.ro\/wp-content\/uploads\/2025\/08\/Verde-Events-20-683x1024.jpg\" class=\"td-modal-image\"><\/p>\n<figure class=\"wp-block-image size-large\"><img decoding=\"async\" loading=\"lazy\" width=\"683\" height=\"1024\" data-id=\"174391\" src=\"https:\/\/voceatimisului.ro\/wp-content\/uploads\/2025\/08\/Verde-Events-20-683x1024.jpg\" alt=\"La Verde Events, fiecare moment devine o amintire de neuitat\" class=\"wp-image-174391\"><\/figure>\n<p><\/a><\/div>\n<div><a href=\"https:\/\/voceatimisului.ro\/wp-content\/uploads\/2025\/08\/Verde-Events-19-1024x683.jpg\" class=\"td-modal-image\"><\/p>\n<figure class=\"wp-block-image size-large\"><img decoding=\"async\" loading=\"lazy\" width=\"1024\" height=\"683\" data-id=\"174390\" src=\"https:\/\/voceatimisului.ro\/wp-content\/uploads\/2025\/08\/Verde-Events-19-1024x683.jpg\" alt=\"La Verde Events, fiecare moment devine o amintire de neuitat\" class=\"wp-image-174390\"><\/figure>\n<p><\/a><\/div>\n<div><a href=\"https:\/\/voceatimisului.ro\/wp-content\/uploads\/2025\/08\/Verde-Events-18-1024x683.jpg\" class=\"td-modal-image\"><\/p>\n<figure class=\"wp-block-image size-large\"><img decoding=\"async\" loading=\"lazy\" width=\"1024\" height=\"683\" data-id=\"174389\" src=\"https:\/\/voceatimisului.ro\/wp-content\/uploads\/2025\/08\/Verde-Events-18-1024x683.jpg\" alt=\"La Verde Events, fiecare moment devine o amintire de neuitat\" class=\"wp-image-174389\"><\/figure>\n<p><\/a><\/div>\n<div><a href=\"https:\/\/voceatimisului.ro\/wp-content\/uploads\/2025\/08\/Verde-Events-17-1024x683.jpg\" class=\"td-modal-image\"><\/p>\n<figure class=\"wp-block-image size-large\"><img decoding=\"async\" loading=\"lazy\" width=\"1024\" height=\"683\" data-id=\"174388\" src=\"https:\/\/voceatimisului.ro\/wp-content\/uploads\/2025\/08\/Verde-Events-17-1024x683.jpg\" alt=\"La Verde Events, fiecare moment devine o amintire de neuitat\" class=\"wp-image-174388\"><\/figure>\n<p><\/a><\/div>\n<div><a href=\"https:\/\/voceatimisului.ro\/wp-content\/uploads\/2025\/08\/Verde-Events-16-1024x683.jpg\" class=\"td-modal-image\"><\/p>\n<figure class=\"wp-block-image size-large\"><img decoding=\"async\" loading=\"lazy\" width=\"1024\" height=\"683\" data-id=\"174387\" src=\"https:\/\/voceatimisului.ro\/wp-content\/uploads\/2025\/08\/Verde-Events-16-1024x683.jpg\" alt=\"La Verde Events, fiecare moment devine o amintire de neuitat\" class=\"wp-image-174387\"><\/figure>\n<p><\/a><\/div>\n<div><a href=\"https:\/\/voceatimisului.ro\/wp-content\/uploads\/2025\/08\/Verde-Events-15-1024x683.jpg\" class=\"td-modal-image\"><\/p>\n<figure class=\"wp-block-image size-large\"><img decoding=\"async\" loading=\"lazy\" width=\"1024\" height=\"683\" data-id=\"174386\" src=\"https:\/\/voceatimisului.ro\/wp-content\/uploads\/2025\/08\/Verde-Events-15-1024x683.jpg\" alt=\"La Verde Events, fiecare moment devine o amintire de neuitat\" class=\"wp-image-174386\"><\/figure>\n<p><\/a><\/div>\n<div><a href=\"https:\/\/voceatimisului.ro\/wp-content\/uploads\/2025\/08\/Verde-Events-14-1024x683.jpg\" class=\"td-modal-image\"><\/p>\n<figure class=\"wp-block-image size-large\"><img decoding=\"async\" loading=\"lazy\" width=\"1024\" height=\"683\" data-id=\"174385\" src=\"https:\/\/voceatimisului.ro\/wp-content\/uploads\/2025\/08\/Verde-Events-14-1024x683.jpg\" alt=\"La Verde Events, fiecare moment devine o amintire de neuitat\" class=\"wp-image-174385\"><\/figure>\n<p><\/a><\/div>\n<div><a href=\"https:\/\/voceatimisului.ro\/wp-content\/uploads\/2025\/08\/Verde-Events-13-683x1024.jpg\" class=\"td-modal-image\"><\/p>\n<figure class=\"wp-block-image size-large\"><img decoding=\"async\" loading=\"lazy\" width=\"683\" height=\"1024\" data-id=\"174384\" src=\"https:\/\/voceatimisului.ro\/wp-content\/uploads\/2025\/08\/Verde-Events-13-683x1024.jpg\" alt=\"La Verde Events, fiecare moment devine o amintire de neuitat\" class=\"wp-image-174384\"><\/figure>\n<p><\/a><\/div>\n<div><a href=\"https:\/\/voceatimisului.ro\/wp-content\/uploads\/2025\/08\/Verde-Events-12-1024x683.jpg\" class=\"td-modal-image\"><\/p>\n<figure class=\"wp-block-image size-large\"><img decoding=\"async\" loading=\"lazy\" width=\"1024\" height=\"683\" data-id=\"174383\" src=\"https:\/\/voceatimisului.ro\/wp-content\/uploads\/2025\/08\/Verde-Events-12-1024x683.jpg\" alt=\"La Verde Events, fiecare moment devine o amintire de neuitat\" class=\"wp-image-174383\"><\/figure>\n<p><\/a><\/div>\n<div><a href=\"https:\/\/voceatimisului.ro\/wp-content\/uploads\/2025\/08\/Verde-Events-11-1024x683.jpg\" class=\"td-modal-image\"><\/p>\n<figure class=\"wp-block-image size-large\"><img decoding=\"async\" loading=\"lazy\" width=\"1024\" height=\"683\" data-id=\"174382\" src=\"https:\/\/voceatimisului.ro\/wp-content\/uploads\/2025\/08\/Verde-Events-11-1024x683.jpg\" alt=\"La Verde Events, fiecare moment devine o amintire de neuitat\" class=\"wp-image-174382\"><\/figure>\n<p><\/a><\/div>\n<div><a href=\"https:\/\/voceatimisului.ro\/wp-content\/uploads\/2025\/08\/Verde-Events-10-1024x683.jpg\" class=\"td-modal-image\"><\/p>\n<figure class=\"wp-block-image size-large\"><img decoding=\"async\" loading=\"lazy\" width=\"1024\" height=\"683\" data-id=\"174381\" src=\"https:\/\/voceatimisului.ro\/wp-content\/uploads\/2025\/08\/Verde-Events-10-1024x683.jpg\" alt=\"La Verde Events, fiecare moment devine o amintire de neuitat\" class=\"wp-image-174381\"><\/figure>\n<p><\/a><\/div>\n<div><a href=\"https:\/\/voceatimisului.ro\/wp-content\/uploads\/2025\/08\/Verde-Events-09-1024x683.jpg\" class=\"td-modal-image\"><\/p>\n<figure class=\"wp-block-image size-large\"><img decoding=\"async\" loading=\"lazy\" width=\"1024\" height=\"683\" data-id=\"174380\" src=\"https:\/\/voceatimisului.ro\/wp-content\/uploads\/2025\/08\/Verde-Events-09-1024x683.jpg\" alt=\"La Verde Events, fiecare moment devine o amintire de neuitat\" class=\"wp-image-174380\"><\/figure>\n<p><\/a><\/div>\n<div><a href=\"https:\/\/voceatimisului.ro\/wp-content\/uploads\/2025\/08\/Verde-Events-08-1024x683.jpg\" class=\"td-modal-image\"><\/p>\n<figure class=\"wp-block-image size-large\"><img decoding=\"async\" loading=\"lazy\" width=\"1024\" height=\"683\" data-id=\"174379\" src=\"https:\/\/voceatimisului.ro\/wp-content\/uploads\/2025\/08\/Verde-Events-08-1024x683.jpg\" alt=\"La Verde Events, fiecare moment devine o amintire de neuitat\" class=\"wp-image-174379\"><\/figure>\n<p><\/a><\/div>\n<div><a href=\"https:\/\/voceatimisului.ro\/wp-content\/uploads\/2025\/08\/Verde-Events-07-683x1024.jpg\" class=\"td-modal-image\"><\/p>\n<figure class=\"wp-block-image size-large\"><img decoding=\"async\" loading=\"lazy\" width=\"683\" height=\"1024\" data-id=\"174378\" src=\"https:\/\/voceatimisului.ro\/wp-content\/uploads\/2025\/08\/Verde-Events-07-683x1024.jpg\" alt=\"La Verde Events, fiecare moment devine o amintire de neuitat\" class=\"wp-image-174378\"><\/figure>\n<p><\/a><\/div>\n<div><a href=\"https:\/\/voceatimisului.ro\/wp-content\/uploads\/2025\/08\/Verde-Events-06-1024x682.jpg\" class=\"td-modal-image\"><\/p>\n<figure class=\"wp-block-image size-large\"><img decoding=\"async\" loading=\"lazy\" width=\"1024\" height=\"682\" data-id=\"174377\" src=\"https:\/\/voceatimisului.ro\/wp-content\/uploads\/2025\/08\/Verde-Events-06-1024x682.jpg\" alt=\"La Verde Events, fiecare moment devine o amintire de neuitat\" class=\"wp-image-174377\"><\/figure>\n<p><\/a><\/div>\n<div><a href=\"https:\/\/voceatimisului.ro\/wp-content\/uploads\/2025\/08\/Verde-Events-05-683x1024.jpg\" class=\"td-modal-image\"><\/p>\n<figure class=\"wp-block-image size-large\"><img decoding=\"async\" loading=\"lazy\" width=\"683\" height=\"1024\" data-id=\"174376\" src=\"https:\/\/voceatimisului.ro\/wp-content\/uploads\/2025\/08\/Verde-Events-05-683x1024.jpg\" alt=\"La Verde Events, fiecare moment devine o amintire de neuitat\" class=\"wp-image-174376\"><\/figure>\n<p><\/a><\/div>\n<div><a href=\"https:\/\/voceatimisului.ro\/wp-content\/uploads\/2025\/08\/Verde-Events-04-683x1024.jpg\" class=\"td-modal-image\"><\/p>\n<figure class=\"wp-block-image size-large\"><img decoding=\"async\" loading=\"lazy\" width=\"683\" height=\"1024\" data-id=\"174375\" src=\"https:\/\/voceatimisului.ro\/wp-content\/uploads\/2025\/08\/Verde-Events-04-683x1024.jpg\" alt=\"La Verde Events, fiecare moment devine o amintire de neuitat\" class=\"wp-image-174375\"><\/figure>\n<p><\/a><\/div>\n<div><a href=\"https:\/\/voceatimisului.ro\/wp-content\/uploads\/2025\/08\/Verde-Events-03-1024x683.jpg\" class=\"td-modal-image\"><\/p>\n<figure class=\"wp-block-image size-large\"><img decoding=\"async\" loading=\"lazy\" width=\"1024\" height=\"683\" data-id=\"174374\" src=\"https:\/\/voceatimisului.ro\/wp-content\/uploads\/2025\/08\/Verde-Events-03-1024x683.jpg\" alt=\"La Verde Events, fiecare moment devine o amintire de neuitat\" class=\"wp-image-174374\"><\/figure>\n<p><\/a><\/div>\n<div><a href=\"https:\/\/voceatimisului.ro\/wp-content\/uploads\/2025\/08\/Verde-Events-02-1024x683.jpg\" class=\"td-modal-image\"><\/p>\n<figure class=\"wp-block-image size-large\"><img decoding=\"async\" loading=\"lazy\" width=\"1024\" height=\"683\" data-id=\"174373\" src=\"https:\/\/voceatimisului.ro\/wp-content\/uploads\/2025\/08\/Verde-Events-02-1024x683.jpg\" alt=\"La Verde Events, fiecare moment devine o amintire de neuitat\" class=\"wp-image-174373\"><\/figure>\n<p><\/a><\/div>\n<div><a href=\"https:\/\/voceatimisului.ro\/wp-content\/uploads\/2025\/08\/Verde-Events-01-683x1024.jpg\" class=\"td-modal-image\"><\/p>\n<figure class=\"wp-block-image size-large\"><img decoding=\"async\" loading=\"lazy\" width=\"683\" height=\"1024\" data-id=\"174372\" src=\"https:\/\/voceatimisului.ro\/wp-content\/uploads\/2025\/08\/Verde-Events-01-683x1024.jpg\" alt=\"La Verde Events, fiecare moment devine o amintire de neuitat\" class=\"wp-image-174372\"><\/figure>\n<p><\/a><\/div>\n<\/figure>\n<\/div>\n<\/div>\n<div class=\"td_block_wrap tdb_single_tags tdi_74 td-pb-border-top td_block_template_1\" data-td-block-uid=\"tdi_74\">\n<div class=\"tdb-block-inner td-fix-index\">\n<ul class=\"tdb-tags\">\n<li><span>Tags<\/span><\/li>\n<li><a href=\"https:\/\/voceatimisului.ro\/tag\/evenimente-corporate\/\">Evenimente corporate<\/a><\/li>\n<li><a href=\"https:\/\/voceatimisului.ro\/tag\/ianova\/\">ianova<\/a><\/li>\n<li><a href=\"https:\/\/voceatimisului.ro\/tag\/petrecere\/\">petrecere<\/a><\/li>\n<li><a href=\"https:\/\/voceatimisului.ro\/tag\/sala-de-evenimente\/\">sala de evenimente<\/a><\/li>\n<li><a href=\"https:\/\/voceatimisului.ro\/tag\/verde-events\/\">Verde Events<\/a><\/li>\n<\/ul>\n<\/div>\n<\/div>\n<div class=\"td_block_wrap tdb_single_post_share tdi_75  td-pb-border-top td_block_template_1\" data-td-block-uid=\"tdi_75\">\n<div id=\"tdi_75\" class=\"td-post-sharing tdb-block td-ps-bg td-ps-notext td-post-sharing-style1 \">\n<div class=\"td-post-sharing-visible\"><a class=\"td-social-sharing-button td-social-sharing-button-js td-social-network td-social-facebook\" href=\"https:\/\/www.facebook.com\/sharer.php?u=https%3A%2F%2Fvoceatimisului.ro%2Fla-verde-events-fiecare-moment-devine-o-amintire-de-neuitat%2F\" title=\"Facebook\" rel=\"noopener\"><\/p>\n<div class=\"td-social-but-text\">Facebook<\/div>\n<p><\/a><a class=\"td-social-sharing-button td-social-sharing-button-js td-social-network td-social-twitter\" href=\"https:\/\/twitter.com\/intent\/tweet?text=La+Verde+Events%2C+fiecare+moment+devine+o+amintire+de+neuitat&amp;url=https%3A%2F%2Fvoceatimisului.ro%2Fla-verde-events-fiecare-moment-devine-o-amintire-de-neuitat%2F&amp;via=Vocea+Timisului\" title=\"Twitter\" rel=\"noopener\"><\/p>\n<div class=\"td-social-but-text\">Twitter<\/div>\n<p><\/a><a class=\"td-social-sharing-button td-social-sharing-button-js td-social-network td-social-pinterest\" href=\"https:\/\/pinterest.com\/pin\/create\/button\/?url=https:\/\/voceatimisului.ro\/la-verde-events-fiecare-moment-devine-o-amintire-de-neuitat\/&amp;media=https:\/\/voceatimisului.ro\/wp-content\/uploads\/2025\/08\/Verde-Events-24.jpg&amp;description=La+Verde+Events%2C+fiecare+moment+devine+o+amintire+de+neuitat\" title=\"Pinterest\" rel=\"noopener\"><\/p>\n<div class=\"td-social-but-text\">Pinterest<\/div>\n<p><\/a><a class=\"td-social-sharing-button td-social-sharing-button-js td-social-network td-social-whatsapp\" href=\"https:\/\/api.whatsapp.com\/send?text=La+Verde+Events%2C+fiecare+moment+devine+o+amintire+de+neuitat%20%0A%0A%20https:\/\/voceatimisului.ro\/la-verde-events-fiecare-moment-devine-o-amintire-de-neuitat\/\" title=\"WhatsApp\" rel=\"noopener\"><\/p>\n<div class=\"td-social-but-text\">WhatsApp<\/div>\n<p><\/a><a class=\"td-social-sharing-button td-social-sharing-button-js td-social-network td-social-linkedin\" href=\"https:\/\/www.linkedin.com\/shareArticle?mini=true&amp;url=https:\/\/voceatimisului.ro\/la-verde-events-fiecare-moment-devine-o-amintire-de-neuitat\/&amp;title=La+Verde+Events%2C+fiecare+moment+devine+o+amintire+de+neuitat\" title=\"Linkedin\" rel=\"noopener\"><\/p>\n<div class=\"td-social-but-text\">Linkedin<\/div>\n<p><\/a><a class=\"td-social-sharing-button td-social-sharing-button-js td-social-network td-social-copy_url\" href=\"https:\/\/voceatimisului.ro\/la-verde-events-fiecare-moment-devine-o-amintire-de-neuitat\/\" title=\"Copy URL\" rel=\"noopener\"><\/p>\n<div class=\"td-social-but-text\">Copy URL<\/div>\n<p><\/a><\/div>\n<\/div>\n<\/div>\n<div class=\"td_block_wrap tdb_single_next_prev tdi_76 td-animation-stack td-next-prev-img-on td-pb-border-top td_block_template_1\" data-td-block-uid=\"tdi_76\">\n<div class=\"tdb-block-inner td-fix-index\">\n<div class=\"tdb-next-post tdb-next-post-bg tdb-post-prev\"><span>Articolul precedent<\/span><\/p>\n<div class=\"td-module-container\">\n<div class=\"td-image-container\"><a class=\"td-image-wrap\" href=\"https:\/\/voceatimisului.ro\/ipocritii-transportului-public-fritz-pozeaza-in-alb-violet-dar-a-vopsit-timisoara-in-galben-iar-petolea-si-dogaru-o-baga-in-faliment\/\"><img loading=\"lazy\" decoding=\"async\" class=\"td-next-prev-image td-fix-index td-lazy-img\" title=\"Ipocri\u021bii transportului public: Fritz pozeaz\u0103 \u00een alb-violet, dar a vopsit Timi\u0219oara \u00een galben, iar Petolea \u0219i Dogaru o bag\u0103 \u00een faliment\" width=\"696\" height=\"300\" src=\"https:\/\/voceatimisului.ro\/wp-content\/uploads\/2025\/08\/Ipocritii-transportului-public-696x300.jpg\"><\/a><\/div>\n<div class=\"next-prev-title\"><a href=\"https:\/\/voceatimisului.ro\/ipocritii-transportului-public-fritz-pozeaza-in-alb-violet-dar-a-vopsit-timisoara-in-galben-iar-petolea-si-dogaru-o-baga-in-faliment\/\">Ipocri\u021bii transportului public: Fritz pozeaz\u0103 \u00een alb-violet, dar a vopsit Timi\u0219oara \u00een galben, iar Petolea \u0219i Dogaru o bag\u0103 \u00een faliment<\/a><\/div>\n<\/div>\n<\/div>\n<div class=\"tdb-next-post tdb-next-post-bg tdb-post-next\"><span>Articolul urm\u0103tor<\/span><\/p>\n<div class=\"td-module-container\">\n<div class=\"td-image-container\"><a class=\"td-image-wrap\" href=\"https:\/\/voceatimisului.ro\/parcarea-aeroportului-timisoara-pastreaza-tarifele-neschimbate-si-facilitati-noi-pentru-calatori\/\"><img loading=\"lazy\" decoding=\"async\" class=\"td-next-prev-image td-fix-index td-lazy-img\" title=\"Parcarea Aeroportului Timi\u0219oara, p\u0103streaz\u0103 tarifele neschimbate \u0219i facilit\u0103\u021bi noi pentru c\u0103l\u0103tori\" width=\"696\" height=\"499\" src=\"https:\/\/voceatimisului.ro\/wp-content\/uploads\/2025\/08\/Parcarea-Aeroportului-Timisoara-696x499.jpg\"><\/a><\/div>\n<div class=\"next-prev-title\"><a href=\"https:\/\/voceatimisului.ro\/parcarea-aeroportului-timisoara-pastreaza-tarifele-neschimbate-si-facilitati-noi-pentru-calatori\/\">Parcarea Aeroportului Timi\u0219oara, p\u0103streaz\u0103 tarifele neschimbate \u0219i facilit\u0103\u021bi noi pentru c\u0103l\u0103tori<\/a><\/div>\n<\/div>\n<\/div>\n<\/div>\n<\/div>\n<\/div>\n<\/div>\n<\/div>\n<\/div>\n<div class=\"vc_row_inner tdi_86  vc_row vc_inner wpb_row td-pb-row\">\n<div class=\"vc_column_inner tdi_88  wpb_column vc_column_container tdc-inner-column td-pb-span4 td-is-sticky\">\n<div class=\"vc_column-inner\">\n<div class=\"wpb_wrapper\" data-sticky-enabled-on=\"W3RydWUsdHJ1ZSx0cnVlLHRydWVd\" data-sticky-offset=\"20\" data-sticky-is-width-auto=\"W2ZhbHNlLGZhbHNlLGZhbHNlLGZhbHNlXQ==\">\n<div class=\"td_block_wrap tdb_single_related tdi_89 td_with_ajax_pagination td-pb-border-top td_block_template_1 tdb-single-related-posts\" data-td-block-uid=\"tdi_89\">\n<div id=\"tdi_89\" class=\"td_block_inner tdb-block-inner td-fix-index\">\n<div class=\"tdb_module_related td_module_wrap td-animation-stack td-meta-info-hide\">\n<div class=\"td-module-container td-category-pos-image\">\n<div class=\"td-module-meta-info\">\n<h3 class=\"entry-title td-module-title\"><a href=\"https:\/\/voceatimisului.ro\/primaria-organizeaza-petrecere-de-1-iunie-parcul-copiilor\/\" rel=\"bookmark\" title=\"Prim\u0103ria organizeaz\u0103 petrecere de 1 iunie \u00een Parcul Copiilor\">Prim\u0103ria organizeaz\u0103 petrecere de 1 iunie \u00een Parcul Copiilor<\/a><\/h3>\n<\/div>\n<\/div>\n<\/div>\n<div class=\"tdb_module_related td_module_wrap td-animation-stack td-meta-info-hide\">\n<div class=\"td-module-container td-category-pos-image\">\n<div class=\"td-module-meta-info\">\n<h3 class=\"entry-title td-module-title\"><a href=\"https:\/\/voceatimisului.ro\/petrecaretii-care-au-batut-politistii-complexul-studentesc-din-timisoara-au-ajuns-arest\/\" rel=\"bookmark\" title=\"Petrec\u0103re\u0163ii care AU B\u0102TUT POLI\u0162I\u015eTII, \u00een Complexul Studen\u0163esc din Timi\u015foara, au ajuns \u00een AREST\">Petrec\u0103re\u0163ii care AU B\u0102TUT POLI\u0162I\u015eTII, \u00een Complexul Studen\u0163esc din Timi\u015foara, au ajuns \u00een AREST<\/a><\/h3>\n<\/div>\n<\/div>\n<\/div>\n<div class=\"tdb_module_related td_module_wrap td-animation-stack td-meta-info-hide\">\n<div class=\"td-module-container td-category-pos-image\">\n<div class=\"td-module-meta-info\">\n<h3 class=\"entry-title td-module-title\"><a href=\"https:\/\/voceatimisului.ro\/raed-arafat-interventia-avut-loc-maximum-10-minute-sa-nu-politizam-acest-eveniment-nefericit-exclusiv\/\" rel=\"bookmark\" title=\"Raed Arafat: Interven\u021bia a avut loc \u00een maximum 10 minute! S\u0103 nu politiz\u0103m acest eveniment nefericit! EXCLUSIV\">Raed Arafat: Interven\u021bia a avut loc \u00een maximum 10 minute! S\u0103 nu politiz\u0103m acest eveniment nefericit! EXCLUSIV<\/a><\/h3>\n<\/div>\n<\/div>\n<\/div>\n<\/div>\n<\/div>\n<\/div>\n<\/div>\n<\/div>\n<div class=\"vc_column_inner tdi_91  wpb_column vc_column_container tdc-inner-column td-pb-span8\">\n<div class=\"vc_column-inner\">\n<div class=\"wpb_wrapper\">\n<div class=\"td_block_wrap tdb_single_comments tdi_92 tdb-comm-layout2 td-pb-border-top td_block_template_2\" data-td-block-uid=\"tdi_92\">\n<div class=\"tdb-block-inner td-fix-index\">\n<div class=\"comments\" id=\"comments\">\n<div id=\"respond\" class=\"comment-respond\">\n<h3 id=\"reply-title\" class=\"comment-reply-title\">L\u0102SA\u021aI UN MESAJ <small><a rel=\"nofollow\" id=\"cancel-comment-reply-link\" href=\"https:\/\/voceatimisului.ro\/la-verde-events-fiecare-moment-devine-o-amintire-de-neuitat\/#respond\">Renun\u021ba\u021bi la r\u0103spuns<\/a><\/small><\/h3>\n<div class=\"comment-form-input-wrap td-form-comment\">\n<div class=\"td-warning-comment\">V\u0103 rug\u0103m s\u0103 introduce\u021bi comentariul dvs.!<\/div>\n<\/div>\n<div class=\"comment-form-input-wrap td-form-author\">\n<div class=\"td-warning-author\">Introduce\u021bi aici numele dvs.<\/div>\n<\/div>\n<div class=\"comment-form-input-wrap td-form-email\">\n<div class=\"td-warning-email-error\">A\u021bi introdus o adres\u0103 de e-mail incorect\u0103!<\/div>\n<div class=\"td-warning-email\">V\u0103 rug\u0103m s\u0103 introduce\u021bi adresa dvs. de e-mail aici<\/div>\n<\/div>\n<\/div>\n<\/div>\n<\/div>\n<\/div>\n<\/div>\n<\/div>\n<\/div>\n<\/div>\n<\/div>\n<\/div>\n<div class=\"vc_column tdi_94  wpb_column vc_column_container tdc-column td-pb-span4 td-is-sticky\">\n<div class=\"wpb_wrapper\" data-sticky-enabled-on=\"W3RydWUsdHJ1ZSx0cnVlLHRydWVd\" data-sticky-offset=\"20\" data-sticky-is-width-auto=\"W2ZhbHNlLGZhbHNlLGZhbHNlLGZhbHNlXQ==\">\n<div class=\"vc_row_inner tdi_96  vc_row vc_inner wpb_row td-pb-row\">\n<div class=\"vc_column_inner tdi_98  wpb_column vc_column_container tdc-inner-column td-pb-span12\">\n<div class=\"vc_column-inner\">\n<div class=\"wpb_wrapper\">\n<div class=\"td_block_wrap td_block_title tdi_99 td-pb-border-top td_block_template_11 td-fix-index\" data-td-block-uid=\"tdi_99\">\n<div class=\"td-block-title-wrap\">\n<h4 class=\"td-block-title\"><span class=\"td-pulldown-size\">ANUN\u021aURI \u0218I PUBLICITATE<\/span><\/h4>\n<\/div>\n<\/div>\n<\/div>\n<\/div>\n<\/div>\n<\/div>\n<div class=\"wpb_wrapper td_block_wrap vc_widget_sidebar tdi_101 \">\n<aside id=\"block-10\" class=\"td_block_template_1 widget block-10 widget_block widget_media_image\">\n<figure class=\"wp-block-image size-full\"><a href=\"https:\/\/adpghiroda.ro\/index.html\" target=\"_blank\" rel=\" noreferrer noopener\"><img decoding=\"async\" loading=\"eager\" width=\"960\" height=\"960\" src=\"https:\/\/voceatimisului.ro\/wp-content\/uploads\/2025\/03\/ADP-Ghiroda2.jpg\" alt class=\"wp-image-171492\"><\/a><\/figure>\n<\/aside>\n<aside id=\"block-11\" class=\"td_block_template_1 widget block-11 widget_block widget_media_image\">\n<figure class=\"wp-block-image size-full\"><a href=\"https:\/\/adpghiroda.ro\/index.html\" target=\"_blank\" rel=\" noreferrer noopener\"><img decoding=\"async\" loading=\"eager\" width=\"960\" height=\"960\" src=\"https:\/\/voceatimisului.ro\/wp-content\/uploads\/2025\/03\/ADP-Ghiroda1.jpg\" alt class=\"wp-image-171491\"><\/a><\/figure>\n<\/aside>\n<aside id=\"block-17\" class=\"td_block_template_1 widget block-17 widget_block widget_media_image\">\n<figure class=\"wp-block-image size-large is-resized\"><a href=\"https:\/\/verde.events\/\" target=\"_blank\" rel=\" noreferrer noopener\"><img decoding=\"async\" loading=\"lazy\" width=\"1024\" height=\"683\" src=\"https:\/\/voceatimisului.ro\/wp-content\/uploads\/2025\/08\/Verde-Events-24-1024x683.jpg\" alt=\"Verde Events\" class=\"wp-image-174395\"><\/a><figcaption class=\"wp-element-caption\"><strong><em>O experien\u021b\u0103 unic\u0103 pentru orice tip de eveniment<\/em><\/strong><\/figcaption><\/figure>\n<\/aside>\n<\/div>\n<div class=\"td_block_wrap td_flex_block_1 tdi_107 td-pb-border-top td_block_template_1 td_ajax_preloading_preload td_flex_block\" data-td-block-uid=\"tdi_107\">\n<div id=\"tdi_107\" class=\"td_block_inner td-mc1-wrap\">\n<div class=\"td_module_flex td_module_flex_1 td_module_wrap td-animation-stack td-meta-info-hide td-cpt-post\">\n<div class=\"td-module-container td-category-pos-image\">\n<div class=\"td-module-meta-info\">\n<h3 class=\"entry-title td-module-title\"><a href=\"https:\/\/voceatimisului.ro\/noapte-londoneza-la-fratelli-alaturi-de-mrs-krystall-roxx\/\" rel=\"bookmark\" title=\"Noapte londonez\u0103 la Fratelli, al\u0103turi de Mrs. Krystall Roxx\">Noapte londonez\u0103 la Fratelli, al\u0103turi de Mrs. Krystall Roxx<\/a><\/h3>\n<\/div>\n<\/div>\n<\/div>\n<div class=\"td_module_flex td_module_flex_1 td_module_wrap td-animation-stack td-meta-info-hide td-cpt-post\">\n<div class=\"td-module-container td-category-pos-image\">\n<div class=\"td-module-meta-info\">\n<h3 class=\"entry-title td-module-title\"><a href=\"https:\/\/voceatimisului.ro\/tomorrowland-la-timisoara\/\" rel=\"bookmark\" title=\"TomorrowLand la Timi\u015foara\">TomorrowLand la Timi\u015foara<\/a><\/h3>\n<\/div>\n<\/div>\n<\/div>\n<div class=\"td_module_flex td_module_flex_1 td_module_wrap td-animation-stack td-meta-info-hide td-cpt-post\">\n<div class=\"td-module-container td-category-pos-image\">\n<div class=\"td-module-meta-info\">\n<h3 class=\"entry-title td-module-title\"><a href=\"https:\/\/voceatimisului.ro\/misticism-culoare-si-voie-buna-la-fratelli-club-lounge-foto\/\" rel=\"bookmark\" title=\"Misticism, culoare \u015fi voie bun\u0103, la Fratelli Club &amp; Lounge FOTO\">Misticism, culoare \u015fi voie bun\u0103, la Fratelli Club &amp; Lounge FOTO<\/a><\/h3>\n<\/div>\n<\/div>\n<\/div>\n<div class=\"td_module_flex td_module_flex_1 td_module_wrap td-animation-stack td-meta-info-hide td-cpt-post\">\n<div class=\"td-module-container td-category-pos-image\">\n<div class=\"td-module-meta-info\">\n<h3 class=\"entry-title td-module-title\"><a href=\"https:\/\/voceatimisului.ro\/prima-editie-de-moxxa-social-fusion\/\" rel=\"bookmark\" title=\"Prima edi\u021bie de Moxxa Social Fusion\">Prima edi\u021bie de Moxxa Social Fusion<\/a><\/h3>\n<\/div>\n<\/div>\n<\/div>\n<div class=\"td_module_flex td_module_flex_1 td_module_wrap td-animation-stack td-meta-info-hide td-cpt-post\">\n<div class=\"td-module-container td-category-pos-image\">\n<div class=\"td-module-meta-info\">\n<h3 class=\"entry-title td-module-title\"><a href=\"https:\/\/voceatimisului.ro\/febra-halloween-gandesti-profitabil\/\" rel=\"bookmark\" title=\"Febra Halloween sau cum s\u0103 g\u00e2nde\u015fti profitabil\">Febra Halloween sau cum s\u0103 g\u00e2nde\u015fti profitabil<\/a><\/h3>\n<\/div>\n<\/div>\n<\/div>\n<\/div>\n<\/div>\n<\/div>\n<\/div>\n<\/div>\n<\/div>\n<\/div>\n<\/div>\n<p><span class=\"td-page-meta\"><\/span><span class=\"td-page-meta\"><span class=\"td-page-meta\"><\/span><\/span><span class=\"td-page-meta\"><\/span><\/article>\n<p> Source URL: https:\/\/voceatimisului.ro\/la-verde-events-fiecare-moment-devine-o-amintire-de-neuitat\/<\/p>\n","protected":false},"excerpt":{"rendered":"<p>Advertoriale\u0218tiri La Verde Events, fiecare moment devine o amintire de neuitat Autor-Radu Constantin 4 august 2025 0 11013 Facebook Twitter Pinterest WhatsApp Linkedin Copy URL Patrick Pascot\u0103 c\u00e2\u0219tig\u0103 a treia etap\u0103 de motocros de la Ianova. A patra genera\u021bie PASCOT\u0102, \u00ee\u0219i intr\u0103 \u00een rol Poli\u021bia Local\u0103 amendeaz\u0103 mai \u201dTARE\u201d dec\u00e2t cea Na\u021bional\u0103, la Timi\u0219oara. 1.000 [&hellip;]<\/p>\n","protected":false},"author":1,"featured_media":0,"comment_status":"open","ping_status":"","sticky":false,"template":"","format":"standard","meta":{"footnotes":""},"categories":[89],"tags":[199],"class_list":["post-1050266","post","type-post","status-publish","format-standard","hentry","category-romania","tag-voceatimisului-ro"],"_links":{"self":[{"href":"https:\/\/analyse.optim.biz\/index.php?rest_route=\/wp\/v2\/posts\/1050266","targetHints":{"allow":["GET"]}}],"collection":[{"href":"https:\/\/analyse.optim.biz\/index.php?rest_route=\/wp\/v2\/posts"}],"about":[{"href":"https:\/\/analyse.optim.biz\/index.php?rest_route=\/wp\/v2\/types\/post"}],"author":[{"embeddable":true,"href":"https:\/\/analyse.optim.biz\/index.php?rest_route=\/wp\/v2\/users\/1"}],"replies":[{"embeddable":true,"href":"https:\/\/analyse.optim.biz\/index.php?rest_route=%2Fwp%2Fv2%2Fcomments&post=1050266"}],"version-history":[{"count":0,"href":"https:\/\/analyse.optim.biz\/index.php?rest_route=\/wp\/v2\/posts\/1050266\/revisions"}],"wp:attachment":[{"href":"https:\/\/analyse.optim.biz\/index.php?rest_route=%2Fwp%2Fv2%2Fmedia&parent=1050266"}],"wp:term":[{"taxonomy":"category","embeddable":true,"href":"https:\/\/analyse.optim.biz\/index.php?rest_route=%2Fwp%2Fv2%2Fcategories&post=1050266"},{"taxonomy":"post_tag","embeddable":true,"href":"https:\/\/analyse.optim.biz\/index.php?rest_route=%2Fwp%2Fv2%2Ftags&post=1050266"}],"curies":[{"name":"wp","href":"https:\/\/api.w.org\/{rel}","templated":true}]}}