{"id":1049477,"date":"2025-12-13T05:24:52","date_gmt":"2025-12-13T02:24:52","guid":{"rendered":"https:\/\/analyse.optim.biz\/?p=1049477"},"modified":"2025-12-13T05:24:52","modified_gmt":"2025-12-13T02:24:52","slug":"pnl-l-a-dat-afara-din-partid-pe-primarul-din-radauti-despre-care-spune-ca-este-traseist-si-tradator","status":"publish","type":"post","link":"https:\/\/analyse.optim.biz\/?p=1049477","title":{"rendered":"PNL l-a dat afar\u0103 din partid pe primarul din R\u0103d\u0103u\u0163i despre care spune c\u0103 este \u201ctraseist\u201d \u015fi \u201ctr\u0103d\u0103tor\u201d"},"content":{"rendered":"<div class=\"entry-content\">\n<p><img decoding=\"async\" loading=\"lazy\" class=\"alignright size-medium wp-image-194141\" src=\"https:\/\/suceavanews.ro\/wp-content\/uploads\/2016\/02\/pnl-sediu-300x225.jpg\" alt=\"\" width=\"300\" height=\"225\">PNL Suceava anun\u0163\u0103 joi excluderea lui Bogdan Loghin din partid, ca urmare a incoeren\u0163ei \u015fi lipsei de consecven\u0163\u0103 \u00een parcursul s\u0103u politic. Ac\u0163iunile sale din ultima perioad\u0103, marcate de treceri succesive de la un partid la altul, demonstreaz\u0103 o lips\u0103 de loialitate \u015fi de principii politice clare.<\/p>\n<p>Comunicatul vine dup\u0103 ce Loghin a spus c\u0103 \u00eel va sus\u0163ine la alegerile preziden\u0163iale pe Nicu\u015for Dan.<\/p>\n<p><strong><em>\u201cRecent, Bogdan Loghin a \u00eencercat s\u0103 se al\u0103ture PSD, \u00eens\u0103 a fost refuzat. De asemenea, a tatonat o posibil\u0103 colaborare cu AUR, f\u0103r\u0103 succes. \u00cen cele din urm\u0103, a g\u0103sit sprijin \u00een Nicu\u015for Dan, liderul unui proiect politic care \u00eencearc\u0103 s\u0103 atrag\u0103 membri f\u0103r\u0103 un parcurs politic stabil.<\/em> PNL respinge ferm oportunismul \u015fi lipsa de integritate politic\u0103, iar excluderea lui Bogdan Loghin confirm\u0103 aceast\u0103 pozi\u0163ie<\/strong>\u201c, spun liberalii.<\/p>\n<p>\u00cen ceea ce prive\u015fte sus\u0163inerea candidatului la alegerile preziden\u0163iale, Ilie Bolojan, pre\u015fedintele interimar al Rom\u00e2niei, a reafirmat sprijinul s\u0103u clar pentru candidatul coali\u0163iei PSD-PNL-UDMR \u015fi al minorit\u0103\u0163ilor na\u0163ionale, Crin Antonescu. Tentativele lui Nicu\u015for Dan de a-\u015fi asocia imaginea cu pre\u015fedintele interimar Bolojan reprezint\u0103 o strategie lipsit\u0103 de substan\u0163\u0103, menit\u0103 s\u0103 induc\u0103 \u00een eroare electoratul.<\/p>\n<\/div>\n","protected":false},"excerpt":{"rendered":"<p>PNL Suceava anun\u0163\u0103 joi excluderea lui Bogdan Loghin din partid, ca urmare a incoeren\u0163ei \u015fi lipsei de consecven\u0163\u0103 \u00een parcursul s\u0103u politic. Ac\u0163iunile sale din ultima perioad\u0103, marcate de treceri succesive de la un partid la altul, demonstreaz\u0103 o lips\u0103 de loialitate \u015fi de principii politice clare. Comunicatul vine dup\u0103 ce Loghin a spus c\u0103 [&hellip;]<\/p>\n","protected":false},"author":1,"featured_media":0,"comment_status":"open","ping_status":"","sticky":false,"template":"","format":"standard","meta":{"footnotes":""},"categories":[89],"tags":[174],"class_list":["post-1049477","post","type-post","status-publish","format-standard","hentry","category-romania","tag-suceavanews-ro"],"_links":{"self":[{"href":"https:\/\/analyse.optim.biz\/index.php?rest_route=\/wp\/v2\/posts\/1049477","targetHints":{"allow":["GET"]}}],"collection":[{"href":"https:\/\/analyse.optim.biz\/index.php?rest_route=\/wp\/v2\/posts"}],"about":[{"href":"https:\/\/analyse.optim.biz\/index.php?rest_route=\/wp\/v2\/types\/post"}],"author":[{"embeddable":true,"href":"https:\/\/analyse.optim.biz\/index.php?rest_route=\/wp\/v2\/users\/1"}],"replies":[{"embeddable":true,"href":"https:\/\/analyse.optim.biz\/index.php?rest_route=%2Fwp%2Fv2%2Fcomments&post=1049477"}],"version-history":[{"count":0,"href":"https:\/\/analyse.optim.biz\/index.php?rest_route=\/wp\/v2\/posts\/1049477\/revisions"}],"wp:attachment":[{"href":"https:\/\/analyse.optim.biz\/index.php?rest_route=%2Fwp%2Fv2%2Fmedia&parent=1049477"}],"wp:term":[{"taxonomy":"category","embeddable":true,"href":"https:\/\/analyse.optim.biz\/index.php?rest_route=%2Fwp%2Fv2%2Fcategories&post=1049477"},{"taxonomy":"post_tag","embeddable":true,"href":"https:\/\/analyse.optim.biz\/index.php?rest_route=%2Fwp%2Fv2%2Ftags&post=1049477"}],"curies":[{"name":"wp","href":"https:\/\/api.w.org\/{rel}","templated":true}]}}