{"id":1049475,"date":"2025-12-13T05:24:33","date_gmt":"2025-12-13T02:24:33","guid":{"rendered":"https:\/\/analyse.optim.biz\/?p=1049475"},"modified":"2025-12-13T05:24:33","modified_gmt":"2025-12-13T02:24:33","slug":"rezultatele-primului-tur-al-alegerilor-prezidentiale-la-suceava-suceava-george-simion-4855-crin-antonescu-1703-si-victor-ponta-1576","status":"publish","type":"post","link":"https:\/\/analyse.optim.biz\/?p=1049475","title":{"rendered":"Rezultatele primului tur al alegerilor preziden\u021biale la Suceava: Suceava: George Simion \u2013 48,55%, Crin Antonescu \u2013 17,03% \u0219i Victor Ponta \u2013 15,76%"},"content":{"rendered":"<div class=\"entry-content\">\n<p><img decoding=\"async\" loading=\"lazy\" class=\"alignright size-medium wp-image-317343\" src=\"https:\/\/suceavanews.ro\/wp-content\/uploads\/2025\/05\/rezultate-alegeri-la-Suceava-300x140.jpg\" alt=\"\" width=\"300\" height=\"140\">Candidatul Alian\u021bei pentru Unirea Rom\u00e2nilor (AUR), George Simion, a c\u00e2\u0219tigat deta\u0219at primul tur al alegerilor preziden\u021biale \u00een jude\u021bul Suceava, el ob\u021bin\u00e2nd 48,55% din voturile aleg\u0103torilor, dup\u0103 prelucrarea proceselor verbale din toate sec\u021biile de votare din jude\u021b.<\/p>\n<p>Simion s-a impus \u00een toate localit\u0103\u021bile urbane \u0219i rurale, cu excep\u021bia comunei Capu C\u00e2mpului, unde a c\u00e2\u0219tigat Crin Antonescu.<\/p>\n<p>Pe locul al doilea s-a clasat candidatul PSD-PNL-UDMR-minorit\u0103\u021bi, Crin Antonescu, cu 17,03%, iar pe locul al treilea independentul Victor Ponta, cu 15,76%.<\/p>\n<p>Nicu\u0219or Dan a fost al patrulea cu 14,24% din voturi, iar Elena Lasconi (USR) a atras doar 1,96% din voturi.<\/p>\n<p><strong>Iat\u0103 rezultatele:<\/strong><\/p>\n<table class=\"table table-striped table-bordered\">\n<thead>\n<tr>\n<th class=\"\">Candidat<\/th>\n<th class=\"\">Voturi<\/th>\n<th class=\"\">Procent(~)<\/th>\n<\/tr>\n<\/thead>\n<tbody>\n<tr class=\"\">\n<td class=\"\">\n<div>\n<div class=\"flex-center-vertical\">\n<div class=\"flex-column\">\n<div class=\"display-flex\"><span class=\"mr-5\">1.<\/span><\/p>\n<div class=\"flex-column\">GEORGE-NICOLAE SIMION<\/div>\n<\/div>\n<\/div>\n<\/div>\n<\/div>\n<\/td>\n<td class=\"\">\n<div class=\"text-right display-flex flex-column\">124.671<span class=\"text-size-10 text-success\">+80.930<\/span><\/div>\n<\/td>\n<td class=\"\">\n<div class=\"text-right\">48,55 %<\/div>\n<\/td>\n<\/tr>\n<tr class=\"\">\n<td class=\"\">\n<div>\n<div class=\"flex-center-vertical\">\n<div class=\"flex-column\">\n<div class=\"display-flex\"><span class=\"mr-5\">2.<\/span><\/p>\n<div class=\"flex-column\">GEORGE-CRIN-LAUREN\u021aIU ANTONESCU<\/div>\n<\/div>\n<\/div>\n<\/div>\n<\/div>\n<\/td>\n<td class=\"\">\n<div class=\"text-right display-flex flex-column\">43.741<span class=\"text-size-10 text-success\">+3.277<\/span><\/div>\n<\/td>\n<td class=\"\">\n<div class=\"text-right\">17,03 %<\/div>\n<\/td>\n<\/tr>\n<tr class=\"\">\n<td class=\"\">\n<div>\n<div class=\"flex-center-vertical\">\n<div class=\"flex-column\">\n<div class=\"display-flex\"><span class=\"mr-5\">3.<\/span><\/p>\n<div class=\"flex-column\">VICTOR-VIOREL PONTA<\/div>\n<\/div>\n<\/div>\n<\/div>\n<\/div>\n<\/td>\n<td class=\"\">\n<div class=\"text-right display-flex flex-column\">40.464<span class=\"text-size-10 text-success\">+3.908<\/span><\/div>\n<\/td>\n<td class=\"\">\n<div class=\"text-right\">15,76 %<\/div>\n<\/td>\n<\/tr>\n<tr class=\"\">\n<td class=\"\">\n<div>\n<div class=\"flex-center-vertical\">\n<div class=\"flex-column\">\n<div class=\"display-flex\"><span class=\"mr-5\">4.<\/span><\/p>\n<div class=\"flex-column\">NICU\u0218OR-DANIEL DAN<\/div>\n<\/div>\n<\/div>\n<\/div>\n<\/div>\n<\/td>\n<td class=\"\">\n<div class=\"text-right display-flex flex-column\">36.556<span class=\"text-size-10 text-success\">+31.516<\/span><\/div>\n<\/td>\n<td class=\"\">\n<div class=\"text-right\">14,24 %<\/div>\n<\/td>\n<\/tr>\n<tr class=\"\">\n<td class=\"\">\n<div>\n<div class=\"flex-center-vertical\">\n<div class=\"flex-column\">\n<div class=\"display-flex\"><span class=\"mr-5\">5.<\/span><\/p>\n<div class=\"flex-column\">ELENA-VALERICA LASCONI<\/div>\n<\/div>\n<\/div>\n<\/div>\n<\/div>\n<\/td>\n<td class=\"\">\n<div class=\"text-right display-flex flex-column\">5.040<span class=\"text-size-10 text-success\">+3.096<\/span><\/div>\n<\/td>\n<td class=\"\">\n<div class=\"text-right\">1,96 %<\/div>\n<\/td>\n<\/tr>\n<tr class=\"\">\n<td class=\"\">\n<div>\n<div class=\"flex-center-vertical\">\n<div class=\"flex-column\">\n<div class=\"display-flex\"><span class=\"mr-5\">6.<\/span><\/p>\n<div class=\"flex-column\">MARCELA-LAVINIA \u0218ANDRU<\/div>\n<\/div>\n<\/div>\n<\/div>\n<\/div>\n<\/td>\n<td class=\"\">\n<div class=\"text-right display-flex flex-column\">1.944<span class=\"text-size-10 text-success\">+547<\/span><\/div>\n<\/td>\n<td class=\"\">\n<div class=\"text-right\">0,76 %<\/div>\n<\/td>\n<\/tr>\n<tr class=\"\">\n<td class=\"\">\n<div>\n<div class=\"flex-center-vertical\">\n<div class=\"flex-column\">\n<div class=\"display-flex\"><span class=\"mr-5\">7.<\/span><\/p>\n<div class=\"flex-column\">PETRU-DANIEL FUNERIU<\/div>\n<\/div>\n<\/div>\n<\/div>\n<\/div>\n<\/td>\n<td class=\"\">\n<div class=\"text-right display-flex flex-column\">1.397<span class=\"text-size-10 text-success\">+180<\/span><\/div>\n<\/td>\n<td class=\"\">\n<div class=\"text-right\">0,54 %<\/div>\n<\/td>\n<\/tr>\n<tr class=\"\">\n<td class=\"\">\n<div>\n<div class=\"flex-center-vertical\">\n<div class=\"flex-column\">\n<div class=\"display-flex\"><span class=\"mr-5\">8.<\/span><\/p>\n<div class=\"flex-column\">CRISTIAN-VASILE TERHE\u0218<\/div>\n<\/div>\n<\/div>\n<\/div>\n<\/div>\n<\/td>\n<td class=\"\">\n<div class=\"text-right display-flex flex-column\">1.217<span class=\"text-size-10 text-success\">+473<\/span><\/div>\n<\/td>\n<td class=\"\">\n<div class=\"text-right\">0,47 %<\/div>\n<\/td>\n<\/tr>\n<tr class=\"\">\n<td class=\"\">\n<div>\n<div class=\"flex-center-vertical\">\n<div class=\"flex-column\">\n<div class=\"display-flex\"><span class=\"mr-5\">9.<\/span><\/p>\n<div class=\"flex-column\">SEBASTIAN-CONSTANTIN POPESCU<\/div>\n<\/div>\n<\/div>\n<\/div>\n<\/div>\n<\/td>\n<td class=\"\">\n<div class=\"text-right display-flex flex-column\">744<span class=\"text-size-10 text-success\">+134<\/span><\/div>\n<\/td>\n<td class=\"\">\n<div class=\"text-right\">0,29 %<\/div>\n<\/td>\n<\/tr>\n<tr class=\"\">\n<td class=\"\">\n<div>\n<div class=\"flex-center-vertical\">\n<div class=\"flex-column\">\n<div class=\"display-flex\"><span class=\"mr-5\">10.<\/span><\/p>\n<div class=\"flex-column\">JOHN-ION BANU-MUSCEL<\/div>\n<\/div>\n<\/div>\n<\/div>\n<\/div>\n<\/td>\n<td class=\"\">\n<div class=\"text-right display-flex flex-column\">610<span class=\"text-size-10 text-success\">+211<\/span><\/div>\n<\/td>\n<td class=\"\">\n<div class=\"text-right\">0,24 %<\/div>\n<\/td>\n<\/tr>\n<tr class=\"\">\n<td class=\"\">\n<div>\n<div class=\"flex-center-vertical\">\n<div class=\"flex-column\">\n<div class=\"display-flex\"><span class=\"mr-5\">11.<\/span><\/p>\n<div class=\"flex-column\">SILVIU PREDOIU<\/div>\n<\/div>\n<\/div>\n<\/div>\n<\/div>\n<\/td>\n<td class=\"\">\n<div class=\"text-right display-flex flex-column\">399<\/div>\n<\/td>\n<td class=\"\">\n<div class=\"text-right\">0,16 %<\/div>\n<\/td>\n<\/tr>\n<\/tbody>\n<\/table>\n<\/div>\n","protected":false},"excerpt":{"rendered":"<p>Candidatul Alian\u021bei pentru Unirea Rom\u00e2nilor (AUR), George Simion, a c\u00e2\u0219tigat deta\u0219at primul tur al alegerilor preziden\u021biale \u00een jude\u021bul Suceava, el ob\u021bin\u00e2nd 48,55% din voturile aleg\u0103torilor, dup\u0103 prelucrarea proceselor verbale din toate sec\u021biile de votare din jude\u021b. Simion s-a impus \u00een toate localit\u0103\u021bile urbane \u0219i rurale, cu excep\u021bia comunei Capu C\u00e2mpului, unde a c\u00e2\u0219tigat Crin Antonescu. [&hellip;]<\/p>\n","protected":false},"author":1,"featured_media":0,"comment_status":"open","ping_status":"","sticky":false,"template":"","format":"standard","meta":{"footnotes":""},"categories":[89],"tags":[174],"class_list":["post-1049475","post","type-post","status-publish","format-standard","hentry","category-romania","tag-suceavanews-ro"],"_links":{"self":[{"href":"https:\/\/analyse.optim.biz\/index.php?rest_route=\/wp\/v2\/posts\/1049475","targetHints":{"allow":["GET"]}}],"collection":[{"href":"https:\/\/analyse.optim.biz\/index.php?rest_route=\/wp\/v2\/posts"}],"about":[{"href":"https:\/\/analyse.optim.biz\/index.php?rest_route=\/wp\/v2\/types\/post"}],"author":[{"embeddable":true,"href":"https:\/\/analyse.optim.biz\/index.php?rest_route=\/wp\/v2\/users\/1"}],"replies":[{"embeddable":true,"href":"https:\/\/analyse.optim.biz\/index.php?rest_route=%2Fwp%2Fv2%2Fcomments&post=1049475"}],"version-history":[{"count":0,"href":"https:\/\/analyse.optim.biz\/index.php?rest_route=\/wp\/v2\/posts\/1049475\/revisions"}],"wp:attachment":[{"href":"https:\/\/analyse.optim.biz\/index.php?rest_route=%2Fwp%2Fv2%2Fmedia&parent=1049475"}],"wp:term":[{"taxonomy":"category","embeddable":true,"href":"https:\/\/analyse.optim.biz\/index.php?rest_route=%2Fwp%2Fv2%2Fcategories&post=1049475"},{"taxonomy":"post_tag","embeddable":true,"href":"https:\/\/analyse.optim.biz\/index.php?rest_route=%2Fwp%2Fv2%2Ftags&post=1049475"}],"curies":[{"name":"wp","href":"https:\/\/api.w.org\/{rel}","templated":true}]}}