{"id":1049474,"date":"2025-12-13T05:24:13","date_gmt":"2025-12-13T02:24:13","guid":{"rendered":"https:\/\/analyse.optim.biz\/?p=1049474"},"modified":"2025-12-13T05:24:13","modified_gmt":"2025-12-13T02:24:13","slug":"rezultate-exit-poll-dupa-batalia-dintre-nicusor-dan-si-george-simion-cine-castiga-in-cursa-prezidentiala","status":"publish","type":"post","link":"https:\/\/analyse.optim.biz\/?p=1049474","title":{"rendered":"Rezultate Exit Poll dup\u0103 \u201eb\u0103t\u0103lia\u201d dintre Nicu\u0219or Dan \u0219i George Simion. Cine c\u00e2\u0219tig\u0103 \u00een cursa preziden\u021bial\u0103"},"content":{"rendered":"<div class=\"entry-content\">\n<p><a href=\"https:\/\/www.botosaninews.ro\/wp-content\/uploads\/2025\/05\/Nicusor-Dan-George-Simion-1-1000x600-1.jpg\"><img decoding=\"async\" loading=\"lazy\" class=\"alignright size-medium wp-image-685906\" src=\"https:\/\/www.botosaninews.ro\/wp-content\/uploads\/2025\/05\/Nicusor-Dan-George-Simion-1-1000x600-1-300x180.jpg\" alt=\"\" width=\"300\" height=\"180\"><\/a>Primele rezultate ale Exit Poll, de la ora 21.00, f\u0103cute publice dup\u0103 \u00eenchiderea urnelor arat\u0103 c\u0103 Nicu\u0219or Dan\u00a0 conduce \u00een cursa pentru func\u021bia de pre\u0219edinte al Rom\u00e2niei, ob\u021bin\u00e2nd aproximativ 54,90% din voturi. Pe locul al doilea se claseaz\u0103 cu 45,10 % din voturi, potrivit <strong>Avangarde<\/strong>.<\/p>\n<p>Potrivit datelor <strong>Curs<\/strong>: 54,10% a ob\u021binut Nicu\u0219or Dan \u0219i 45,9% George Simion.<\/p>\n<p>Exit Poll <strong>Inscoop<\/strong> arat\u0103 astfel: Nicu\u0219or Dan: 56%, George Simion: 44%.<\/p>\n<p>Mandatul pre\u0219edintelui este de cinci ani. Printre cele mai importante atribu\u021bii pe care le are pre\u0219edintele se num\u0103r\u0103 numirea prim-ministrului (care trebuie ulterior s\u0103 ob\u021bin\u0103 o majoritate \u00een Parlament), reprezentarea Rom\u00e2niei \u00een plan extern \u0219i prezidarea \u0219edin\u021belor Consiliului Suprem de Ap\u0103rare a \u021a\u0103rii (CSAT).<\/p>\n<h4 class=\"wp-block-heading\">Cine este Nicu\u0219or Dan<\/h4>\n<p>Nicu\u015for Dan, de 54 de ani, este de profesie matematician \u0219i este actualul primar al Capitalei. Nicu\u0219or Dan candideaz\u0103 ca independent, dar are sus\u021binerea mai multor partide: USR, DREPT, REPER, SENS \u0219i altele. Cu doctorat \u00een matematic\u0103, \u00een Fran\u021ba, el este fondatorul asocia\u021biei Salva\u021bi Bucure\u0219tiul, care militeaz\u0103 pentru respectarea legii \u00een dezvoltarea urban\u0103 a Bucure\u0219tiului.<\/p>\n<p>Nicu\u0219or Dan a fondat USR, partid din care a plecat dup\u0103 ce membrii s\u0103i au decis ca forma\u021biunea politic\u0103 s\u0103 se pozi\u021bioneze \u00eempotriva referendumului pentru familie, organizat \u00een anul 2018.<\/p>\n<p>Ulterior, el a c\u00e2\u0219tigat \u00een anul 2020 primul mandat la Prim\u0103ria Capitalei, fiind sus\u021binut de PNL \u0219i USR. \u00cen 2024, a ob\u021binut un nou mandat.\u00a0Dan a decis s\u0103 candideze la alegerile preziden\u021biale dup\u0103 anularea primului tur al alegerilor din anul 2024.<\/p>\n<h3 class=\"wp-block-heading\">Cine este George Simion<\/h3>\n<p>George Simion (38 de ani), liderul AUR, partid pe care l-a cofondat \u00een 2019, s-a n\u0103scut la Foc\u0219ani, dar a crescut \u00een Bucure\u0219ti. Este absolvent al Colegiului \u201eGheorghe Laz\u0103r\u201d \u0219i e licen\u021biat \u00een Administra\u021bie \u0219i Afaceri la Universitatea din Bucure\u0219ti. \u00cen anul 2010 a terminat \u0219i masteratul la Universitatea \u201eAlexandru Ioan Cuza\u201d din Ia\u0219i, sus\u021bin\u00e2nd o lucrare cu tema \u201eCrimele comunismului\u201d, noteaz\u0103\u00a0Recorder, care i-a f\u0103cut portretul politicianului.<\/p>\n<p>Simion a ajuns \u00een aten\u021bia opiniei publice \u00een 2009, c\u00e2nd i-a aprins lui Ion Iliescu lum\u00e2n\u0103ri \u00een fa\u021ba casei, \u00een ziua \u00een care fostul pre\u0219edinte \u00eemplinea 79 de ani. De asemenea, liderul AUR a lansat platforma \u201eAc\u021biunea 2012\u201d \u0219i a devenit unul dintre principalii promotori ai unirii cu Republica Moldova, potrivit sursei citate.<\/p>\n<p>George Simion are interdic\u021bie de a intra \u00een Republica Moldova \u0219i Ucraina.\u00a0 Simion a decis s\u0103 candideze la alegerile preziden\u021biale din acest an dup\u0103 ce Curtea Constitu\u021bional\u0103 a Rom\u00e2niei (CCR) a decis definitiv c\u0103 nu poate candida C\u0103lin Georgescu.<\/p>\n<p><span><a href=\"https:\/\/news.google.com\/publications\/CAAqBwgKMMy4pgswtMO-Aw?ceid=RO:ro&amp;oc=3\" target=\"_blank\" rel=\"noopener\">Urmareste-ne pe Google News<\/a><\/span><\/p>\n<\/div>\n","protected":false},"excerpt":{"rendered":"<p>Primele rezultate ale Exit Poll, de la ora 21.00, f\u0103cute publice dup\u0103 \u00eenchiderea urnelor arat\u0103 c\u0103 Nicu\u0219or Dan\u00a0 conduce \u00een cursa pentru func\u021bia de pre\u0219edinte al Rom\u00e2niei, ob\u021bin\u00e2nd aproximativ 54,90% din voturi. Pe locul al doilea se claseaz\u0103 cu 45,10 % din voturi, potrivit Avangarde. Potrivit datelor Curs: 54,10% a ob\u021binut Nicu\u0219or Dan \u0219i 45,9% [&hellip;]<\/p>\n","protected":false},"author":1,"featured_media":0,"comment_status":"open","ping_status":"","sticky":false,"template":"","format":"standard","meta":{"footnotes":""},"categories":[89],"tags":[174],"class_list":["post-1049474","post","type-post","status-publish","format-standard","hentry","category-romania","tag-suceavanews-ro"],"_links":{"self":[{"href":"https:\/\/analyse.optim.biz\/index.php?rest_route=\/wp\/v2\/posts\/1049474","targetHints":{"allow":["GET"]}}],"collection":[{"href":"https:\/\/analyse.optim.biz\/index.php?rest_route=\/wp\/v2\/posts"}],"about":[{"href":"https:\/\/analyse.optim.biz\/index.php?rest_route=\/wp\/v2\/types\/post"}],"author":[{"embeddable":true,"href":"https:\/\/analyse.optim.biz\/index.php?rest_route=\/wp\/v2\/users\/1"}],"replies":[{"embeddable":true,"href":"https:\/\/analyse.optim.biz\/index.php?rest_route=%2Fwp%2Fv2%2Fcomments&post=1049474"}],"version-history":[{"count":0,"href":"https:\/\/analyse.optim.biz\/index.php?rest_route=\/wp\/v2\/posts\/1049474\/revisions"}],"wp:attachment":[{"href":"https:\/\/analyse.optim.biz\/index.php?rest_route=%2Fwp%2Fv2%2Fmedia&parent=1049474"}],"wp:term":[{"taxonomy":"category","embeddable":true,"href":"https:\/\/analyse.optim.biz\/index.php?rest_route=%2Fwp%2Fv2%2Fcategories&post=1049474"},{"taxonomy":"post_tag","embeddable":true,"href":"https:\/\/analyse.optim.biz\/index.php?rest_route=%2Fwp%2Fv2%2Ftags&post=1049474"}],"curies":[{"name":"wp","href":"https:\/\/api.w.org\/{rel}","templated":true}]}}