{"id":1049473,"date":"2025-12-13T05:23:52","date_gmt":"2025-12-13T02:23:52","guid":{"rendered":"https:\/\/analyse.optim.biz\/?p=1049473"},"modified":"2025-12-13T05:23:52","modified_gmt":"2025-12-13T02:23:52","slug":"george-simion-victorie-la-scor-in-judetul-suceava-nicusor-dan-votat-de-doar-42-dintre-alegatori","status":"publish","type":"post","link":"https:\/\/analyse.optim.biz\/?p=1049473","title":{"rendered":"George Simion, victorie la scor \u00een jude\u0163ul Suceava. Nicu\u015for Dan votat de doar 42% dintre aleg\u0103tori"},"content":{"rendered":"<div class=\"entry-content\">\n<div><img decoding=\"async\" loading=\"lazy\" class=\"alignright size-medium wp-image-317401\" src=\"https:\/\/suceavanews.ro\/wp-content\/uploads\/2025\/05\/alegeri-votare-1-300x169.jpeg\" alt=\"\" width=\"300\" height=\"169\">Candidatul Alian\u0163ei pentru Unirea Rom\u00e2nilor (AUR), George Simion, a c\u00e2\u015ftigat turul al doilea al alegerilor preziden\u0163iale din jude\u0163ul Suceava, cu un procent de 57,70%, respectiv 168.451 din cele 291.928 voturi valabil exprimate, conform rezultatelor finale centralizate de Autoritatea Electoral\u0103 Permanent\u0103.<\/div>\n<div>Totodat\u0103, candidatul independent Nicu\u015for Dan a realizat un scor de 42,30%, ceea ce \u00eenseamn\u0103 un total de 123.477 voturi valabil exprimate.<\/div>\n<div>Prezen\u0163a la vot \u00een jude\u0163ul Suceava a fost de 48,671% din totalul celor 608.321 aleg\u0103tori \u00eenscri\u015fi \u00een listele electorale permanente.<\/div>\n<\/div>\n","protected":false},"excerpt":{"rendered":"<p>Candidatul Alian\u0163ei pentru Unirea Rom\u00e2nilor (AUR), George Simion, a c\u00e2\u015ftigat turul al doilea al alegerilor preziden\u0163iale din jude\u0163ul Suceava, cu un procent de 57,70%, respectiv 168.451 din cele 291.928 voturi valabil exprimate, conform rezultatelor finale centralizate de Autoritatea Electoral\u0103 Permanent\u0103. Totodat\u0103, candidatul independent Nicu\u015for Dan a realizat un scor de 42,30%, ceea ce \u00eenseamn\u0103 un [&hellip;]<\/p>\n","protected":false},"author":1,"featured_media":0,"comment_status":"open","ping_status":"","sticky":false,"template":"","format":"standard","meta":{"footnotes":""},"categories":[89],"tags":[174],"class_list":["post-1049473","post","type-post","status-publish","format-standard","hentry","category-romania","tag-suceavanews-ro"],"_links":{"self":[{"href":"https:\/\/analyse.optim.biz\/index.php?rest_route=\/wp\/v2\/posts\/1049473","targetHints":{"allow":["GET"]}}],"collection":[{"href":"https:\/\/analyse.optim.biz\/index.php?rest_route=\/wp\/v2\/posts"}],"about":[{"href":"https:\/\/analyse.optim.biz\/index.php?rest_route=\/wp\/v2\/types\/post"}],"author":[{"embeddable":true,"href":"https:\/\/analyse.optim.biz\/index.php?rest_route=\/wp\/v2\/users\/1"}],"replies":[{"embeddable":true,"href":"https:\/\/analyse.optim.biz\/index.php?rest_route=%2Fwp%2Fv2%2Fcomments&post=1049473"}],"version-history":[{"count":0,"href":"https:\/\/analyse.optim.biz\/index.php?rest_route=\/wp\/v2\/posts\/1049473\/revisions"}],"wp:attachment":[{"href":"https:\/\/analyse.optim.biz\/index.php?rest_route=%2Fwp%2Fv2%2Fmedia&parent=1049473"}],"wp:term":[{"taxonomy":"category","embeddable":true,"href":"https:\/\/analyse.optim.biz\/index.php?rest_route=%2Fwp%2Fv2%2Fcategories&post=1049473"},{"taxonomy":"post_tag","embeddable":true,"href":"https:\/\/analyse.optim.biz\/index.php?rest_route=%2Fwp%2Fv2%2Ftags&post=1049473"}],"curies":[{"name":"wp","href":"https:\/\/api.w.org\/{rel}","templated":true}]}}