{"id":1049471,"date":"2025-12-13T05:23:32","date_gmt":"2025-12-13T02:23:32","guid":{"rendered":"https:\/\/analyse.optim.biz\/?p=1049471"},"modified":"2025-12-13T05:23:32","modified_gmt":"2025-12-13T02:23:32","slug":"zeci-de-filtre-organizate-in-trafic-de-politistii-suceveni-12-soferi-au-devenit-pietoni","status":"publish","type":"post","link":"https:\/\/analyse.optim.biz\/?p=1049471","title":{"rendered":"Zeci de filtre organizate \u00een trafic de poli\u021bi\u0219tii suceveni. 12 \u0219oferi au devenit pietoni"},"content":{"rendered":"<div class=\"entry-content\">\n<p><img decoding=\"async\" loading=\"lazy\" class=\"alignright size-medium wp-image-260981\" src=\"https:\/\/suceavanews.ro\/wp-content\/uploads\/2018\/03\/razie-filtre-politie-controale-trafic-suceava-iarna-1-225x300.jpg\" alt=\"\" width=\"225\" height=\"300\">\u00cen vederea asigur\u0103rii unui climat de siguran\u0163\u0103 civic\u0103 \u015fi a desf\u0103\u015fur\u0103rii \u00een condi\u0163ii de siguran\u0163\u0103 a traficului rutier, \u00een scopul diminu\u0103rii riscului rutier \u015fi a fenomenului infrac\u0163ional, \u00een perioada 08.02. \u2013 14.02.2019, zilnic, la nivelul jude\u021bului Suceava s-au organizat ac\u0163iuni preventiv-reactive, \u00een sistem integrat, pe principalele artere rutiere de intrare\/ie\u0219ire \u00een\/din municipii \u0219i marile ora\u015fe cu efective din cadrul forma\u0163iunilor de ordine public\u0103, poli\u0163ie rutier\u0103, investiga\u0163ii criminale \u015fi ac\u0163iuni speciale.<\/p>\n<p>\u00cen cadrul ac\u0163iunii au fost organizate 71 de filtre pe principalele c\u0103i de comunica\u021bie, fiind constatate 8 infrac\u021biuni \u0219i aplicate 85 de sanc\u021biuni contraven\u021bionale. Cele mai multe (67) au fost aplicate la regimul rutier, 17 pentru acte de tulburare a ordinii \u0219i lini\u0219tii publice, iar restul pentru fapte de alt\u0103 natur\u0103. Valoarea sanc\u0163iunilor aplicate a fost de 35.055 lei.<\/p>\n<p>O prioritate a fost cre\u0219terea gradului de siguran\u021b\u0103 rutier\u0103, \u00een aceast\u0103 perioad\u0103, poli\u021bi\u0219tii ac\u0163ion\u00e2nd cu autospecialele radar pentru monitorizarea traficului rutier, prevenirea accidentelor \u015fi identificarea celor care \u00eencalc\u0103 legisla\u021bia rutier\u0103. Poli\u0163i\u015ftii au re\u021binut 12 permise de conducere (3 pentru alcool, 2 pentru vitez\u0103 excesiv\u0103 \u0219i 7 pentru dep\u0103\u0219iri neregulamentare \u0219i alte abateri) \u015fi au retras 5 certificate de \u00eenmatriculare.<\/p>\n<p>Ac\u0163iunile desf\u0103\u015furate de poli\u0163i\u015ftii suceveni au vizat \u00een special prevenirea producerii unor accidente \u015fi blocaje rutiere pe principalele artere de circula\u0163ie, datorate cre\u015fterii valorilor de trafic, dar \u0219i monitorizarea \u0219i fluidizarea circula\u021biei \u00een condi\u021bii de iarn\u0103.<\/p>\n<p>Urmare a intensific\u0103rii activit\u0103\u0163ilor de patrulare, a activit\u0103\u0163ilor investigative desf\u0103\u015furate \u015fi a prezen\u0163ei sporite \u00een teren a poli\u0163i\u015ftilor, au fost prin\u015fi \u00een flagrant 3 autori de infrac\u0163iuni.<\/p>\n<p>Astfel de ac\u021biuni vor continua \u0219i \u00een perioada urm\u0103toare siguran\u021ba cet\u0103\u021benilor fiind o prioritate permanent\u0103 a poli\u021bi\u0219tilor.<\/p>\n<\/div>\n","protected":false},"excerpt":{"rendered":"<p>\u00cen vederea asigur\u0103rii unui climat de siguran\u0163\u0103 civic\u0103 \u015fi a desf\u0103\u015fur\u0103rii \u00een condi\u0163ii de siguran\u0163\u0103 a traficului rutier, \u00een scopul diminu\u0103rii riscului rutier \u015fi a fenomenului infrac\u0163ional, \u00een perioada 08.02. \u2013 14.02.2019, zilnic, la nivelul jude\u021bului Suceava s-au organizat ac\u0163iuni preventiv-reactive, \u00een sistem integrat, pe principalele artere rutiere de intrare\/ie\u0219ire \u00een\/din municipii \u0219i marile ora\u015fe [&hellip;]<\/p>\n","protected":false},"author":1,"featured_media":0,"comment_status":"open","ping_status":"","sticky":false,"template":"","format":"standard","meta":{"footnotes":""},"categories":[89],"tags":[174],"class_list":["post-1049471","post","type-post","status-publish","format-standard","hentry","category-romania","tag-suceavanews-ro"],"_links":{"self":[{"href":"https:\/\/analyse.optim.biz\/index.php?rest_route=\/wp\/v2\/posts\/1049471","targetHints":{"allow":["GET"]}}],"collection":[{"href":"https:\/\/analyse.optim.biz\/index.php?rest_route=\/wp\/v2\/posts"}],"about":[{"href":"https:\/\/analyse.optim.biz\/index.php?rest_route=\/wp\/v2\/types\/post"}],"author":[{"embeddable":true,"href":"https:\/\/analyse.optim.biz\/index.php?rest_route=\/wp\/v2\/users\/1"}],"replies":[{"embeddable":true,"href":"https:\/\/analyse.optim.biz\/index.php?rest_route=%2Fwp%2Fv2%2Fcomments&post=1049471"}],"version-history":[{"count":0,"href":"https:\/\/analyse.optim.biz\/index.php?rest_route=\/wp\/v2\/posts\/1049471\/revisions"}],"wp:attachment":[{"href":"https:\/\/analyse.optim.biz\/index.php?rest_route=%2Fwp%2Fv2%2Fmedia&parent=1049471"}],"wp:term":[{"taxonomy":"category","embeddable":true,"href":"https:\/\/analyse.optim.biz\/index.php?rest_route=%2Fwp%2Fv2%2Fcategories&post=1049471"},{"taxonomy":"post_tag","embeddable":true,"href":"https:\/\/analyse.optim.biz\/index.php?rest_route=%2Fwp%2Fv2%2Ftags&post=1049471"}],"curies":[{"name":"wp","href":"https:\/\/api.w.org\/{rel}","templated":true}]}}