{"id":1049466,"date":"2025-12-13T05:22:35","date_gmt":"2025-12-13T02:22:35","guid":{"rendered":"https:\/\/analyse.optim.biz\/?p=1049466"},"modified":"2025-12-13T05:22:35","modified_gmt":"2025-12-13T02:22:35","slug":"foto-video-restaurant-cuprins-de-flacari-in-toiul-noptii","status":"publish","type":"post","link":"https:\/\/analyse.optim.biz\/?p=1049466","title":{"rendered":"FOTO &amp; VIDEO Restaurant cuprins de fl\u0103c\u0103ri \u00een toiul nop\u021bii"},"content":{"rendered":"<div class=\"entry-content\">\n<p><img decoding=\"async\" loading=\"lazy\" class=\"alignright size-medium wp-image-318094\" src=\"https:\/\/suceavanews.ro\/wp-content\/uploads\/2025\/10\/incendiu-restaurant-mestecanis-4-300x134.jpeg\" alt=\"\" width=\"300\" height=\"134\">Un restaurant a fost cuprins de fl\u0103c\u0103ri \u00een noaptea de joi spre vineri, \u00een jude\u021bul Suceava. Focul a cuprins acoperi\u0219ul unui restaurant, situat \u00een localitatea Mestec\u0103ni\u0219, comuna Iacobeni.<\/p>\n<p>Au intervenit pompierii militari ai Deta\u0219amentului Vatra Dornei, cu trei autospeciale de stingere \u0219i o ambulan\u021b\u0103 SMURD. Din fericire, nu s-au \u00eenregistrat victime, iar pompierii au localizat \u0219i lichidat incendiul \u00een limitele g\u0103site.<\/p>\n<p>Astfel, acoperi\u0219ul a ars pe o suprafa\u021b\u0103 de aproximativ 40 de metri p\u0103tra\u021bi (\u00een jurul co\u0219ului de fum) \u0219i s-a degradat pe al\u021bi 300 de metri p\u0103tra\u021bi. De asemenea, \u00een interior, s-au degradat obiecte de mobilier, echipamente de bar, finisajele pere\u021bilor, pardoseala \u0219i demisolul.<\/p>\n<p>Fl\u0103c\u0103rile au izbucnit, cel mai probabil, din cauza jarului provenit din co\u0219ul de fum (al \u0219emineului) deteriorat.<\/p>\n<p>Incendiul a fost lichidat la ora 5:35, iar pompierii au salvat restul cl\u0103dirii restaurantului, cu o suprafa\u021b\u0103 total\u0103 de aproximativ 400 mp, construc\u021biile anexe (buc\u0103t\u0103rie, magazie de lemne \u0219i central\u0103 termic\u0103), precum \u0219i o cl\u0103dire \u00eenvecinat\u0103.<\/p>\n<div class=\"wp-video\"><video class=\"wp-video-shortcode\" id=\"video-318091-1\" width=\"480\" height=\"850\" preload=\"metadata\" controls=\"controls\"><source type=\"video\/mp4\" src=\"https:\/\/suceavanews.ro\/wp-content\/uploads\/2025\/10\/WhatsApp-Video-2025-10-03-at-08.30.07.mp4?_=1\" \/><a href=\"https:\/\/suceavanews.ro\/wp-content\/uploads\/2025\/10\/WhatsApp-Video-2025-10-03-at-08.30.07.mp4\">https:\/\/suceavanews.ro\/wp-content\/uploads\/2025\/10\/WhatsApp-Video-2025-10-03-at-08.30.07.mp4<\/a><\/video><\/div>\n<div id=\"gallery-1\" class=\"gallery galleryid-318091 gallery-columns-3 gallery-size-thumbnail\">\n<dl class=\"gallery-item\">\n<dt class=\"gallery-icon portrait\"><a href=\"https:\/\/suceavanews.ro\/wp-content\/uploads\/2025\/10\/incendiu-restaurant-mestecanis-2.jpeg\"><img decoding=\"async\" width=\"150\" height=\"150\" src=\"https:\/\/suceavanews.ro\/wp-content\/uploads\/2025\/10\/incendiu-restaurant-mestecanis-2-150x150.jpeg\" class=\"attachment-thumbnail size-thumbnail\" alt=\"\" loading=\"lazy\"><\/a><\/dt>\n<\/dl>\n<dl class=\"gallery-item\">\n<dt class=\"gallery-icon landscape\"><a href=\"https:\/\/suceavanews.ro\/wp-content\/uploads\/2025\/10\/incendiu-restaurant-mestecanis-3.jpeg\"><img decoding=\"async\" width=\"150\" height=\"150\" src=\"https:\/\/suceavanews.ro\/wp-content\/uploads\/2025\/10\/incendiu-restaurant-mestecanis-3-150x150.jpeg\" class=\"attachment-thumbnail size-thumbnail\" alt=\"\" loading=\"lazy\"><\/a><\/dt>\n<\/dl>\n<dl class=\"gallery-item\">\n<dt class=\"gallery-icon landscape\"><a href=\"https:\/\/suceavanews.ro\/wp-content\/uploads\/2025\/10\/incendiu-restaurant-mestecanis-4.jpeg\"><img decoding=\"async\" width=\"150\" height=\"150\" src=\"https:\/\/suceavanews.ro\/wp-content\/uploads\/2025\/10\/incendiu-restaurant-mestecanis-4-150x150.jpeg\" class=\"attachment-thumbnail size-thumbnail\" alt=\"\" loading=\"lazy\"><\/a><\/dt>\n<\/dl>\n<p><\/p>\n<dl class=\"gallery-item\">\n<dt class=\"gallery-icon landscape\"><a href=\"https:\/\/suceavanews.ro\/wp-content\/uploads\/2025\/10\/incendiu-restaurant-mestecanis-5.jpeg\"><img decoding=\"async\" width=\"150\" height=\"150\" src=\"https:\/\/suceavanews.ro\/wp-content\/uploads\/2025\/10\/incendiu-restaurant-mestecanis-5-150x150.jpeg\" class=\"attachment-thumbnail size-thumbnail\" alt=\"\" loading=\"lazy\"><\/a><\/dt>\n<\/dl>\n<p><\/div>\n<p>\u00a0<\/p>\n<\/div>\n","protected":false},"excerpt":{"rendered":"<p>Un restaurant a fost cuprins de fl\u0103c\u0103ri \u00een noaptea de joi spre vineri, \u00een jude\u021bul Suceava. Focul a cuprins acoperi\u0219ul unui restaurant, situat \u00een localitatea Mestec\u0103ni\u0219, comuna Iacobeni. Au intervenit pompierii militari ai Deta\u0219amentului Vatra Dornei, cu trei autospeciale de stingere \u0219i o ambulan\u021b\u0103 SMURD. Din fericire, nu s-au \u00eenregistrat victime, iar pompierii au localizat [&hellip;]<\/p>\n","protected":false},"author":1,"featured_media":0,"comment_status":"open","ping_status":"","sticky":false,"template":"","format":"standard","meta":{"footnotes":""},"categories":[89],"tags":[174],"class_list":["post-1049466","post","type-post","status-publish","format-standard","hentry","category-romania","tag-suceavanews-ro"],"_links":{"self":[{"href":"https:\/\/analyse.optim.biz\/index.php?rest_route=\/wp\/v2\/posts\/1049466","targetHints":{"allow":["GET"]}}],"collection":[{"href":"https:\/\/analyse.optim.biz\/index.php?rest_route=\/wp\/v2\/posts"}],"about":[{"href":"https:\/\/analyse.optim.biz\/index.php?rest_route=\/wp\/v2\/types\/post"}],"author":[{"embeddable":true,"href":"https:\/\/analyse.optim.biz\/index.php?rest_route=\/wp\/v2\/users\/1"}],"replies":[{"embeddable":true,"href":"https:\/\/analyse.optim.biz\/index.php?rest_route=%2Fwp%2Fv2%2Fcomments&post=1049466"}],"version-history":[{"count":0,"href":"https:\/\/analyse.optim.biz\/index.php?rest_route=\/wp\/v2\/posts\/1049466\/revisions"}],"wp:attachment":[{"href":"https:\/\/analyse.optim.biz\/index.php?rest_route=%2Fwp%2Fv2%2Fmedia&parent=1049466"}],"wp:term":[{"taxonomy":"category","embeddable":true,"href":"https:\/\/analyse.optim.biz\/index.php?rest_route=%2Fwp%2Fv2%2Fcategories&post=1049466"},{"taxonomy":"post_tag","embeddable":true,"href":"https:\/\/analyse.optim.biz\/index.php?rest_route=%2Fwp%2Fv2%2Ftags&post=1049466"}],"curies":[{"name":"wp","href":"https:\/\/api.w.org\/{rel}","templated":true}]}}