{"id":1049464,"date":"2025-12-13T05:22:02","date_gmt":"2025-12-13T02:22:02","guid":{"rendered":"https:\/\/analyse.optim.biz\/?p=1049464"},"modified":"2025-12-13T05:22:02","modified_gmt":"2025-12-13T02:22:02","slug":"foto-accident-intre-un-autoturism-si-un-camion-doua-persoane-au-fost-ranite","status":"publish","type":"post","link":"https:\/\/analyse.optim.biz\/?p=1049464","title":{"rendered":"FOTO Accident \u00eentre un autoturism \u0219i un camion. Dou\u0103 persoane au fost r\u0103nite"},"content":{"rendered":"<div class=\"entry-content\">\n<p><a href=\"https:\/\/www.botosaninews.ro\/wp-content\/uploads\/2025\/10\/accident-1-1.jpeg\"><img decoding=\"async\" loading=\"lazy\" class=\"alignright size-medium wp-image-703456\" src=\"https:\/\/www.botosaninews.ro\/wp-content\/uploads\/2025\/10\/accident-1-1-300x225.jpeg\" alt=\"\" width=\"300\" height=\"225\"><\/a>Un accident rutier produs, s\u00e2mb\u0103t\u0103, pe raza localit\u0103\u021bii Vama, \u00eentre un autoturism \u0219i un autocamion.<\/p>\n<p>Au intervenit pompierii militari, cu o autospecial\u0103 pentru descarcerare \u0219i dou\u0103 echipaje ale Serviciului de Ambulan\u021b\u0103 Jude\u021bean Suceava.<\/p>\n<p>Dou\u0103 persoane din autoturism, un b\u0103rbat \u0219i o femeie, con\u0219tiente \u0219i cooperante, au fost preluate de echipajele medicale \u0219i transportate la spital. Poli\u021bi\u0219tii urmeaz\u0103 s\u0103 stabileasc\u0103 cum s-a produs accidentul.<\/p>\n<div id=\"gallery-1\" class=\"gallery galleryid-318100 gallery-columns-3 gallery-size-thumbnail\">\n<dl class=\"gallery-item\">\n<dt class=\"gallery-icon portrait\"><a href=\"https:\/\/suceavanews.ro\/wp-content\/uploads\/2025\/10\/accident-2-1.jpeg\"><img decoding=\"async\" width=\"150\" height=\"150\" src=\"https:\/\/suceavanews.ro\/wp-content\/uploads\/2025\/10\/accident-2-1-150x150.jpeg\" class=\"attachment-thumbnail size-thumbnail\" alt=\"\" loading=\"lazy\"><\/a><\/dt>\n<\/dl>\n<dl class=\"gallery-item\">\n<dt class=\"gallery-icon portrait\"><a href=\"https:\/\/suceavanews.ro\/wp-content\/uploads\/2025\/10\/accident-3-1.jpeg\"><img decoding=\"async\" width=\"150\" height=\"150\" src=\"https:\/\/suceavanews.ro\/wp-content\/uploads\/2025\/10\/accident-3-1-150x150.jpeg\" class=\"attachment-thumbnail size-thumbnail\" alt=\"\" loading=\"lazy\"><\/a><\/dt>\n<\/dl>\n<dl class=\"gallery-item\">\n<dt class=\"gallery-icon portrait\"><a href=\"https:\/\/suceavanews.ro\/wp-content\/uploads\/2025\/10\/accident-4-1.jpeg\"><img decoding=\"async\" width=\"150\" height=\"150\" src=\"https:\/\/suceavanews.ro\/wp-content\/uploads\/2025\/10\/accident-4-1-150x150.jpeg\" class=\"attachment-thumbnail size-thumbnail\" alt=\"\" loading=\"lazy\"><\/a><\/dt>\n<\/dl>\n<p><\/p>\n<dl class=\"gallery-item\">\n<dt class=\"gallery-icon portrait\"><a href=\"https:\/\/suceavanews.ro\/wp-content\/uploads\/2025\/10\/accident-5.jpeg\"><img decoding=\"async\" width=\"150\" height=\"150\" src=\"https:\/\/suceavanews.ro\/wp-content\/uploads\/2025\/10\/accident-5-150x150.jpeg\" class=\"attachment-thumbnail size-thumbnail\" alt=\"\" loading=\"lazy\"><\/a><\/dt>\n<\/dl>\n<dl class=\"gallery-item\">\n<dt class=\"gallery-icon portrait\"><a href=\"https:\/\/suceavanews.ro\/wp-content\/uploads\/2025\/10\/accident-6.jpeg\"><img decoding=\"async\" width=\"150\" height=\"150\" src=\"https:\/\/suceavanews.ro\/wp-content\/uploads\/2025\/10\/accident-6-150x150.jpeg\" class=\"attachment-thumbnail size-thumbnail\" alt=\"\" loading=\"lazy\"><\/a><\/dt>\n<\/dl>\n<dl class=\"gallery-item\">\n<dt class=\"gallery-icon landscape\"><a href=\"https:\/\/suceavanews.ro\/wp-content\/uploads\/2025\/10\/accident-1-1.jpeg\"><img decoding=\"async\" width=\"150\" height=\"150\" src=\"https:\/\/suceavanews.ro\/wp-content\/uploads\/2025\/10\/accident-1-1-150x150.jpeg\" class=\"attachment-thumbnail size-thumbnail\" alt=\"\" loading=\"lazy\"><\/a><\/dt>\n<\/dl>\n<p><\/div>\n<\/div>\n","protected":false},"excerpt":{"rendered":"<p>Un accident rutier produs, s\u00e2mb\u0103t\u0103, pe raza localit\u0103\u021bii Vama, \u00eentre un autoturism \u0219i un autocamion. Au intervenit pompierii militari, cu o autospecial\u0103 pentru descarcerare \u0219i dou\u0103 echipaje ale Serviciului de Ambulan\u021b\u0103 Jude\u021bean Suceava. Dou\u0103 persoane din autoturism, un b\u0103rbat \u0219i o femeie, con\u0219tiente \u0219i cooperante, au fost preluate de echipajele medicale \u0219i transportate la spital. [&hellip;]<\/p>\n","protected":false},"author":1,"featured_media":0,"comment_status":"open","ping_status":"","sticky":false,"template":"","format":"standard","meta":{"footnotes":""},"categories":[89],"tags":[174],"class_list":["post-1049464","post","type-post","status-publish","format-standard","hentry","category-romania","tag-suceavanews-ro"],"_links":{"self":[{"href":"https:\/\/analyse.optim.biz\/index.php?rest_route=\/wp\/v2\/posts\/1049464","targetHints":{"allow":["GET"]}}],"collection":[{"href":"https:\/\/analyse.optim.biz\/index.php?rest_route=\/wp\/v2\/posts"}],"about":[{"href":"https:\/\/analyse.optim.biz\/index.php?rest_route=\/wp\/v2\/types\/post"}],"author":[{"embeddable":true,"href":"https:\/\/analyse.optim.biz\/index.php?rest_route=\/wp\/v2\/users\/1"}],"replies":[{"embeddable":true,"href":"https:\/\/analyse.optim.biz\/index.php?rest_route=%2Fwp%2Fv2%2Fcomments&post=1049464"}],"version-history":[{"count":0,"href":"https:\/\/analyse.optim.biz\/index.php?rest_route=\/wp\/v2\/posts\/1049464\/revisions"}],"wp:attachment":[{"href":"https:\/\/analyse.optim.biz\/index.php?rest_route=%2Fwp%2Fv2%2Fmedia&parent=1049464"}],"wp:term":[{"taxonomy":"category","embeddable":true,"href":"https:\/\/analyse.optim.biz\/index.php?rest_route=%2Fwp%2Fv2%2Fcategories&post=1049464"},{"taxonomy":"post_tag","embeddable":true,"href":"https:\/\/analyse.optim.biz\/index.php?rest_route=%2Fwp%2Fv2%2Ftags&post=1049464"}],"curies":[{"name":"wp","href":"https:\/\/api.w.org\/{rel}","templated":true}]}}