{"id":1049459,"date":"2025-12-13T05:21:23","date_gmt":"2025-12-13T02:21:23","guid":{"rendered":"https:\/\/analyse.optim.biz\/?p=1049459"},"modified":"2025-12-13T05:21:23","modified_gmt":"2025-12-13T02:21:23","slug":"incendiu-izbucnit-intr-o-camera-a-centrului-de-abilitare-si-reabilitare-pentru-persoane-adulte-cu-dizabilitati-fundu-moldovei","status":"publish","type":"post","link":"https:\/\/analyse.optim.biz\/?p=1049459","title":{"rendered":"Incendiu izbucnit \u00eentr-o camer\u0103 a Centrului de Abilitare \u0219i Reabilitare pentru Persoane Adulte cu Dizabilit\u0103\u021bi Fundu Moldovei"},"content":{"rendered":"<div class=\"entry-content\">\n<p><img decoding=\"async\" loading=\"lazy\" class=\"alignright size-medium wp-image-318112\" src=\"https:\/\/suceavanews.ro\/wp-content\/uploads\/2025\/10\/incendiu-la-centrul-de-reabilitare-adulti-cu-handicap-din-fundu-moldovei-suceava-1-300x260.jpeg\" alt=\"\" width=\"300\" height=\"260\">Alarm\u0103, s\u00e2mb\u0103t\u0103, la Centrul de Abilitare \u0219i Reabilitare pentru Persoane Adulte cu Dizabilit\u0103\u021bi Fundu Moldovei. Bunurile dintr-o camer\u0103 au luat foc, iar at\u00e2t angaja\u021bii, c\u00e2t \u0219i pacien\u021bii au fost evacua\u021bi. La fa\u021ba locului au intervenit pompierii militari de la Sec\u021bia C\u00e2mpulung Moldovenesc, cu dou\u0103 autospeciale de stingere \u0219i o ambulan\u021b\u0103 SMURD, cu sprijinul unui echipaj SAJ.<\/p>\n<p><em><strong>\u201eP\u00e2n\u0103 la sosirea for\u021belor de interven\u021bie, angaja\u021bii unit\u0103\u021bii au evacuat toate persoanele aflate \u00een interiorul cl\u0103dirii (trei lucr\u0103tori \u0219i 24 de pacien\u021bi). Totodat\u0103, ace\u0219tia au localizat \u0219i stins incendiul. Pompierii militari au ventilat spa\u021biile inundate cu fum \u0219i au verificat restul cl\u0103dirii pentru a se asigura c\u0103 pericolul a fost \u00eenl\u0103turat.\u00a0De asemenea, echipajul SMURD a preluat un b\u0103rbat, \u00een v\u00e2rst\u0103 de 29 de ani, care a suferit un atac de panic\u0103. Ulterior, aceasta \u0219i-a revenit \u0219i nu a necesitat transportul la spital\u201d<\/strong><\/em>, sus\u021bin pompierii din Suceava.<\/p>\n<p>Au ars materiale textile din camer\u0103 (saltea, lenjerie, pern\u0103).<\/p>\n<p>Cauza probabil\u0103 de izbucnire a fl\u0103c\u0103rilor este \u00een curs de stabilire.<\/p>\n<\/div>\n","protected":false},"excerpt":{"rendered":"<p>Alarm\u0103, s\u00e2mb\u0103t\u0103, la Centrul de Abilitare \u0219i Reabilitare pentru Persoane Adulte cu Dizabilit\u0103\u021bi Fundu Moldovei. Bunurile dintr-o camer\u0103 au luat foc, iar at\u00e2t angaja\u021bii, c\u00e2t \u0219i pacien\u021bii au fost evacua\u021bi. La fa\u021ba locului au intervenit pompierii militari de la Sec\u021bia C\u00e2mpulung Moldovenesc, cu dou\u0103 autospeciale de stingere \u0219i o ambulan\u021b\u0103 SMURD, cu sprijinul unui echipaj [&hellip;]<\/p>\n","protected":false},"author":1,"featured_media":0,"comment_status":"open","ping_status":"","sticky":false,"template":"","format":"standard","meta":{"footnotes":""},"categories":[89],"tags":[174],"class_list":["post-1049459","post","type-post","status-publish","format-standard","hentry","category-romania","tag-suceavanews-ro"],"_links":{"self":[{"href":"https:\/\/analyse.optim.biz\/index.php?rest_route=\/wp\/v2\/posts\/1049459","targetHints":{"allow":["GET"]}}],"collection":[{"href":"https:\/\/analyse.optim.biz\/index.php?rest_route=\/wp\/v2\/posts"}],"about":[{"href":"https:\/\/analyse.optim.biz\/index.php?rest_route=\/wp\/v2\/types\/post"}],"author":[{"embeddable":true,"href":"https:\/\/analyse.optim.biz\/index.php?rest_route=\/wp\/v2\/users\/1"}],"replies":[{"embeddable":true,"href":"https:\/\/analyse.optim.biz\/index.php?rest_route=%2Fwp%2Fv2%2Fcomments&post=1049459"}],"version-history":[{"count":0,"href":"https:\/\/analyse.optim.biz\/index.php?rest_route=\/wp\/v2\/posts\/1049459\/revisions"}],"wp:attachment":[{"href":"https:\/\/analyse.optim.biz\/index.php?rest_route=%2Fwp%2Fv2%2Fmedia&parent=1049459"}],"wp:term":[{"taxonomy":"category","embeddable":true,"href":"https:\/\/analyse.optim.biz\/index.php?rest_route=%2Fwp%2Fv2%2Fcategories&post=1049459"},{"taxonomy":"post_tag","embeddable":true,"href":"https:\/\/analyse.optim.biz\/index.php?rest_route=%2Fwp%2Fv2%2Ftags&post=1049459"}],"curies":[{"name":"wp","href":"https:\/\/api.w.org\/{rel}","templated":true}]}}