{"id":1049452,"date":"2025-12-13T05:19:21","date_gmt":"2025-12-13T02:19:21","guid":{"rendered":"https:\/\/analyse.optim.biz\/?p=1049452"},"modified":"2025-12-13T05:19:21","modified_gmt":"2025-12-13T02:19:21","slug":"foto-accident-cu-sase-victime-dintre-care-doi-copii-impact-violent-intre-doua-masini","status":"publish","type":"post","link":"https:\/\/analyse.optim.biz\/?p=1049452","title":{"rendered":"FOTO Accident cu \u0219ase victime, dintre care doi copii. Impact violent \u00eentre dou\u0103 ma\u0219ini"},"content":{"rendered":"<div class=\"entry-content\">\n<p><a href=\"https:\/\/www.botosaninews.ro\/wp-content\/uploads\/2025\/10\/accident-orice-1.jpeg\"><img decoding=\"async\" loading=\"lazy\" class=\"alignright size-medium wp-image-704460\" src=\"https:\/\/www.botosaninews.ro\/wp-content\/uploads\/2025\/10\/accident-orice-1-300x179.jpeg\" alt=\"\" width=\"300\" height=\"179\"><\/a>Un accident rutier a avut loc duminic\u0103 sear\u0103, pe raza localit\u0103\u021bii Fr\u0103t\u0103u\u021bii Vechi, din jude\u021bul Suceava, produs \u00eentre dou\u0103 autoturisme.<\/p>\n<p>Au intervenit pompierii militari cu dou\u0103 autospeciale cu accesorii pentru descarcerare, trei ambulan\u021be SMURD (inclusiv echipajul de Terapie Intensiv\u0103 Mobil\u0103 \u2013 TIM), cu sprijinul a trei echipaje SAJ.<\/p>\n<p>\u00cen evenimentul rutier, au fost implicate \u0219ase persoane, una dintre acestea fiind g\u0103sit\u0103 \u00eencarcerat\u0103.<\/p>\n<p>Pompierii militari au extras <span><a href=\"https:\/\/www.botosaninews.ro\/704443\/stiri-nationale\/foto-tragedie-rutiera-doi-tineri-au-murit-astazi-in-urma-unui-accident-rutier-pe-un-drum-national\/\">victima<\/a><\/span>prins\u0103 \u00eentre fiarele contorsionate \u0219i au predat-o echipajelor medicale.<\/p>\n<p>Dup\u0103 evaluarea \u0219i asisten\u021ba medical\u0103, toate cele \u0219ase persoane, printre care \u0219i doi minori, con\u0219tiente \u0219i cooperante, au fost transportate la spital, pentru investiga\u021bii suplimentare \u0219i tratament de specialitate. Poli\u021bi\u0219tii urmeaz\u0103 s\u0103 stabileasc\u0103 cum s-a produs accidentul.<\/p>\n<div id=\"gallery-1\" class=\"gallery galleryid-318146 gallery-columns-3 gallery-size-thumbnail\">\n<dl class=\"gallery-item\">\n<dt class=\"gallery-icon landscape\"><a href=\"https:\/\/suceavanews.ro\/wp-content\/uploads\/2025\/10\/accident-orice-2.jpeg\"><img decoding=\"async\" width=\"150\" height=\"150\" src=\"https:\/\/suceavanews.ro\/wp-content\/uploads\/2025\/10\/accident-orice-2-150x150.jpeg\" class=\"attachment-thumbnail size-thumbnail\" alt=\"\" loading=\"lazy\"><\/a><\/dt>\n<\/dl>\n<dl class=\"gallery-item\">\n<dt class=\"gallery-icon landscape\"><a href=\"https:\/\/suceavanews.ro\/wp-content\/uploads\/2025\/10\/accident-orice-3.jpeg\"><img decoding=\"async\" width=\"150\" height=\"150\" src=\"https:\/\/suceavanews.ro\/wp-content\/uploads\/2025\/10\/accident-orice-3-150x150.jpeg\" class=\"attachment-thumbnail size-thumbnail\" alt=\"\" loading=\"lazy\"><\/a><\/dt>\n<\/dl>\n<dl class=\"gallery-item\">\n<dt class=\"gallery-icon landscape\"><a href=\"https:\/\/suceavanews.ro\/wp-content\/uploads\/2025\/10\/accident-orice-4.jpeg\"><img decoding=\"async\" width=\"150\" height=\"150\" src=\"https:\/\/suceavanews.ro\/wp-content\/uploads\/2025\/10\/accident-orice-4-150x150.jpeg\" class=\"attachment-thumbnail size-thumbnail\" alt=\"\" loading=\"lazy\"><\/a><\/dt>\n<\/dl>\n<p><\/p>\n<dl class=\"gallery-item\">\n<dt class=\"gallery-icon landscape\"><a href=\"https:\/\/suceavanews.ro\/wp-content\/uploads\/2025\/10\/accident-orice-5.jpeg\"><img decoding=\"async\" width=\"150\" height=\"150\" src=\"https:\/\/suceavanews.ro\/wp-content\/uploads\/2025\/10\/accident-orice-5-150x150.jpeg\" class=\"attachment-thumbnail size-thumbnail\" alt=\"\" loading=\"lazy\"><\/a><\/dt>\n<\/dl>\n<dl class=\"gallery-item\">\n<dt class=\"gallery-icon landscape\"><a href=\"https:\/\/suceavanews.ro\/wp-content\/uploads\/2025\/10\/accident-orice-6.jpeg\"><img decoding=\"async\" width=\"150\" height=\"150\" src=\"https:\/\/suceavanews.ro\/wp-content\/uploads\/2025\/10\/accident-orice-6-150x150.jpeg\" class=\"attachment-thumbnail size-thumbnail\" alt=\"\" loading=\"lazy\"><\/a><\/dt>\n<\/dl>\n<dl class=\"gallery-item\">\n<dt class=\"gallery-icon portrait\"><a href=\"https:\/\/suceavanews.ro\/wp-content\/uploads\/2025\/10\/accident-orice-7.jpeg\"><img decoding=\"async\" width=\"150\" height=\"150\" src=\"https:\/\/suceavanews.ro\/wp-content\/uploads\/2025\/10\/accident-orice-7-150x150.jpeg\" class=\"attachment-thumbnail size-thumbnail\" alt=\"\" loading=\"lazy\"><\/a><\/dt>\n<\/dl>\n<p><\/p>\n<dl class=\"gallery-item\">\n<dt class=\"gallery-icon landscape\"><a href=\"https:\/\/suceavanews.ro\/wp-content\/uploads\/2025\/10\/accident-orice-8.jpeg\"><img decoding=\"async\" width=\"150\" height=\"150\" src=\"https:\/\/suceavanews.ro\/wp-content\/uploads\/2025\/10\/accident-orice-8-150x150.jpeg\" class=\"attachment-thumbnail size-thumbnail\" alt=\"\" loading=\"lazy\"><\/a><\/dt>\n<\/dl>\n<dl class=\"gallery-item\">\n<dt class=\"gallery-icon landscape\"><a href=\"https:\/\/suceavanews.ro\/wp-content\/uploads\/2025\/10\/accident-orice-9.jpeg\"><img decoding=\"async\" width=\"150\" height=\"150\" src=\"https:\/\/suceavanews.ro\/wp-content\/uploads\/2025\/10\/accident-orice-9-150x150.jpeg\" class=\"attachment-thumbnail size-thumbnail\" alt=\"\" loading=\"lazy\"><\/a><\/dt>\n<\/dl>\n<dl class=\"gallery-item\">\n<dt class=\"gallery-icon landscape\"><a href=\"https:\/\/suceavanews.ro\/wp-content\/uploads\/2025\/10\/accident-orice-1.jpeg\"><img decoding=\"async\" width=\"150\" height=\"150\" src=\"https:\/\/suceavanews.ro\/wp-content\/uploads\/2025\/10\/accident-orice-1-150x150.jpeg\" class=\"attachment-thumbnail size-thumbnail\" alt=\"\" loading=\"lazy\"><\/a><\/dt>\n<\/dl>\n<p><\/div>\n<\/div>\n","protected":false},"excerpt":{"rendered":"<p>Un accident rutier a avut loc duminic\u0103 sear\u0103, pe raza localit\u0103\u021bii Fr\u0103t\u0103u\u021bii Vechi, din jude\u021bul Suceava, produs \u00eentre dou\u0103 autoturisme. Au intervenit pompierii militari cu dou\u0103 autospeciale cu accesorii pentru descarcerare, trei ambulan\u021be SMURD (inclusiv echipajul de Terapie Intensiv\u0103 Mobil\u0103 \u2013 TIM), cu sprijinul a trei echipaje SAJ. \u00cen evenimentul rutier, au fost implicate \u0219ase [&hellip;]<\/p>\n","protected":false},"author":1,"featured_media":0,"comment_status":"open","ping_status":"","sticky":false,"template":"","format":"standard","meta":{"footnotes":""},"categories":[89],"tags":[174],"class_list":["post-1049452","post","type-post","status-publish","format-standard","hentry","category-romania","tag-suceavanews-ro"],"_links":{"self":[{"href":"https:\/\/analyse.optim.biz\/index.php?rest_route=\/wp\/v2\/posts\/1049452","targetHints":{"allow":["GET"]}}],"collection":[{"href":"https:\/\/analyse.optim.biz\/index.php?rest_route=\/wp\/v2\/posts"}],"about":[{"href":"https:\/\/analyse.optim.biz\/index.php?rest_route=\/wp\/v2\/types\/post"}],"author":[{"embeddable":true,"href":"https:\/\/analyse.optim.biz\/index.php?rest_route=\/wp\/v2\/users\/1"}],"replies":[{"embeddable":true,"href":"https:\/\/analyse.optim.biz\/index.php?rest_route=%2Fwp%2Fv2%2Fcomments&post=1049452"}],"version-history":[{"count":0,"href":"https:\/\/analyse.optim.biz\/index.php?rest_route=\/wp\/v2\/posts\/1049452\/revisions"}],"wp:attachment":[{"href":"https:\/\/analyse.optim.biz\/index.php?rest_route=%2Fwp%2Fv2%2Fmedia&parent=1049452"}],"wp:term":[{"taxonomy":"category","embeddable":true,"href":"https:\/\/analyse.optim.biz\/index.php?rest_route=%2Fwp%2Fv2%2Fcategories&post=1049452"},{"taxonomy":"post_tag","embeddable":true,"href":"https:\/\/analyse.optim.biz\/index.php?rest_route=%2Fwp%2Fv2%2Ftags&post=1049452"}],"curies":[{"name":"wp","href":"https:\/\/api.w.org\/{rel}","templated":true}]}}