{"id":1049183,"date":"2025-12-04T13:59:14","date_gmt":"2025-12-04T10:59:14","guid":{"rendered":"https:\/\/analyse.optim.biz\/?p=1049183"},"modified":"2025-12-04T13:59:14","modified_gmt":"2025-12-04T10:59:14","slug":"aur-timis-are-un-nou-sediu","status":"publish","type":"post","link":"https:\/\/analyse.optim.biz\/?p=1049183","title":{"rendered":"AUR Timi\u0219 are un nou sediu &#8211;"},"content":{"rendered":"<article id=\"post-82064\" class=\"post-82064 post type-post status-publish format-standard has-post-thumbnail category-politica category-stiri-locale category-stiri-timis tag-aur-timis\">\n<div class=\"td-pb-row\">\n<div class=\"td-pb-span12\">\n<div class=\"td-post-header\">\n<div class=\"td-crumb-container\">\n<div class=\"entry-crumbs\"><span><a title class=\"entry-crumb\" href=\"https:\/\/gazetadinvest.ro\/\">Acas\u0103<\/a><\/span><span><a title=\"Vede\u021bi toate articolele \u00een Politica\" class=\"entry-crumb\" href=\"https:\/\/gazetadinvest.ro\/category\/politica\/\">Politica<\/a><\/span><span class=\"td-bred-no-url-last\">AUR Timi\u0219 are un nou sediu<\/span><\/div>\n<\/div>\n<header class=\"td-post-title\">\n<ul class=\"td-category\">\n<li class=\"entry-category\"><a href=\"https:\/\/gazetadinvest.ro\/category\/politica\/\">Politica<\/a><\/li>\n<li class=\"entry-category\"><a href=\"https:\/\/gazetadinvest.ro\/category\/stiri-locale\/\">Stiri Locale<\/a><\/li>\n<li class=\"entry-category\"><a href=\"https:\/\/gazetadinvest.ro\/category\/stiri-locale\/stiri-timis\/\">Stiri Timis<\/a><\/li>\n<\/ul>\n<h1 class=\"entry-title\">AUR Timi\u0219 are un nou sediu<\/h1>\n<div class=\"td-module-meta-info\">\n<div class=\"td-post-author-name\">\n<div class=\"td-author-by\">De c\u0103tre<\/div>\n<p><a href=\"https:\/\/gazetadinvest.ro\/author\/sorinmarascu\/\">Marascu Sorin<\/a><\/p>\n<div class=\"td-author-line\"> &#8211; <\/div>\n<\/div>\n<p><span class=\"td-post-date\"><time class=\"entry-date updated td-module-date\" datetime=\"2025-12-04T15:59:14+02:00\">4 decembrie 2025<\/time><\/span><\/div>\n<\/header>\n<\/div>\n<\/div>\n<\/div>\n<div class=\"td-pb-row\">\n<div class=\"td-pb-span8 td-main-content\" role=\"main\">\n<div class=\"td-ss-main-content\">\n<div class=\"td-post-content tagdiv-type\">\n<div class=\"td-post-featured-image\"><a href=\"https:\/\/gazetadinvest.ro\/wp-content\/uploads\/2025\/12\/1.jpg\" data-caption><img loading=\"lazy\" decoding=\"async\" width=\"696\" height=\"522\" class=\"entry-thumb td-modal-image\" src=\"https:\/\/gazetadinvest.ro\/wp-content\/uploads\/2025\/12\/1-696x522.jpg\" alt title=\"1\"><\/a><\/div>\n<p>Schimbare de loca\u021bie. <em>\u201eV\u0103 anun\u021b\u0103m cu bucurie c\u0103 noul nostru sediu \u0219i-a deschis oficial por\u021bile, la adresa: Bulevardul Revolu\u021biei din 1989 nr. 19, ap. 5 \u2013 Timi\u0219oara.<\/em><\/p>\n<p><em>Sediul AUR Timi\u0219 fost preg\u0103tit cu aten\u021bie \u0219i dedicare, pentru a fi un loc primitor, deschis ideilor \u0219i proiectelor noastre viitoare.<\/em><\/p>\n<p><em>Inaugurarea marcheaz\u0103 un moment important pentru organizarea activit\u0103\u021bilor interne \u0219i pentru dezvoltarea unui cadru de lucru modern \u0219i bine structurat pentru noi, Alian\u021ba pentru Unirea Rom\u00e2nilor Timi\u0219.<\/em><\/p>\n<p><em>V\u0103 a\u0219tept\u0103m cu drag la noul nostru sediu!\u201d<\/em>, transmite AUR Timi\u0219.<\/p>\n<p><img loading=\"lazy\" decoding=\"async\" class=\"alignnone size-medium wp-image-82066\" src=\"https:\/\/gazetadinvest.ro\/wp-content\/uploads\/2025\/12\/2-281x500.jpg\" alt width=\"281\" height=\"500\"><\/p>\n<p>\u00a0<\/p>\n<\/div>\n<footer>\n<div class=\"td-post-source-tags\">\n<ul class=\"td-tags td-post-small-box clearfix\">\n<li><span>ETICHETE<\/span><\/li>\n<li><a href=\"https:\/\/gazetadinvest.ro\/tag\/aur-timis\/\">AUR timis<\/a><\/li>\n<\/ul>\n<\/div>\n<div class=\"td-post-sharing-bottom\">\n<div class=\"td-post-sharing-classic\"><iframe title=\"bottomFacebookLike\" frameborder src=\"https:\/\/www.facebook.com\/plugins\/like.php?href=https:\/\/gazetadinvest.ro\/aur-timis-are-un-nou-sediu\/&amp;layout=button_count&amp;show_faces=false&amp;width=105&amp;action=like&amp;colorscheme=light&amp;height=21\"><\/iframe><\/div>\n<div id=\"td_social_sharing_article_bottom\" class=\"td-post-sharing td-ps-border td-ps-border-grey td-ps-icon-arrow td-ps-icon-bg td-ps-text-color td-post-sharing-style19 \">\n<div class=\"td-post-sharing-visible\"><a class=\"td-social-sharing-button td-social-sharing-button-js td-social-network td-social-facebook\" href=\"https:\/\/www.facebook.com\/sharer.php?u=https%3A%2F%2Fgazetadinvest.ro%2Faur-timis-are-un-nou-sediu%2F\" title=\"Facebook\"><\/p>\n<div class=\"td-social-but-text\">Facebook<\/div>\n<p><\/a><a class=\"td-social-sharing-button td-social-sharing-button-js td-social-network td-social-twitter\" href=\"https:\/\/twitter.com\/intent\/tweet?text=AUR+Timi%C8%99+are+un+nou+sediu&amp;url=https%3A%2F%2Fgazetadinvest.ro%2Faur-timis-are-un-nou-sediu%2F&amp;via=Gazeta+din+Vest\" title=\"Twitter\"><\/p>\n<div class=\"td-social-but-text\">Twitter<\/div>\n<p><\/a><a class=\"td-social-sharing-button td-social-sharing-button-js td-social-network td-social-whatsapp\" href=\"https:\/\/api.whatsapp.com\/send?text=AUR+Timi%C8%99+are+un+nou+sediu%20%0A%0A%20https:\/\/gazetadinvest.ro\/aur-timis-are-un-nou-sediu\/\" title=\"WhatsApp\"><\/p>\n<div class=\"td-social-but-text\">WhatsApp<\/div>\n<p><\/a><a class=\"td-social-sharing-button td-social-sharing-button-js td-social-network td-social-mail\" href=\"mailto:?subject=AUR%20Timi%C8%99%20are%20un%20nou%20sediu&amp;body=https:\/\/gazetadinvest.ro\/aur-timis-are-un-nou-sediu\/\" title=\"Email\"><\/p>\n<div class=\"td-social-but-text\">Email<\/div>\n<p><\/a><a class=\"td-social-sharing-button td-social-sharing-button-js td-social-network td-social-print\" href=\"https:\/\/gazetadinvest.ro\/aur-timis-are-un-nou-sediu\/\" title=\"Imprimare\"><\/p>\n<div class=\"td-social-but-text\">Imprimare<\/div>\n<p><\/a><a class=\"td-social-sharing-button td-social-sharing-button-js td-social-network td-social-copy_url\" href=\"https:\/\/gazetadinvest.ro\/aur-timis-are-un-nou-sediu\/\" title=\"Copy URL\"><\/p>\n<div class=\"td-social-but-text\">Copy URL<\/div>\n<p><\/a><\/div>\n<\/div>\n<\/div>\n<div class=\"td-block-row td-post-next-prev\">\n<div class=\"td-block-span6 td-post-prev-post\">\n<div class=\"td-post-next-prev-content\"><span>Articolul precedent<\/span><a href=\"https:\/\/gazetadinvest.ro\/intreruperi-programate-la-furnizarea-apei-pentru-vineri-5-decembrie\/\">\u00centreruperi programate la furnizarea apei pentru vineri, 5 decembrie<\/a><\/div>\n<\/div>\n<div class=\"td-block-span6 td-post-next-post\">\n<div class=\"td-post-next-prev-content\"><span>Articolul urm\u0103tor<\/span><a href=\"https:\/\/gazetadinvest.ro\/comunicat-retim-cj-timis-si-eco-serv-blocheaza-predarea-activitatii-de-tratare-a-levigatului-si-solicita-oprirea-ilegala-a-unei-activitati-critice-pentru-protectia-mediului\/\">Comunicat RETIM: CJ Timi\u0219 \u0219i Eco Serv blocheaz\u0103 predarea activit\u0103\u021bii de tratare a levigatului \u0219i solicit\u0103 oprirea ilegal\u0103 a unei activit\u0103\u021bi critice pentru protec\u021bia mediului<\/a><\/div>\n<\/div>\n<\/div>\n<div class=\"td-author-name vcard author\"><span class=\"fn\"><a href=\"https:\/\/gazetadinvest.ro\/author\/sorinmarascu\/\">Marascu Sorin<\/a><\/span><\/div>\n<p><span class=\"td-page-meta\"><\/span><span class=\"td-page-meta\"><span class=\"td-page-meta\"><\/span><\/span><span class=\"td-page-meta\"><\/span><\/footer>\n<div class=\"td_block_wrap td_block_related_posts tdi_3 td_with_ajax_pagination td-pb-border-top td_block_template_8\" data-td-block-uid=\"tdi_3\">\n<h4 class=\"td-related-title td-block-title\"><a id=\"tdi_4\" class=\"td-related-left td-cur-simple-item\" data-td_filter_value data-td_block_id=\"tdi_3\" href=\"https:\/\/gazetadinvest.ro\/aur-timis-are-un-nou-sediu\/\">ARTICOLE SIMILARE<\/a><a id=\"tdi_5\" class=\"td-related-right\" data-td_filter_value=\"td_related_more_from_author\" data-td_block_id=\"tdi_3\" href=\"https:\/\/gazetadinvest.ro\/aur-timis-are-un-nou-sediu\/\">DE LA ACELA\u0218I AUTOR<\/a><\/h4>\n<div id=\"tdi_3\" class=\"td_block_inner\">\n<div class=\"td-related-row\">\n<div class=\"td-related-span4\">\n<div class=\"td_module_related_posts td-animation-stack td_mod_related_posts\">\n<div class=\"td-module-image\">\n<div class=\"td-module-thumb\"><a href=\"https:\/\/gazetadinvest.ro\/ilie-sirbu-aur-solicita-corectarea-zonelor-de-impozitare-nu-putem-trata-ca-periferie-marile-centre-comerciale-si-ca-zone-centrale-cartierele-fara-infrastructura\/\" rel=\"bookmark\" class=\"td-image-wrap \" title=\"Ilie S\u00eerbu (AUR) solicit\u0103 corectarea zonelor de impozitare:   \u201eNu putem trata ca periferie marile centre comerciale \u0219i ca zone centrale cartierele f\u0103r\u0103 infrastructur\u0103\u201d\"><img loading=\"lazy\" decoding=\"async\" class=\"entry-thumb\" src=\"https:\/\/gazetadinvest.ro\/wp-content\/uploads\/2024\/06\/aur-timis-436x300.jpg\" alt title=\"Ilie S\u00eerbu (AUR) solicit\u0103 corectarea zonelor de impozitare:   \u201eNu putem trata ca periferie marile centre comerciale \u0219i ca zone centrale cartierele f\u0103r\u0103 infrastructur\u0103\u201d\" width=\"218\" height=\"150\"><\/a><\/div>\n<p><a href=\"https:\/\/gazetadinvest.ro\/category\/politica\/\" class=\"td-post-category\">Politica<\/a><\/div>\n<div class=\"item-details\">\n<h3 class=\"entry-title td-module-title\"><a href=\"https:\/\/gazetadinvest.ro\/ilie-sirbu-aur-solicita-corectarea-zonelor-de-impozitare-nu-putem-trata-ca-periferie-marile-centre-comerciale-si-ca-zone-centrale-cartierele-fara-infrastructura\/\" rel=\"bookmark\" title=\"Ilie S\u00eerbu (AUR) solicit\u0103 corectarea zonelor de impozitare:   \u201eNu putem trata ca periferie marile centre comerciale \u0219i ca zone centrale cartierele f\u0103r\u0103 infrastructur\u0103\u201d\">Ilie S\u00eerbu (AUR) solicit\u0103 corectarea zonelor de impozitare:   \u201eNu putem trata ca periferie marile centre comerciale \u0219i ca zone centrale cartierele f\u0103r\u0103&#8230;<\/a><\/h3>\n<\/div>\n<\/div>\n<\/div>\n<div class=\"td-related-span4\">\n<div class=\"td_module_related_posts td-animation-stack td_mod_related_posts\">\n<div class=\"td-module-image\">\n<div class=\"td-module-thumb\"><a href=\"https:\/\/gazetadinvest.ro\/aur-are-un-nou-consilier-judetean-care-vine-cu-un-bagaj-important-de-experienta-si-dorinta-de-a-schimba-lucrurile-in-bine\/\" rel=\"bookmark\" class=\"td-image-wrap \" title=\"AUR are un nou consilier jude\u0163ean, care vine cu un bagaj important de experien\u0163\u0103 \u015fi dorin\u0163\u0103 de a schimba lucrurile \u00een bine\"><img loading=\"lazy\" decoding=\"async\" class=\"entry-thumb\" src=\"https:\/\/gazetadinvest.ro\/wp-content\/uploads\/2025\/09\/aur-timis-436x300.jpg\" alt title=\"AUR are un nou consilier jude\u0163ean, care vine cu un bagaj important de experien\u0163\u0103 \u015fi dorin\u0163\u0103 de a schimba lucrurile \u00een bine\" width=\"218\" height=\"150\"><\/a><\/div>\n<p><a href=\"https:\/\/gazetadinvest.ro\/category\/politica\/\" class=\"td-post-category\">Politica<\/a><\/div>\n<div class=\"item-details\">\n<h3 class=\"entry-title td-module-title\"><a href=\"https:\/\/gazetadinvest.ro\/aur-are-un-nou-consilier-judetean-care-vine-cu-un-bagaj-important-de-experienta-si-dorinta-de-a-schimba-lucrurile-in-bine\/\" rel=\"bookmark\" title=\"AUR are un nou consilier jude\u0163ean, care vine cu un bagaj important de experien\u0163\u0103 \u015fi dorin\u0163\u0103 de a schimba lucrurile \u00een bine\">AUR are un nou consilier jude\u0163ean, care vine cu un bagaj important de experien\u0163\u0103 \u015fi dorin\u0163\u0103 de a schimba lucrurile \u00een bine<\/a><\/h3>\n<\/div>\n<\/div>\n<\/div>\n<div class=\"td-related-span4\">\n<div class=\"td_module_related_posts td-animation-stack td_mod_related_posts\">\n<div class=\"td-module-image\">\n<div class=\"td-module-thumb\"><a href=\"https:\/\/gazetadinvest.ro\/aur-denunta-incalcarea-continua-a-democratiei-de-catre-guvernul-psd-pnl-usr-udmr\/\" rel=\"bookmark\" class=\"td-image-wrap \" title=\"AUR denun\u021b\u0103 \u00eenc\u0103lcarea continu\u0103 a democra\u021biei de c\u0103tre Guvernul PSD-PNL-USR-UDMR\"><img loading=\"lazy\" decoding=\"async\" class=\"entry-thumb\" src=\"https:\/\/gazetadinvest.ro\/wp-content\/uploads\/2025\/08\/aur-436x300.jpg\" alt title=\"AUR denun\u021b\u0103 \u00eenc\u0103lcarea continu\u0103 a democra\u021biei de c\u0103tre Guvernul PSD-PNL-USR-UDMR\" width=\"218\" height=\"150\"><\/a><\/div>\n<p><a href=\"https:\/\/gazetadinvest.ro\/category\/politica\/\" class=\"td-post-category\">Politica<\/a><\/div>\n<div class=\"item-details\">\n<h3 class=\"entry-title td-module-title\"><a href=\"https:\/\/gazetadinvest.ro\/aur-denunta-incalcarea-continua-a-democratiei-de-catre-guvernul-psd-pnl-usr-udmr\/\" rel=\"bookmark\" title=\"AUR denun\u021b\u0103 \u00eenc\u0103lcarea continu\u0103 a democra\u021biei de c\u0103tre Guvernul PSD-PNL-USR-UDMR\">AUR denun\u021b\u0103 \u00eenc\u0103lcarea continu\u0103 a democra\u021biei de c\u0103tre Guvernul PSD-PNL-USR-UDMR<\/a><\/h3>\n<\/div>\n<\/div>\n<\/div>\n<\/div>\n<\/div>\n<\/div>\n<div class=\"comments\" id=\"comments\">\n<div id=\"respond\" class=\"comment-respond\">\n<h3 id=\"reply-title\" class=\"comment-reply-title\">L\u0102SA\u021aI UN MESAJ <small><a rel=\"nofollow\" id=\"cancel-comment-reply-link\" href=\"https:\/\/gazetadinvest.ro\/aur-timis-are-un-nou-sediu\/#respond\">Renun\u021ba\u021bi la r\u0103spuns<\/a><\/small><\/h3>\n<div class=\"comment-form-input-wrap td-form-comment\">\n<div class=\"td-warning-comment\">V\u0103 rug\u0103m s\u0103 introduce\u021bi comentariul dvs.!<\/div>\n<\/div>\n<div class=\"comment-form-input-wrap td-form-author\">\n<div class=\"td-warning-author\">Introduce\u021bi aici numele dvs.<\/div>\n<\/div>\n<div class=\"comment-form-input-wrap td-form-email\">\n<div class=\"td-warning-email-error\">A\u021bi introdus o adres\u0103 de e-mail incorect\u0103!<\/div>\n<div class=\"td-warning-email\">V\u0103 rug\u0103m s\u0103 introduce\u021bi adresa dvs. de e-mail aici<\/div>\n<\/div>\n<\/div>\n<\/div>\n<\/div>\n<\/div>\n<div class=\"td-pb-span4 td-main-sidebar\" role=\"complementary\">\n<div class=\"td-ss-main-sidebar\">\n<aside id=\"media_image-102\" class=\"td_block_template_8 widget media_image-102 widget_media_image\"><a href=\"https:\/\/piete-sa.ro\/\"><img loading=\"lazy\" decoding=\"async\" width=\"350\" height=\"426\" src=\"https:\/\/gazetadinvest.ro\/wp-content\/uploads\/2023\/05\/Logo-Piete-SA.jpg\" class=\"image wp-image-65510  attachment-full size-full\" alt><\/a><\/aside>\n<aside id=\"block-8\" class=\"td_block_template_8 widget block-8 widget_block widget_media_image\">\n<figure class=\"wp-block-image size-full\"><a href=\"https:\/\/adpghiroda.ro\/index.html\" target=\"_blank\" rel=\" noreferrer noopener\"><img loading=\"lazy\" decoding=\"async\" width=\"450\" height=\"450\" src=\"https:\/\/gazetadinvest.ro\/wp-content\/uploads\/2023\/05\/adp-ghiroda.gif\" alt class=\"wp-image-65511\"><\/a><\/figure>\n<\/aside>\n<aside id=\"media_image-5\" class=\"td_block_template_8 widget media_image-5 widget_media_image\"><a href=\"https:\/\/retim.ro\/\"><img decoding=\"async\" width=\"336\" height=\"280\" src=\"https:\/\/gazetadinvest.ro\/wp-content\/uploads\/2024\/11\/ReTIM-Abonamentul-Verde-Google-Ads-336x280px.gif\" class=\"image wp-image-72020  attachment-full size-full\" alt loading=\"lazy\"><\/a><\/aside>\n<aside id=\"block-11\" class=\"td_block_template_8 widget block-11 widget_block widget_media_image\">\n<figure class=\"wp-block-image size-large\"><a href=\"https:\/\/www.umft.ro\/ro\/acasa\/\" target=\"_blank\" rel=\" noreferrer noopener\"><img decoding=\"async\" loading=\"lazy\" width=\"1280\" height=\"321\" src=\"https:\/\/gazetadinvest.ro\/wp-content\/uploads\/2023\/11\/Logo-UMFT-1280x321.jpg\" alt class=\"wp-image-67316\"><\/a><\/figure>\n<\/aside>\n<aside id=\"media_image-76\" class=\"td_block_template_8 widget media_image-76 widget_media_image\"><a href=\"https:\/\/mnab.ro\/\"><img decoding=\"async\" width=\"415\" height=\"300\" src=\"https:\/\/gazetadinvest.ro\/wp-content\/uploads\/2024\/10\/MNaB_415_300_Oct.gif\" class=\"image wp-image-71869  attachment-full size-full\" alt loading=\"lazy\"><\/a><\/aside>\n<aside id=\"media_image-100\" class=\"td_block_template_8 widget media_image-100 widget_media_image\"><a href=\"http:\/\/adidtimis.ro\"><img decoding=\"async\" width=\"700\" height=\"300\" src=\"https:\/\/gazetadinvest.ro\/wp-content\/uploads\/2025\/10\/700x300-Voluminoase.jpg\" class=\"image wp-image-81373  attachment-full size-full\" alt loading=\"lazy\"><\/a><\/aside>\n<\/div>\n<\/div>\n<\/div>\n<\/article>\n<p> Source URL: https:\/\/gazetadinvest.ro\/aur-timis-are-un-nou-sediu\/<\/p>\n","protected":false},"excerpt":{"rendered":"<p>Acas\u0103PoliticaAUR Timi\u0219 are un nou sediu Politica Stiri Locale Stiri Timis AUR Timi\u0219 are un nou sediu De c\u0103tre Marascu Sorin &#8211; 4 decembrie 2025 Schimbare de loca\u021bie. \u201eV\u0103 anun\u021b\u0103m cu bucurie c\u0103 noul nostru sediu \u0219i-a deschis oficial por\u021bile, la adresa: Bulevardul Revolu\u021biei din 1989 nr. 19, ap. 5 \u2013 Timi\u0219oara. Sediul AUR Timi\u0219 [&hellip;]<\/p>\n","protected":false},"author":1,"featured_media":0,"comment_status":"open","ping_status":"","sticky":false,"template":"","format":"standard","meta":{"footnotes":""},"categories":[89],"tags":[203],"class_list":["post-1049183","post","type-post","status-publish","format-standard","hentry","category-romania","tag-gazetadinvest-ro"],"_links":{"self":[{"href":"https:\/\/analyse.optim.biz\/index.php?rest_route=\/wp\/v2\/posts\/1049183","targetHints":{"allow":["GET"]}}],"collection":[{"href":"https:\/\/analyse.optim.biz\/index.php?rest_route=\/wp\/v2\/posts"}],"about":[{"href":"https:\/\/analyse.optim.biz\/index.php?rest_route=\/wp\/v2\/types\/post"}],"author":[{"embeddable":true,"href":"https:\/\/analyse.optim.biz\/index.php?rest_route=\/wp\/v2\/users\/1"}],"replies":[{"embeddable":true,"href":"https:\/\/analyse.optim.biz\/index.php?rest_route=%2Fwp%2Fv2%2Fcomments&post=1049183"}],"version-history":[{"count":0,"href":"https:\/\/analyse.optim.biz\/index.php?rest_route=\/wp\/v2\/posts\/1049183\/revisions"}],"wp:attachment":[{"href":"https:\/\/analyse.optim.biz\/index.php?rest_route=%2Fwp%2Fv2%2Fmedia&parent=1049183"}],"wp:term":[{"taxonomy":"category","embeddable":true,"href":"https:\/\/analyse.optim.biz\/index.php?rest_route=%2Fwp%2Fv2%2Fcategories&post=1049183"},{"taxonomy":"post_tag","embeddable":true,"href":"https:\/\/analyse.optim.biz\/index.php?rest_route=%2Fwp%2Fv2%2Ftags&post=1049183"}],"curies":[{"name":"wp","href":"https:\/\/api.w.org\/{rel}","templated":true}]}}