{"id":1049178,"date":"2025-12-06T11:22:44","date_gmt":"2025-12-06T08:22:44","guid":{"rendered":"https:\/\/analyse.optim.biz\/?p=1049178"},"modified":"2025-12-06T11:22:44","modified_gmt":"2025-12-06T08:22:44","slug":"concertul-de-craciun-varianta-italiana-editia-2025-la-biserica-millennium","status":"publish","type":"post","link":"https:\/\/analyse.optim.biz\/?p=1049178","title":{"rendered":"Concertul de Cr\u0103ciun, varianta \u201eitalian\u0103\u201d &#8211; edi\u021bia 2025, la Biserica Millennium &#8211;"},"content":{"rendered":"<article id=\"post-82115\" class=\"post-82115 post type-post status-publish format-standard has-post-thumbnail category-cultura category-eveniment category-stiri-locale category-stiri-timis tag-concert-craciun-biserica-millennium\">\n<div class=\"td-pb-row\">\n<div class=\"td-pb-span12\">\n<div class=\"td-post-header\">\n<div class=\"td-crumb-container\">\n<div class=\"entry-crumbs\"><span><a title class=\"entry-crumb\" href=\"https:\/\/gazetadinvest.ro\/\">Acas\u0103<\/a><\/span><span><a title=\"Vede\u021bi toate articolele \u00een Cultura\" class=\"entry-crumb\" href=\"https:\/\/gazetadinvest.ro\/category\/cultura\/\">Cultura<\/a><\/span><span class=\"td-bred-no-url-last\">Concertul de Cr\u0103ciun, varianta \u201eitalian\u0103\u201d \u2013 edi\u021bia 2025, la Biserica Millennium<\/span><\/div>\n<\/div>\n<header class=\"td-post-title\">\n<ul class=\"td-category\">\n<li class=\"entry-category\"><a href=\"https:\/\/gazetadinvest.ro\/category\/cultura\/\">Cultura<\/a><\/li>\n<li class=\"entry-category\"><a href=\"https:\/\/gazetadinvest.ro\/category\/eveniment\/\">Eveniment<\/a><\/li>\n<li class=\"entry-category\"><a href=\"https:\/\/gazetadinvest.ro\/category\/stiri-locale\/\">Stiri Locale<\/a><\/li>\n<li class=\"entry-category\"><a href=\"https:\/\/gazetadinvest.ro\/category\/stiri-locale\/stiri-timis\/\">Stiri Timis<\/a><\/li>\n<\/ul>\n<h1 class=\"entry-title\">Concertul de Cr\u0103ciun, varianta \u201eitalian\u0103\u201d \u2013 edi\u021bia 2025, la Biserica Millennium<\/h1>\n<div class=\"td-module-meta-info\">\n<div class=\"td-post-author-name\">\n<div class=\"td-author-by\">De c\u0103tre<\/div>\n<p><a href=\"https:\/\/gazetadinvest.ro\/author\/sorinmarascu\/\">Marascu Sorin<\/a><\/p>\n<div class=\"td-author-line\"> &#8211; <\/div>\n<\/div>\n<p><span class=\"td-post-date\"><time class=\"entry-date updated td-module-date\" datetime=\"2025-12-06T13:22:44+02:00\">6 decembrie 2025<\/time><\/span><\/div>\n<\/header>\n<\/div>\n<\/div>\n<\/div>\n<div class=\"td-pb-row\">\n<div class=\"td-pb-span8 td-main-content\" role=\"main\">\n<div class=\"td-ss-main-content\">\n<div class=\"td-post-content tagdiv-type\">\n<div class=\"td-post-featured-image\"><a href=\"https:\/\/gazetadinvest.ro\/wp-content\/uploads\/2025\/12\/concert.jpg\" data-caption><img loading=\"lazy\" decoding=\"async\" width=\"696\" height=\"384\" class=\"entry-thumb td-modal-image\" src=\"https:\/\/gazetadinvest.ro\/wp-content\/uploads\/2025\/12\/concert-696x384.jpg\" alt title=\"concert\"><\/a><\/div>\n<p><strong>Comunitatea italian\u0103 din Timi\u0219oara anun\u021b\u0103 cu bucurie organizarea tradi\u021bionalului Concert de Cr\u0103ciun, care va avea loc s\u00e2mb\u0103t\u0103, 13 decembrie, de la ora 20, \u00een splendida \u0219i primitoarea Biserica Millennium.<\/strong><\/p>\n<p>Devenit o prezen\u021b\u0103 constant\u0103 \u00een calendarul s\u0103rb\u0103torilor de iarn\u0103 din Timi\u0219oara, concertul este un moment de \u00eent\u00e2lnire \u00eenainte de Cr\u0103ciun, cu prietenii rom\u00e2ni, membrii comunit\u0103\u021bii italiene, reprezentan\u021bii autorit\u0103\u021bilor locale \u0219i to\u021bi cei care doresc s\u0103 \u00eemp\u0103rt\u0103\u0219easc\u0103 aceast\u0103 sear\u0103 festiv\u0103.<\/p>\n<p>Programul muzical al edi\u021biei din acest an propune lucr\u0103ri cu puternic\u0103 \u00eenc\u0103rc\u0103tur\u0103 emo\u021bional\u0103, sus\u021binute de un spectacol de lumini creat special pentru eveniment. Atmosfera va fi completat\u0103 de interpret\u0103ri corale \u0219i orchestrale ce promit o experien\u021b\u0103 sonor\u0103 intens\u0103, \u00een care armoniile \u0219i dinamica ansamblului vor construi o sear\u0103 evocatoare, dedicat\u0103 spiritului Cr\u0103ciunului.<\/p>\n<p>C\u00e2\u021biva soli\u0219ti invita\u021bi vor interpreta piese din repertoriul clasic \u0219i modern, dar \u0219i compozi\u021bii speciale scrise pentru aceast\u0103 edi\u021bie. Concertul dirijat de maestrul Enrico Cannata beneficiaz\u0103, ca \u00een fiecare an, de colaborarea cu maestrul Iosif Todea, dirijor apreciat al corului, \u0219i cu muzicieni de la prestigioase institu\u021bii muzicale din Timi\u0219oara.<\/p>\n<p>Succesul Concertului de Cr\u0103ciun se datoreaz\u0103 sprijinului constant al comunit\u0103\u021bii \u0219i al sponsorilor care au crezut \u00een acest proiect \u0219i l-au sus\u021binut de-a lungul anilor.<\/p>\n<p>Accesul la concert este, ca \u00eentotdeauna, gratuit, \u00een limita locurilor disponibile.<\/p>\n<\/div>\n<footer>\n<div class=\"td-post-source-tags\">\n<ul class=\"td-tags td-post-small-box clearfix\">\n<li><span>ETICHETE<\/span><\/li>\n<li><a href=\"https:\/\/gazetadinvest.ro\/tag\/concert-craciun-biserica-millennium\/\">concert craciun biserica millennium<\/a><\/li>\n<\/ul>\n<\/div>\n<div class=\"td-post-sharing-bottom\">\n<div class=\"td-post-sharing-classic\"><iframe title=\"bottomFacebookLike\" frameborder src=\"https:\/\/www.facebook.com\/plugins\/like.php?href=https:\/\/gazetadinvest.ro\/concertul-de-craciun-varianta-italiana-editia-2025-la-biserica-millennium\/&amp;layout=button_count&amp;show_faces=false&amp;width=105&amp;action=like&amp;colorscheme=light&amp;height=21\"><\/iframe><\/div>\n<div id=\"td_social_sharing_article_bottom\" class=\"td-post-sharing td-ps-border td-ps-border-grey td-ps-icon-arrow td-ps-icon-bg td-ps-text-color td-post-sharing-style19 \">\n<div class=\"td-post-sharing-visible\"><a class=\"td-social-sharing-button td-social-sharing-button-js td-social-network td-social-facebook\" href=\"https:\/\/www.facebook.com\/sharer.php?u=https%3A%2F%2Fgazetadinvest.ro%2Fconcertul-de-craciun-varianta-italiana-editia-2025-la-biserica-millennium%2F\" title=\"Facebook\"><\/p>\n<div class=\"td-social-but-text\">Facebook<\/div>\n<p><\/a><a class=\"td-social-sharing-button td-social-sharing-button-js td-social-network td-social-twitter\" href=\"https:\/\/twitter.com\/intent\/tweet?text=Concertul+de+Cr%C4%83ciun%2C+varianta+%E2%80%9Eitalian%C4%83%E2%80%9D+%E2%80%93+edi%C8%9Bia+2025%2C+la+Biserica+Millennium&amp;url=https%3A%2F%2Fgazetadinvest.ro%2Fconcertul-de-craciun-varianta-italiana-editia-2025-la-biserica-millennium%2F&amp;via=Gazeta+din+Vest\" title=\"Twitter\"><\/p>\n<div class=\"td-social-but-text\">Twitter<\/div>\n<p><\/a><a class=\"td-social-sharing-button td-social-sharing-button-js td-social-network td-social-whatsapp\" href=\"https:\/\/api.whatsapp.com\/send?text=Concertul+de+Cr%C4%83ciun%2C+varianta+%E2%80%9Eitalian%C4%83%E2%80%9D+%E2%80%93+edi%C8%9Bia+2025%2C+la+Biserica+Millennium%20%0A%0A%20https:\/\/gazetadinvest.ro\/concertul-de-craciun-varianta-italiana-editia-2025-la-biserica-millennium\/\" title=\"WhatsApp\"><\/p>\n<div class=\"td-social-but-text\">WhatsApp<\/div>\n<p><\/a><a class=\"td-social-sharing-button td-social-sharing-button-js td-social-network td-social-mail\" href=\"mailto:?subject=Concertul%20de%20Cr%C4%83ciun,%20varianta%20%E2%80%9Eitalian%C4%83%E2%80%9D%20%E2%80%93%20edi%C8%9Bia%202025,%20la%20Biserica%20Millennium&amp;body=https:\/\/gazetadinvest.ro\/concertul-de-craciun-varianta-italiana-editia-2025-la-biserica-millennium\/\" title=\"Email\"><\/p>\n<div class=\"td-social-but-text\">Email<\/div>\n<p><\/a><a class=\"td-social-sharing-button td-social-sharing-button-js td-social-network td-social-print\" href=\"https:\/\/gazetadinvest.ro\/concertul-de-craciun-varianta-italiana-editia-2025-la-biserica-millennium\/\" title=\"Imprimare\"><\/p>\n<div class=\"td-social-but-text\">Imprimare<\/div>\n<p><\/a><a class=\"td-social-sharing-button td-social-sharing-button-js td-social-network td-social-copy_url\" href=\"https:\/\/gazetadinvest.ro\/concertul-de-craciun-varianta-italiana-editia-2025-la-biserica-millennium\/\" title=\"Copy URL\"><\/p>\n<div class=\"td-social-but-text\">Copy URL<\/div>\n<p><\/a><\/div>\n<\/div>\n<\/div>\n<div class=\"td-block-row td-post-next-prev\">\n<div class=\"td-block-span6 td-post-prev-post\">\n<div class=\"td-post-next-prev-content\"><span>Articolul precedent<\/span><a href=\"https:\/\/gazetadinvest.ro\/sf-nicolae-una-din-cele-mai-indragite-sarbatori-ale-anului-traditii-si-obiceiuri\/\">Sf. Nicolae, una din cele mai \u00eendr\u0103gite s\u0103rb\u0103tori ale anului! Tradi\u021bii \u0219i obiceiuri<\/a><\/div>\n<\/div>\n<div class=\"td-block-span6 td-post-next-post\">\n<div class=\"td-post-next-prev-content\"><span>Articolul urm\u0103tor<\/span><a href=\"https:\/\/gazetadinvest.ro\/colind-si-bucurie-alaturi-de-liliana-laichici-carmen-popovici-dumbrava-adrian-stanca-carmen-biruescu-georgiana-necsa-si-raluca-stanca\/\">\u201dColind \u0219i bucurie\u201d al\u0103turi de Liliana Laichici, Carmen Popovici Dumbrav\u0103, Adrian Stanca, Carmen Biruescu, Georgiana Nec\u0219a \u0219i Raluca Stanca<\/a><\/div>\n<\/div>\n<\/div>\n<div class=\"td-author-name vcard author\"><span class=\"fn\"><a href=\"https:\/\/gazetadinvest.ro\/author\/sorinmarascu\/\">Marascu Sorin<\/a><\/span><\/div>\n<p><span class=\"td-page-meta\"><\/span><span class=\"td-page-meta\"><span class=\"td-page-meta\"><\/span><\/span><span class=\"td-page-meta\"><\/span><\/footer>\n<div class=\"comments\" id=\"comments\">\n<div id=\"respond\" class=\"comment-respond\">\n<h3 id=\"reply-title\" class=\"comment-reply-title\">L\u0102SA\u021aI UN MESAJ <small><a rel=\"nofollow\" id=\"cancel-comment-reply-link\" href=\"https:\/\/gazetadinvest.ro\/concertul-de-craciun-varianta-italiana-editia-2025-la-biserica-millennium\/#respond\">Renun\u021ba\u021bi la r\u0103spuns<\/a><\/small><\/h3>\n<div class=\"comment-form-input-wrap td-form-comment\">\n<div class=\"td-warning-comment\">V\u0103 rug\u0103m s\u0103 introduce\u021bi comentariul dvs.!<\/div>\n<\/div>\n<div class=\"comment-form-input-wrap td-form-author\">\n<div class=\"td-warning-author\">Introduce\u021bi aici numele dvs.<\/div>\n<\/div>\n<div class=\"comment-form-input-wrap td-form-email\">\n<div class=\"td-warning-email-error\">A\u021bi introdus o adres\u0103 de e-mail incorect\u0103!<\/div>\n<div class=\"td-warning-email\">V\u0103 rug\u0103m s\u0103 introduce\u021bi adresa dvs. de e-mail aici<\/div>\n<\/div>\n<\/div>\n<\/div>\n<\/div>\n<\/div>\n<div class=\"td-pb-span4 td-main-sidebar\" role=\"complementary\">\n<div class=\"td-ss-main-sidebar\">\n<aside id=\"media_image-102\" class=\"td_block_template_8 widget media_image-102 widget_media_image\"><a href=\"https:\/\/piete-sa.ro\/\"><img loading=\"lazy\" decoding=\"async\" width=\"350\" height=\"426\" src=\"https:\/\/gazetadinvest.ro\/wp-content\/uploads\/2023\/05\/Logo-Piete-SA.jpg\" class=\"image wp-image-65510  attachment-full size-full\" alt><\/a><\/aside>\n<aside id=\"block-8\" class=\"td_block_template_8 widget block-8 widget_block widget_media_image\">\n<figure class=\"wp-block-image size-full\"><a href=\"https:\/\/adpghiroda.ro\/index.html\" target=\"_blank\" rel=\" noreferrer noopener\"><img loading=\"lazy\" decoding=\"async\" width=\"450\" height=\"450\" src=\"https:\/\/gazetadinvest.ro\/wp-content\/uploads\/2023\/05\/adp-ghiroda.gif\" alt class=\"wp-image-65511\"><\/a><\/figure>\n<\/aside>\n<aside id=\"media_image-5\" class=\"td_block_template_8 widget media_image-5 widget_media_image\"><a href=\"https:\/\/retim.ro\/\"><img loading=\"lazy\" decoding=\"async\" width=\"336\" height=\"280\" src=\"https:\/\/gazetadinvest.ro\/wp-content\/uploads\/2024\/11\/ReTIM-Abonamentul-Verde-Google-Ads-336x280px.gif\" class=\"image wp-image-72020  attachment-full size-full\" alt><\/a><\/aside>\n<aside id=\"block-11\" class=\"td_block_template_8 widget block-11 widget_block widget_media_image\">\n<figure class=\"wp-block-image size-large\"><a href=\"https:\/\/www.umft.ro\/ro\/acasa\/\" target=\"_blank\" rel=\" noreferrer noopener\"><img decoding=\"async\" loading=\"lazy\" width=\"1280\" height=\"321\" src=\"https:\/\/gazetadinvest.ro\/wp-content\/uploads\/2023\/11\/Logo-UMFT-1280x321.jpg\" alt class=\"wp-image-67316\"><\/a><\/figure>\n<\/aside>\n<aside id=\"media_image-76\" class=\"td_block_template_8 widget media_image-76 widget_media_image\"><a href=\"https:\/\/mnab.ro\/\"><img decoding=\"async\" width=\"415\" height=\"300\" src=\"https:\/\/gazetadinvest.ro\/wp-content\/uploads\/2024\/10\/MNaB_415_300_Oct.gif\" class=\"image wp-image-71869  attachment-full size-full\" alt loading=\"lazy\"><\/a><\/aside>\n<aside id=\"media_image-100\" class=\"td_block_template_8 widget media_image-100 widget_media_image\"><a href=\"http:\/\/adidtimis.ro\"><img decoding=\"async\" width=\"700\" height=\"300\" src=\"https:\/\/gazetadinvest.ro\/wp-content\/uploads\/2025\/10\/700x300-Voluminoase.jpg\" class=\"image wp-image-81373  attachment-full size-full\" alt loading=\"lazy\"><\/a><\/aside>\n<\/div>\n<\/div>\n<\/div>\n<\/article>\n<p> Source URL: https:\/\/gazetadinvest.ro\/concertul-de-craciun-varianta-italiana-editia-2025-la-biserica-millennium\/<\/p>\n","protected":false},"excerpt":{"rendered":"<p>Acas\u0103CulturaConcertul de Cr\u0103ciun, varianta \u201eitalian\u0103\u201d \u2013 edi\u021bia 2025, la Biserica Millennium Cultura Eveniment Stiri Locale Stiri Timis Concertul de Cr\u0103ciun, varianta \u201eitalian\u0103\u201d \u2013 edi\u021bia 2025, la Biserica Millennium De c\u0103tre Marascu Sorin &#8211; 6 decembrie 2025 Comunitatea italian\u0103 din Timi\u0219oara anun\u021b\u0103 cu bucurie organizarea tradi\u021bionalului Concert de Cr\u0103ciun, care va avea loc s\u00e2mb\u0103t\u0103, 13 decembrie, [&hellip;]<\/p>\n","protected":false},"author":1,"featured_media":0,"comment_status":"open","ping_status":"","sticky":false,"template":"","format":"standard","meta":{"footnotes":""},"categories":[89],"tags":[203],"class_list":["post-1049178","post","type-post","status-publish","format-standard","hentry","category-romania","tag-gazetadinvest-ro"],"_links":{"self":[{"href":"https:\/\/analyse.optim.biz\/index.php?rest_route=\/wp\/v2\/posts\/1049178","targetHints":{"allow":["GET"]}}],"collection":[{"href":"https:\/\/analyse.optim.biz\/index.php?rest_route=\/wp\/v2\/posts"}],"about":[{"href":"https:\/\/analyse.optim.biz\/index.php?rest_route=\/wp\/v2\/types\/post"}],"author":[{"embeddable":true,"href":"https:\/\/analyse.optim.biz\/index.php?rest_route=\/wp\/v2\/users\/1"}],"replies":[{"embeddable":true,"href":"https:\/\/analyse.optim.biz\/index.php?rest_route=%2Fwp%2Fv2%2Fcomments&post=1049178"}],"version-history":[{"count":0,"href":"https:\/\/analyse.optim.biz\/index.php?rest_route=\/wp\/v2\/posts\/1049178\/revisions"}],"wp:attachment":[{"href":"https:\/\/analyse.optim.biz\/index.php?rest_route=%2Fwp%2Fv2%2Fmedia&parent=1049178"}],"wp:term":[{"taxonomy":"category","embeddable":true,"href":"https:\/\/analyse.optim.biz\/index.php?rest_route=%2Fwp%2Fv2%2Fcategories&post=1049178"},{"taxonomy":"post_tag","embeddable":true,"href":"https:\/\/analyse.optim.biz\/index.php?rest_route=%2Fwp%2Fv2%2Ftags&post=1049178"}],"curies":[{"name":"wp","href":"https:\/\/api.w.org\/{rel}","templated":true}]}}