{"id":1048222,"date":"2025-12-12T23:08:39","date_gmt":"2025-12-12T20:08:39","guid":{"rendered":"https:\/\/analyse.optim.biz\/?p=1048222"},"modified":"2025-12-12T23:08:39","modified_gmt":"2025-12-12T20:08:39","slug":"foto-accident-in-judetul-suceava-un-barbat-a-ajuns-cu-masina-intr-un-copac-de-pe-marginea-drumului","status":"publish","type":"post","link":"https:\/\/analyse.optim.biz\/?p=1048222","title":{"rendered":"FOTO Accident \u00een jude\u021bul Suceava! Un b\u0103rbat a ajuns cu ma\u0219ina \u00eentr-un copac de pe marginea drumului"},"content":{"rendered":"<div class=\"entry-content\">\n<p><img decoding=\"async\" loading=\"lazy\" class=\"alignright size-medium wp-image-318168\" src=\"https:\/\/suceavanews.ro\/wp-content\/uploads\/2025\/10\/accident-la-Vadu-Moldovei-Suceava-300x207.jpg\" alt=\"\" width=\"300\" height=\"207\">Un accident rutier s-a produs, mar\u021bi, pe raza localit\u0103\u021bii Vadu Moldovei, informeaz\u0103 Inspectoratul pentru Situa\u021bii de Urgen\u021b\u0103 (ISU) Suceava. Un autoturism a p\u0103r\u0103sit partea carosabil\u0103 \u0219i s-a lovit de un copac.<\/p>\n<p>La fa\u021ba locului au intervenit pompierii militari, cu o autospecial\u0103 pentru descarcerare \u0219i o ambulan\u021b\u0103 SMURD, cu sprijinul unui echipaj Serviciului de Ambulan\u021b\u0103 Jude\u021bean.<\/p>\n<p><em><strong>\u201eLa fa\u021ba locului, a fost g\u0103sit\u0103 o victim\u0103 (b\u0103rbat) ne\u00eencarcerat\u0103, con\u0219tient\u0103, care a fost preluat\u0103 de salvatori pentru acordarea primului ajutor medical.\u00a0Ulterior, r\u0103nitul a fost transportat la spital, pentru investiga\u021bii suplimentare \u0219i tratament de specialitate<\/strong><\/em>\u201d, au precizat oficialii ISU.<\/p>\n<\/div>\n","protected":false},"excerpt":{"rendered":"<p>Un accident rutier s-a produs, mar\u021bi, pe raza localit\u0103\u021bii Vadu Moldovei, informeaz\u0103 Inspectoratul pentru Situa\u021bii de Urgen\u021b\u0103 (ISU) Suceava. Un autoturism a p\u0103r\u0103sit partea carosabil\u0103 \u0219i s-a lovit de un copac. La fa\u021ba locului au intervenit pompierii militari, cu o autospecial\u0103 pentru descarcerare \u0219i o ambulan\u021b\u0103 SMURD, cu sprijinul unui echipaj Serviciului de Ambulan\u021b\u0103 Jude\u021bean. [&hellip;]<\/p>\n","protected":false},"author":1,"featured_media":0,"comment_status":"open","ping_status":"","sticky":false,"template":"","format":"standard","meta":{"footnotes":""},"categories":[89],"tags":[174],"class_list":["post-1048222","post","type-post","status-publish","format-standard","hentry","category-romania","tag-suceavanews-ro"],"_links":{"self":[{"href":"https:\/\/analyse.optim.biz\/index.php?rest_route=\/wp\/v2\/posts\/1048222","targetHints":{"allow":["GET"]}}],"collection":[{"href":"https:\/\/analyse.optim.biz\/index.php?rest_route=\/wp\/v2\/posts"}],"about":[{"href":"https:\/\/analyse.optim.biz\/index.php?rest_route=\/wp\/v2\/types\/post"}],"author":[{"embeddable":true,"href":"https:\/\/analyse.optim.biz\/index.php?rest_route=\/wp\/v2\/users\/1"}],"replies":[{"embeddable":true,"href":"https:\/\/analyse.optim.biz\/index.php?rest_route=%2Fwp%2Fv2%2Fcomments&post=1048222"}],"version-history":[{"count":0,"href":"https:\/\/analyse.optim.biz\/index.php?rest_route=\/wp\/v2\/posts\/1048222\/revisions"}],"wp:attachment":[{"href":"https:\/\/analyse.optim.biz\/index.php?rest_route=%2Fwp%2Fv2%2Fmedia&parent=1048222"}],"wp:term":[{"taxonomy":"category","embeddable":true,"href":"https:\/\/analyse.optim.biz\/index.php?rest_route=%2Fwp%2Fv2%2Fcategories&post=1048222"},{"taxonomy":"post_tag","embeddable":true,"href":"https:\/\/analyse.optim.biz\/index.php?rest_route=%2Fwp%2Fv2%2Ftags&post=1048222"}],"curies":[{"name":"wp","href":"https:\/\/api.w.org\/{rel}","templated":true}]}}