{"id":1048219,"date":"2025-12-12T23:08:17","date_gmt":"2025-12-12T20:08:17","guid":{"rendered":"https:\/\/analyse.optim.biz\/?p=1048219"},"modified":"2025-12-12T23:08:17","modified_gmt":"2025-12-12T20:08:17","slug":"foto-incendiu-in-judetul-suceava-o-casa-a-fost-cuprinsa-de-flacari","status":"publish","type":"post","link":"https:\/\/analyse.optim.biz\/?p=1048219","title":{"rendered":"FOTO Incendiu \u00een jude\u021bul Suceava. O cas\u0103 a fost cuprins\u0103 de fl\u0103c\u0103ri"},"content":{"rendered":"<div class=\"entry-content\">\n<p><img decoding=\"async\" loading=\"lazy\" class=\"alignright size-medium wp-image-318172\" src=\"https:\/\/suceavanews.ro\/wp-content\/uploads\/2025\/10\/casa-cuprinsa-de-flacari-suceava-300x225.jpeg\" alt=\"\" width=\"300\" height=\"225\">Militarii Deta\u0219amentului de Pompieri F\u0103lticeni \u0219i ai Punctului de Lucru Dolhasca, \u00eempreun\u0103 cu lucr\u0103torii Serviciului Voluntar pentru Situa\u021bii de Urgen\u021b\u0103 Preute\u0219ti, au intervenit cu patru autospeciale de stingere \u0219i o ambulan\u021b\u0103 SMURD pentru localizarea \u0219i lichidarea unui incendiu izbucnit la o cas\u0103 de locuit din localitatea Leucu\u0219e\u0219ti, comuna Preute\u0219ti.<\/p>\n<p>La sosirea echipajelor, ardea generalizat la nivelul acoperi\u0219ului \u0219i al mansardei, cu pericol de propagare la \u00eentreaga cl\u0103dire de locuit (compus\u0103 din demisol, parter, etaj \u0219i mansard\u0103), dar \u0219i la construc\u021biile anexe. Echipajul pompierilor militari de c\u0103utare-salvare a p\u0103truns \u00een interiorul imobilului, de unde au extras un b\u0103rbat, \u00een v\u00e2rst\u0103 de 46 de ani. Acesta a suferit un atac de panic\u0103, iar pompierii paramedici SMURD i-au acordat primul ajutor medical. Ulterior, un echipaj al Serviciului de Ambulan\u021b\u0103 Jude\u021bean Suceava, sosit \u00een sprijin, a preluat pacientul \u0219i l-a transportat la o unitate spitaliceasc\u0103, pentru investiga\u021bii suplimentare.<\/p>\n<p>Au ars acoperi\u0219ul locuin\u021bei, pe o suprafa\u021b\u0103 de aproximativ 120 metri p\u0103tra\u021bi, \u0219i bunuri materiale aflate \u00een zona de ardere (mobilier \u0219i altele).<\/p>\n<p>Cauza probabil\u0103 de izbucnire a fl\u0103c\u0103rilor a fost un scurtcircuit produs la un conductor electric defect.<\/p>\n<\/div>\n","protected":false},"excerpt":{"rendered":"<p>Militarii Deta\u0219amentului de Pompieri F\u0103lticeni \u0219i ai Punctului de Lucru Dolhasca, \u00eempreun\u0103 cu lucr\u0103torii Serviciului Voluntar pentru Situa\u021bii de Urgen\u021b\u0103 Preute\u0219ti, au intervenit cu patru autospeciale de stingere \u0219i o ambulan\u021b\u0103 SMURD pentru localizarea \u0219i lichidarea unui incendiu izbucnit la o cas\u0103 de locuit din localitatea Leucu\u0219e\u0219ti, comuna Preute\u0219ti. La sosirea echipajelor, ardea generalizat la [&hellip;]<\/p>\n","protected":false},"author":1,"featured_media":0,"comment_status":"open","ping_status":"","sticky":false,"template":"","format":"standard","meta":{"footnotes":""},"categories":[89],"tags":[174],"class_list":["post-1048219","post","type-post","status-publish","format-standard","hentry","category-romania","tag-suceavanews-ro"],"_links":{"self":[{"href":"https:\/\/analyse.optim.biz\/index.php?rest_route=\/wp\/v2\/posts\/1048219","targetHints":{"allow":["GET"]}}],"collection":[{"href":"https:\/\/analyse.optim.biz\/index.php?rest_route=\/wp\/v2\/posts"}],"about":[{"href":"https:\/\/analyse.optim.biz\/index.php?rest_route=\/wp\/v2\/types\/post"}],"author":[{"embeddable":true,"href":"https:\/\/analyse.optim.biz\/index.php?rest_route=\/wp\/v2\/users\/1"}],"replies":[{"embeddable":true,"href":"https:\/\/analyse.optim.biz\/index.php?rest_route=%2Fwp%2Fv2%2Fcomments&post=1048219"}],"version-history":[{"count":0,"href":"https:\/\/analyse.optim.biz\/index.php?rest_route=\/wp\/v2\/posts\/1048219\/revisions"}],"wp:attachment":[{"href":"https:\/\/analyse.optim.biz\/index.php?rest_route=%2Fwp%2Fv2%2Fmedia&parent=1048219"}],"wp:term":[{"taxonomy":"category","embeddable":true,"href":"https:\/\/analyse.optim.biz\/index.php?rest_route=%2Fwp%2Fv2%2Fcategories&post=1048219"},{"taxonomy":"post_tag","embeddable":true,"href":"https:\/\/analyse.optim.biz\/index.php?rest_route=%2Fwp%2Fv2%2Ftags&post=1048219"}],"curies":[{"name":"wp","href":"https:\/\/api.w.org\/{rel}","templated":true}]}}