{"id":1048217,"date":"2025-12-12T23:07:55","date_gmt":"2025-12-12T20:07:55","guid":{"rendered":"https:\/\/analyse.optim.biz\/?p=1048217"},"modified":"2025-12-12T23:07:55","modified_gmt":"2025-12-12T20:07:55","slug":"incendiu-la-un-spital-din-cartierul-burdujeni-au-intervenit-mai-multe-echipaje-de-pompieri","status":"publish","type":"post","link":"https:\/\/analyse.optim.biz\/?p=1048217","title":{"rendered":"Incendiu la un spital din cartierul Burdujeni. Au intervenit mai multe echipaje de pompieri"},"content":{"rendered":"<div class=\"entry-content\">\n<p><img decoding=\"async\" loading=\"lazy\" class=\"alignright size-medium wp-image-313486\" src=\"https:\/\/suceavanews.ro\/wp-content\/uploads\/2023\/04\/autospeciala-pompieri-300x225.jpg\" alt=\"\" width=\"300\" height=\"225\">Un incendiu s-a produs, miercuri, la un spital din cartierul Burdujeni din municipiul Suceava, acolo unde au intervenit mai multe echipaje de pompieri. Inspectoratul pentru Situa\u021bii de Urgen\u021b\u0103 a fost anun\u021bat c\u0103 iese fum \u00eentr-o camer\u0103 tehnic\u0103 a unit\u0103\u021bii spitalice\u0219ti.<\/p>\n<p><strong><em>\u201eAu intervenit pompierii militari, cu dou\u0103 autospeciale de stingere, o descarcerare \u0219i o ambulan\u021b\u0103 SMURD.<\/em><em>A ars un fier de c\u0103lcat, iar incendiul a fost lichidat de c\u0103tre personalul de pe locul de munc\u0103, p\u00e2n\u0103 la sosirea pompierilor militari<\/em>\u201d<\/strong>, au transmis pompierii suceveni.<\/p>\n<\/div>\n","protected":false},"excerpt":{"rendered":"<p>Un incendiu s-a produs, miercuri, la un spital din cartierul Burdujeni din municipiul Suceava, acolo unde au intervenit mai multe echipaje de pompieri. Inspectoratul pentru Situa\u021bii de Urgen\u021b\u0103 a fost anun\u021bat c\u0103 iese fum \u00eentr-o camer\u0103 tehnic\u0103 a unit\u0103\u021bii spitalice\u0219ti. \u201eAu intervenit pompierii militari, cu dou\u0103 autospeciale de stingere, o descarcerare \u0219i o ambulan\u021b\u0103 SMURD.A [&hellip;]<\/p>\n","protected":false},"author":1,"featured_media":0,"comment_status":"open","ping_status":"","sticky":false,"template":"","format":"standard","meta":{"footnotes":""},"categories":[89],"tags":[174],"class_list":["post-1048217","post","type-post","status-publish","format-standard","hentry","category-romania","tag-suceavanews-ro"],"_links":{"self":[{"href":"https:\/\/analyse.optim.biz\/index.php?rest_route=\/wp\/v2\/posts\/1048217","targetHints":{"allow":["GET"]}}],"collection":[{"href":"https:\/\/analyse.optim.biz\/index.php?rest_route=\/wp\/v2\/posts"}],"about":[{"href":"https:\/\/analyse.optim.biz\/index.php?rest_route=\/wp\/v2\/types\/post"}],"author":[{"embeddable":true,"href":"https:\/\/analyse.optim.biz\/index.php?rest_route=\/wp\/v2\/users\/1"}],"replies":[{"embeddable":true,"href":"https:\/\/analyse.optim.biz\/index.php?rest_route=%2Fwp%2Fv2%2Fcomments&post=1048217"}],"version-history":[{"count":0,"href":"https:\/\/analyse.optim.biz\/index.php?rest_route=\/wp\/v2\/posts\/1048217\/revisions"}],"wp:attachment":[{"href":"https:\/\/analyse.optim.biz\/index.php?rest_route=%2Fwp%2Fv2%2Fmedia&parent=1048217"}],"wp:term":[{"taxonomy":"category","embeddable":true,"href":"https:\/\/analyse.optim.biz\/index.php?rest_route=%2Fwp%2Fv2%2Fcategories&post=1048217"},{"taxonomy":"post_tag","embeddable":true,"href":"https:\/\/analyse.optim.biz\/index.php?rest_route=%2Fwp%2Fv2%2Ftags&post=1048217"}],"curies":[{"name":"wp","href":"https:\/\/api.w.org\/{rel}","templated":true}]}}