{"id":1048212,"date":"2025-12-12T23:07:15","date_gmt":"2025-12-12T20:07:15","guid":{"rendered":"https:\/\/analyse.optim.biz\/?p=1048212"},"modified":"2025-12-12T23:07:15","modified_gmt":"2025-12-12T20:07:15","slug":"foto-tragedie-un-barbat-a-ars-de-viu-in-casa-cuprinsa-de-flacari","status":"publish","type":"post","link":"https:\/\/analyse.optim.biz\/?p=1048212","title":{"rendered":"FOTO Tragedie! Un b\u0103rbat a ars de viu \u00een casa cuprins\u0103 de fl\u0103c\u0103ri"},"content":{"rendered":"<div class=\"entry-content\">\n<p><img decoding=\"async\" loading=\"lazy\" class=\"alignright size-medium wp-image-318180\" src=\"https:\/\/suceavanews.ro\/wp-content\/uploads\/2025\/10\/incendiu-gura-putnei-suceava-300x265.jpeg\" alt=\"\" width=\"300\" height=\"265\">Un b\u0103rbat a ars de viu \u00een casa cuprins\u0103 de fl\u0103c\u0103ri. Tragedia s-a produs \u00een localitatea Gura Putnei din jude\u0163ul Suceava, iar victima este un b\u0103rbat de 66 de ani.<\/p>\n<p>Pompierii militari de la subunit\u0103\u021bile din Vicovu de Sus \u0219i R\u0103d\u0103u\u021bi, \u00eempreun\u0103 cu lucr\u0103torii Serviciului Voluntar pentru Situa\u021bii de Urgen\u021b\u0103 Putna, au intervenit cu patru autospeciale de stingere \u0219i o ambulan\u021b\u0103 SMURD pentru localizarea \u0219i lichidarea unui incendiu izbucnit la o locuin\u021b\u0103 din localitatea Gura Putnei.<\/p>\n<p>La sosirea echipajelor, ardea generalizat casa de locuit, construit\u0103 din lemn, cu \u00eenvelitoare din azbociment, pe o suprafa\u021b\u0103 de aproximativ 100 de metri p\u0103tra\u021bi. De asemenea, exista pericolul de propagare la anexele gospod\u0103re\u0219ti (buc\u0103t\u0103rie de var\u0103, magazie \u0219i ad\u0103post de animale), alipite sau aflate \u00een imediata apropiere a locuin\u021bei. Pe timpul misiunii de stingere, pompierii militari au p\u0103truns \u00een interiorul locuin\u021bei unde, din nefericire, au identificat trupul carbonizat al proprietarului.<\/p>\n<p>Incendiul a izbucnit din dormitorul locuin\u021bei, cel mai probabil din cauza jarului c\u0103zut din soba cu acumulare de c\u0103ldur\u0103.<\/p>\n<\/div>\n","protected":false},"excerpt":{"rendered":"<p>Un b\u0103rbat a ars de viu \u00een casa cuprins\u0103 de fl\u0103c\u0103ri. Tragedia s-a produs \u00een localitatea Gura Putnei din jude\u0163ul Suceava, iar victima este un b\u0103rbat de 66 de ani. Pompierii militari de la subunit\u0103\u021bile din Vicovu de Sus \u0219i R\u0103d\u0103u\u021bi, \u00eempreun\u0103 cu lucr\u0103torii Serviciului Voluntar pentru Situa\u021bii de Urgen\u021b\u0103 Putna, au intervenit cu patru [&hellip;]<\/p>\n","protected":false},"author":1,"featured_media":0,"comment_status":"open","ping_status":"","sticky":false,"template":"","format":"standard","meta":{"footnotes":""},"categories":[89],"tags":[174],"class_list":["post-1048212","post","type-post","status-publish","format-standard","hentry","category-romania","tag-suceavanews-ro"],"_links":{"self":[{"href":"https:\/\/analyse.optim.biz\/index.php?rest_route=\/wp\/v2\/posts\/1048212","targetHints":{"allow":["GET"]}}],"collection":[{"href":"https:\/\/analyse.optim.biz\/index.php?rest_route=\/wp\/v2\/posts"}],"about":[{"href":"https:\/\/analyse.optim.biz\/index.php?rest_route=\/wp\/v2\/types\/post"}],"author":[{"embeddable":true,"href":"https:\/\/analyse.optim.biz\/index.php?rest_route=\/wp\/v2\/users\/1"}],"replies":[{"embeddable":true,"href":"https:\/\/analyse.optim.biz\/index.php?rest_route=%2Fwp%2Fv2%2Fcomments&post=1048212"}],"version-history":[{"count":0,"href":"https:\/\/analyse.optim.biz\/index.php?rest_route=\/wp\/v2\/posts\/1048212\/revisions"}],"wp:attachment":[{"href":"https:\/\/analyse.optim.biz\/index.php?rest_route=%2Fwp%2Fv2%2Fmedia&parent=1048212"}],"wp:term":[{"taxonomy":"category","embeddable":true,"href":"https:\/\/analyse.optim.biz\/index.php?rest_route=%2Fwp%2Fv2%2Fcategories&post=1048212"},{"taxonomy":"post_tag","embeddable":true,"href":"https:\/\/analyse.optim.biz\/index.php?rest_route=%2Fwp%2Fv2%2Ftags&post=1048212"}],"curies":[{"name":"wp","href":"https:\/\/api.w.org\/{rel}","templated":true}]}}