{"id":1047955,"date":"2025-12-08T19:04:27","date_gmt":"2025-12-08T16:04:27","guid":{"rendered":"https:\/\/analyse.optim.biz\/?p=1047955"},"modified":"2025-12-08T19:04:27","modified_gmt":"2025-12-08T16:04:27","slug":"simonis-face-radiografia-capitolului-sanatate-in-judetul-timis","status":"publish","type":"post","link":"https:\/\/analyse.optim.biz\/?p=1047955","title":{"rendered":"Simonis face radiografia \u201ecapitolului\u201d s\u0103n\u0103tate \u00een jude\u021bul Timi\u0219 &#8211;"},"content":{"rendered":"<article id=\"post-82148\" class=\"post-82148 post type-post status-publish format-standard has-post-thumbnail category-administratie category-featured category-stiri-locale category-stiri-timis tag-centru-avc tag-centru-mare-arsi tag-sanatate-timis tag-simonis-rogobete\">\n<div class=\"td-pb-row\">\n<div class=\"td-pb-span12\">\n<div class=\"td-post-header\">\n<div class=\"td-crumb-container\">\n<div class=\"entry-crumbs\"><span><a title class=\"entry-crumb\" href=\"https:\/\/gazetadinvest.ro\/\">Acas\u0103<\/a><\/span><span><a title=\"Vede\u021bi toate articolele \u00een Administratie\" class=\"entry-crumb\" href=\"https:\/\/gazetadinvest.ro\/category\/administratie\/\">Administratie<\/a><\/span><span class=\"td-bred-no-url-last\">Simonis face radiografia \u201ecapitolului\u201d s\u0103n\u0103tate \u00een jude\u021bul Timi\u0219<\/span><\/div>\n<\/div>\n<header class=\"td-post-title\">\n<ul class=\"td-category\">\n<li class=\"entry-category\"><a href=\"https:\/\/gazetadinvest.ro\/category\/administratie\/\">Administratie<\/a><\/li>\n<li class=\"entry-category\"><a href=\"https:\/\/gazetadinvest.ro\/category\/stiri-locale\/\">Stiri Locale<\/a><\/li>\n<li class=\"entry-category\"><a href=\"https:\/\/gazetadinvest.ro\/category\/stiri-locale\/stiri-timis\/\">Stiri Timis<\/a><\/li>\n<\/ul>\n<h1 class=\"entry-title\">Simonis face radiografia \u201ecapitolului\u201d s\u0103n\u0103tate \u00een jude\u021bul Timi\u0219<\/h1>\n<div class=\"td-module-meta-info\">\n<div class=\"td-post-author-name\">\n<div class=\"td-author-by\">De c\u0103tre<\/div>\n<p><a href=\"https:\/\/gazetadinvest.ro\/author\/sorinmarascu\/\">Marascu Sorin<\/a><\/p>\n<div class=\"td-author-line\"> &#8211; <\/div>\n<\/div>\n<p><span class=\"td-post-date\"><time class=\"entry-date updated td-module-date\" datetime=\"2025-12-08T21:04:27+02:00\">8 decembrie 2025<\/time><\/span><\/div>\n<\/header>\n<\/div>\n<\/div>\n<\/div>\n<div class=\"td-pb-row\">\n<div class=\"td-pb-span8 td-main-content\" role=\"main\">\n<div class=\"td-ss-main-content\">\n<div class=\"td-post-content tagdiv-type\">\n<div class=\"td-post-featured-image\"><a href=\"https:\/\/gazetadinvest.ro\/wp-content\/uploads\/2025\/12\/simonis.jpg\" data-caption><img loading=\"lazy\" decoding=\"async\" width=\"590\" height=\"393\" class=\"entry-thumb td-modal-image\" src=\"https:\/\/gazetadinvest.ro\/wp-content\/uploads\/2025\/12\/simonis.jpg\" alt title=\"simonis\"><\/a><\/div>\n<p><strong>Pre\u0219edintele CJT a f\u0103cut ast\u0103zi o trecere \u00een revist\u0103 a invensti\u021biilor \u00een s\u0103n\u0103tate f\u0103cute la institu\u021biile specializate din jude\u021bul Timi\u0219.<\/strong><\/p>\n<p><em>\u201eAm investit, \u00een ultimii ani, aproximativ 500 de milioane de euro \u00een s\u0103n\u0103tate \u00een jude\u021bul Timi\u0219. <\/em><br \/><em>Este o sum\u0103 f\u0103r\u0103 precedent, un record nu doar \u00een compara\u021bie cu alte regiuni, ci \u0219i cu tot ceea ce s-a f\u0103cut dup\u0103 Revolu\u021bie. \u0218i nu ne oprim aici.<\/em><\/p>\n<p><em>Ast\u0103zi, Centrul de Mari Ar\u0219i este cel mai avansat spital de acest tip din Rom\u00e2nia. Continu\u0103m cu extinderea Sec\u021biei de Anestezie \u0219i Terapie Intensiv\u0103 la Spitalul Jude\u021bean Timi\u0219oara, reabilit\u0103m Casa Austria, iar la Lovrin lucr\u0103rile la Centrul de Traumatologie sunt deja la 15%. La Psihiatrie, a\u0219tept\u0103m finalizarea clarific\u0103rilor tehnice \u0219i lansarea licita\u021biei pentru adaptarea cl\u0103dirii astfel \u00eenc\u00e2t pacien\u021bii din clinica de pe V\u0103c\u0103rescu s\u0103 fie muta\u021bi \u00eentr-un spa\u021biu modern \u0219i sigur.<\/em><br \/><em>La Ciacova, la Centrul pentru Recuperarea Minorilor Cu Adic\u021bii, lucr\u0103rile vor \u00eencepe \u00een primele luni ale anului 2026. Avem investi\u021bii preg\u0103tite \u0219i pentru fosta Maternitate Bega, care va fi complet reabilitat\u0103.<\/em><\/p>\n<p><em>Iar \u00een oncologie, proiectul cel mai important pentru zona de vest, Institutul Regional Oncologic Timi\u0219oara are finan\u021barea asigurat\u0103 prin Programul Operational de S\u0103n\u0103tate. A fost dat\u0103 deja Ordonan\u021ba de Urgen\u021b\u0103 pentru transferul din PNRR \u00een POS, tot finan\u021bare nerambursabil\u0103 european\u0103. <\/em><\/p>\n<p><em>R\u0103m\u00e2ne un singur mare of: dotarea noului Spital de Copii Louis \u021aurcanu. Suntem \u00een contact permanent cu Ministerul S\u0103n\u0103t\u0103\u021bii, cu Prim\u0103ria Timi\u0219oara \u0219i cu conducerea spitalului pentru ca acea cl\u0103dire din centrul orasului s\u0103 fie, \u00een sf\u00e2r\u0219it, opera\u021bional\u0103.<\/em><\/p>\n<p><em>\u0218i tot \u00een premier\u0103, am ob\u021binut finan\u021bare pentru un centru dedicat pacien\u021bilor cu AVC cu echipamente \u00een valoare de 30 de milioane de lei. Vorbim de un angiograf biplan, al\u0103turi de alte echipamente de neuroradiologie interven\u021bional\u0103, care vor transforma Spitalul Jude\u021bean \u00eentr-un centru de excelen\u021b\u0103 pentru trombectomii \u0219i tratamente moderne pentru pacien\u021bii cu accident vascular cerebral. Aceste interven\u021bii rapide salveaz\u0103 mii de vie\u021bi anual \u0219i permit recuperarea rapid\u0103 a pacien\u021bilor\u201d<\/em>, a transmis ast\u0103zi Alfred Simonis.<\/p>\n<p>\u00a0<\/p>\n<\/div>\n<footer>\n<div class=\"td-post-source-tags\">\n<ul class=\"td-tags td-post-small-box clearfix\">\n<li><span>ETICHETE<\/span><\/li>\n<li><a href=\"https:\/\/gazetadinvest.ro\/tag\/centru-avc\/\">centru avc<\/a><\/li>\n<li><a href=\"https:\/\/gazetadinvest.ro\/tag\/centru-mare-arsi\/\">centru mare arsi<\/a><\/li>\n<li><a href=\"https:\/\/gazetadinvest.ro\/tag\/sanatate-timis\/\">sanatate timis<\/a><\/li>\n<li><a href=\"https:\/\/gazetadinvest.ro\/tag\/simonis-rogobete\/\">simonis rogobete<\/a><\/li>\n<\/ul>\n<\/div>\n<div class=\"td-post-sharing-bottom\">\n<div class=\"td-post-sharing-classic\"><iframe title=\"bottomFacebookLike\" frameborder src=\"https:\/\/www.facebook.com\/plugins\/like.php?href=https:\/\/gazetadinvest.ro\/simonis-face-radiografia-capitolului-sanatate-in-judetul-timis\/&amp;layout=button_count&amp;show_faces=false&amp;width=105&amp;action=like&amp;colorscheme=light&amp;height=21\"><\/iframe><\/div>\n<div id=\"td_social_sharing_article_bottom\" class=\"td-post-sharing td-ps-border td-ps-border-grey td-ps-icon-arrow td-ps-icon-bg td-ps-text-color td-post-sharing-style19 \">\n<div class=\"td-post-sharing-visible\"><a class=\"td-social-sharing-button td-social-sharing-button-js td-social-network td-social-facebook\" href=\"https:\/\/www.facebook.com\/sharer.php?u=https%3A%2F%2Fgazetadinvest.ro%2Fsimonis-face-radiografia-capitolului-sanatate-in-judetul-timis%2F\" title=\"Facebook\"><\/p>\n<div class=\"td-social-but-text\">Facebook<\/div>\n<p><\/a><a class=\"td-social-sharing-button td-social-sharing-button-js td-social-network td-social-twitter\" href=\"https:\/\/twitter.com\/intent\/tweet?text=Simonis+face+radiografia+%E2%80%9Ecapitolului%E2%80%9D+s%C4%83n%C4%83tate+%C3%AEn+jude%C8%9Bul+Timi%C8%99&amp;url=https%3A%2F%2Fgazetadinvest.ro%2Fsimonis-face-radiografia-capitolului-sanatate-in-judetul-timis%2F&amp;via=Gazeta+din+Vest\" title=\"Twitter\"><\/p>\n<div class=\"td-social-but-text\">Twitter<\/div>\n<p><\/a><a class=\"td-social-sharing-button td-social-sharing-button-js td-social-network td-social-whatsapp\" href=\"https:\/\/api.whatsapp.com\/send?text=Simonis+face+radiografia+%E2%80%9Ecapitolului%E2%80%9D+s%C4%83n%C4%83tate+%C3%AEn+jude%C8%9Bul+Timi%C8%99%20%0A%0A%20https:\/\/gazetadinvest.ro\/simonis-face-radiografia-capitolului-sanatate-in-judetul-timis\/\" title=\"WhatsApp\"><\/p>\n<div class=\"td-social-but-text\">WhatsApp<\/div>\n<p><\/a><a class=\"td-social-sharing-button td-social-sharing-button-js td-social-network td-social-mail\" href=\"mailto:?subject=Simonis%20face%20radiografia%20%E2%80%9Ecapitolului%E2%80%9D%20s%C4%83n%C4%83tate%20%C3%AEn%20jude%C8%9Bul%20Timi%C8%99&amp;body=https:\/\/gazetadinvest.ro\/simonis-face-radiografia-capitolului-sanatate-in-judetul-timis\/\" title=\"Email\"><\/p>\n<div class=\"td-social-but-text\">Email<\/div>\n<p><\/a><a class=\"td-social-sharing-button td-social-sharing-button-js td-social-network td-social-print\" href=\"https:\/\/gazetadinvest.ro\/simonis-face-radiografia-capitolului-sanatate-in-judetul-timis\/\" title=\"Imprimare\"><\/p>\n<div class=\"td-social-but-text\">Imprimare<\/div>\n<p><\/a><a class=\"td-social-sharing-button td-social-sharing-button-js td-social-network td-social-copy_url\" href=\"https:\/\/gazetadinvest.ro\/simonis-face-radiografia-capitolului-sanatate-in-judetul-timis\/\" title=\"Copy URL\"><\/p>\n<div class=\"td-social-but-text\">Copy URL<\/div>\n<p><\/a><\/div>\n<\/div>\n<\/div>\n<div class=\"td-block-row td-post-next-prev\">\n<div class=\"td-block-span6 td-post-prev-post\">\n<div class=\"td-post-next-prev-content\"><span>Articolul precedent<\/span><a href=\"https:\/\/gazetadinvest.ro\/dominic-fritz-rezultatul-candidatului-nostru-a-dezamagit\/\">Dominic Fritz: \u201eRezultatul candidatului nostru a dez\u0103m\u0103git\u201d<\/a><\/div>\n<\/div>\n<div class=\"td-block-span6 td-post-next-post\">\n<div class=\"td-post-next-prev-content\"><span>Articolul urm\u0103tor<\/span><a href=\"https:\/\/gazetadinvest.ro\/marsul-eroilor-editia-cu-numarul-20-a-traditionalului-eveniment\/\">Mar\u0219ul Eroilor \u2013 edi\u021bia cu num\u0103rul 20 a tradi\u021bionalului eveniment<\/a><\/div>\n<\/div>\n<\/div>\n<div class=\"td-author-name vcard author\"><span class=\"fn\"><a href=\"https:\/\/gazetadinvest.ro\/author\/sorinmarascu\/\">Marascu Sorin<\/a><\/span><\/div>\n<p><span class=\"td-page-meta\"><\/span><span class=\"td-page-meta\"><span class=\"td-page-meta\"><\/span><\/span><span class=\"td-page-meta\"><\/span><\/footer>\n<div class=\"td_block_wrap td_block_related_posts tdi_3 td_with_ajax_pagination td-pb-border-top td_block_template_8\" data-td-block-uid=\"tdi_3\">\n<h4 class=\"td-related-title td-block-title\"><a id=\"tdi_4\" class=\"td-related-left td-cur-simple-item\" data-td_filter_value data-td_block_id=\"tdi_3\" href=\"https:\/\/gazetadinvest.ro\/simonis-face-radiografia-capitolului-sanatate-in-judetul-timis\/\">ARTICOLE SIMILARE<\/a><a id=\"tdi_5\" class=\"td-related-right\" data-td_filter_value=\"td_related_more_from_author\" data-td_block_id=\"tdi_3\" href=\"https:\/\/gazetadinvest.ro\/simonis-face-radiografia-capitolului-sanatate-in-judetul-timis\/\">DE LA ACELA\u0218I AUTOR<\/a><\/h4>\n<div id=\"tdi_3\" class=\"td_block_inner\">\n<div class=\"td-related-row\">\n<div class=\"td-related-span4\">\n<div class=\"td_module_related_posts td-animation-stack td_mod_related_posts\">\n<div class=\"td-module-image\">\n<div class=\"td-module-thumb\"><a href=\"https:\/\/gazetadinvest.ro\/multi-infectati-in-timis-judet-unde-rata-a-ajuns-la-cote-nebanuite\/\" rel=\"bookmark\" class=\"td-image-wrap \" title=\"Mul\u0163i infecta\u0163i \u00een Timi\u015f, jude\u0163 unde rata a ajuns la cote neb\u0103nuite\"><img loading=\"lazy\" decoding=\"async\" class=\"entry-thumb\" src=\"https:\/\/gazetadinvest.ro\/wp-content\/uploads\/2018\/04\/bastion_timisoara-436x300.jpg\" alt title=\"Mul\u0163i infecta\u0163i \u00een Timi\u015f, jude\u0163 unde rata a ajuns la cote neb\u0103nuite\" width=\"218\" height=\"150\"><\/a><\/div>\n<p><a href=\"https:\/\/gazetadinvest.ro\/category\/sanatate\/\" class=\"td-post-category\">Sanatate<\/a><\/div>\n<div class=\"item-details\">\n<h3 class=\"entry-title td-module-title\"><a href=\"https:\/\/gazetadinvest.ro\/multi-infectati-in-timis-judet-unde-rata-a-ajuns-la-cote-nebanuite\/\" rel=\"bookmark\" title=\"Mul\u0163i infecta\u0163i \u00een Timi\u015f, jude\u0163 unde rata a ajuns la cote neb\u0103nuite\">Mul\u0163i infecta\u0163i \u00een Timi\u015f, jude\u0163 unde rata a ajuns la cote neb\u0103nuite<\/a><\/h3>\n<\/div>\n<\/div>\n<\/div>\n<\/div>\n<\/div>\n<\/div>\n<div class=\"comments\" id=\"comments\">\n<div id=\"respond\" class=\"comment-respond\">\n<h3 id=\"reply-title\" class=\"comment-reply-title\">L\u0102SA\u021aI UN MESAJ <small><a rel=\"nofollow\" id=\"cancel-comment-reply-link\" href=\"https:\/\/gazetadinvest.ro\/simonis-face-radiografia-capitolului-sanatate-in-judetul-timis\/#respond\">Renun\u021ba\u021bi la r\u0103spuns<\/a><\/small><\/h3>\n<div class=\"comment-form-input-wrap td-form-comment\">\n<div class=\"td-warning-comment\">V\u0103 rug\u0103m s\u0103 introduce\u021bi comentariul dvs.!<\/div>\n<\/div>\n<div class=\"comment-form-input-wrap td-form-author\">\n<div class=\"td-warning-author\">Introduce\u021bi aici numele dvs.<\/div>\n<\/div>\n<div class=\"comment-form-input-wrap td-form-email\">\n<div class=\"td-warning-email-error\">A\u021bi introdus o adres\u0103 de e-mail incorect\u0103!<\/div>\n<div class=\"td-warning-email\">V\u0103 rug\u0103m s\u0103 introduce\u021bi adresa dvs. de e-mail aici<\/div>\n<\/div>\n<\/div>\n<\/div>\n<\/div>\n<\/div>\n<div class=\"td-pb-span4 td-main-sidebar\" role=\"complementary\">\n<div class=\"td-ss-main-sidebar\">\n<aside id=\"media_image-102\" class=\"td_block_template_8 widget media_image-102 widget_media_image\"><a href=\"https:\/\/piete-sa.ro\/\"><img loading=\"lazy\" decoding=\"async\" width=\"350\" height=\"426\" src=\"https:\/\/gazetadinvest.ro\/wp-content\/uploads\/2023\/05\/Logo-Piete-SA.jpg\" class=\"image wp-image-65510  attachment-full size-full\" alt><\/a><\/aside>\n<aside id=\"block-8\" class=\"td_block_template_8 widget block-8 widget_block widget_media_image\">\n<figure class=\"wp-block-image size-full\"><a href=\"https:\/\/adpghiroda.ro\/index.html\" target=\"_blank\" rel=\" noreferrer noopener\"><img loading=\"lazy\" decoding=\"async\" width=\"450\" height=\"450\" src=\"https:\/\/gazetadinvest.ro\/wp-content\/uploads\/2023\/05\/adp-ghiroda.gif\" alt class=\"wp-image-65511\"><\/a><\/figure>\n<\/aside>\n<aside id=\"media_image-5\" class=\"td_block_template_8 widget media_image-5 widget_media_image\"><a href=\"https:\/\/retim.ro\/\"><img loading=\"lazy\" decoding=\"async\" width=\"336\" height=\"280\" src=\"https:\/\/gazetadinvest.ro\/wp-content\/uploads\/2024\/11\/ReTIM-Abonamentul-Verde-Google-Ads-336x280px.gif\" class=\"image wp-image-72020  attachment-full size-full\" alt><\/a><\/aside>\n<aside id=\"block-11\" class=\"td_block_template_8 widget block-11 widget_block widget_media_image\">\n<figure class=\"wp-block-image size-large\"><a href=\"https:\/\/www.umft.ro\/ro\/acasa\/\" target=\"_blank\" rel=\" noreferrer noopener\"><img decoding=\"async\" loading=\"lazy\" width=\"1280\" height=\"321\" src=\"https:\/\/gazetadinvest.ro\/wp-content\/uploads\/2023\/11\/Logo-UMFT-1280x321.jpg\" alt class=\"wp-image-67316\"><\/a><\/figure>\n<\/aside>\n<aside id=\"media_image-76\" class=\"td_block_template_8 widget media_image-76 widget_media_image\"><a href=\"https:\/\/mnab.ro\/\"><img decoding=\"async\" width=\"415\" height=\"300\" src=\"https:\/\/gazetadinvest.ro\/wp-content\/uploads\/2024\/10\/MNaB_415_300_Oct.gif\" class=\"image wp-image-71869  attachment-full size-full\" alt loading=\"lazy\"><\/a><\/aside>\n<aside id=\"media_image-100\" class=\"td_block_template_8 widget media_image-100 widget_media_image\"><a href=\"http:\/\/adidtimis.ro\"><img decoding=\"async\" width=\"700\" height=\"300\" src=\"https:\/\/gazetadinvest.ro\/wp-content\/uploads\/2025\/10\/700x300-Voluminoase.jpg\" class=\"image wp-image-81373  attachment-full size-full\" alt loading=\"lazy\"><\/a><\/aside>\n<\/div>\n<\/div>\n<\/div>\n<\/article>\n<p> Source URL: https:\/\/gazetadinvest.ro\/simonis-face-radiografia-capitolului-sanatate-in-judetul-timis\/<\/p>\n","protected":false},"excerpt":{"rendered":"<p>Acas\u0103AdministratieSimonis face radiografia \u201ecapitolului\u201d s\u0103n\u0103tate \u00een jude\u021bul Timi\u0219 Administratie Stiri Locale Stiri Timis Simonis face radiografia \u201ecapitolului\u201d s\u0103n\u0103tate \u00een jude\u021bul Timi\u0219 De c\u0103tre Marascu Sorin &#8211; 8 decembrie 2025 Pre\u0219edintele CJT a f\u0103cut ast\u0103zi o trecere \u00een revist\u0103 a invensti\u021biilor \u00een s\u0103n\u0103tate f\u0103cute la institu\u021biile specializate din jude\u021bul Timi\u0219. \u201eAm investit, \u00een ultimii ani, aproximativ [&hellip;]<\/p>\n","protected":false},"author":1,"featured_media":0,"comment_status":"open","ping_status":"","sticky":false,"template":"","format":"standard","meta":{"footnotes":""},"categories":[89],"tags":[203],"class_list":["post-1047955","post","type-post","status-publish","format-standard","hentry","category-romania","tag-gazetadinvest-ro"],"_links":{"self":[{"href":"https:\/\/analyse.optim.biz\/index.php?rest_route=\/wp\/v2\/posts\/1047955","targetHints":{"allow":["GET"]}}],"collection":[{"href":"https:\/\/analyse.optim.biz\/index.php?rest_route=\/wp\/v2\/posts"}],"about":[{"href":"https:\/\/analyse.optim.biz\/index.php?rest_route=\/wp\/v2\/types\/post"}],"author":[{"embeddable":true,"href":"https:\/\/analyse.optim.biz\/index.php?rest_route=\/wp\/v2\/users\/1"}],"replies":[{"embeddable":true,"href":"https:\/\/analyse.optim.biz\/index.php?rest_route=%2Fwp%2Fv2%2Fcomments&post=1047955"}],"version-history":[{"count":0,"href":"https:\/\/analyse.optim.biz\/index.php?rest_route=\/wp\/v2\/posts\/1047955\/revisions"}],"wp:attachment":[{"href":"https:\/\/analyse.optim.biz\/index.php?rest_route=%2Fwp%2Fv2%2Fmedia&parent=1047955"}],"wp:term":[{"taxonomy":"category","embeddable":true,"href":"https:\/\/analyse.optim.biz\/index.php?rest_route=%2Fwp%2Fv2%2Fcategories&post=1047955"},{"taxonomy":"post_tag","embeddable":true,"href":"https:\/\/analyse.optim.biz\/index.php?rest_route=%2Fwp%2Fv2%2Ftags&post=1047955"}],"curies":[{"name":"wp","href":"https:\/\/api.w.org\/{rel}","templated":true}]}}