{"id":1047936,"date":"2025-12-10T11:43:51","date_gmt":"2025-12-10T08:43:51","guid":{"rendered":"https:\/\/analyse.optim.biz\/?p=1047936"},"modified":"2025-12-10T11:43:51","modified_gmt":"2025-12-10T08:43:51","slug":"european-festival-awards-si-a-publicat-finalistii-iar-codru-face-parte-din-cei-10-finalisti-la-categoria-best-medium-sized-festivals","status":"publish","type":"post","link":"https:\/\/analyse.optim.biz\/?p=1047936","title":{"rendered":"European Festival Awards \u0219i-a publicat finali\u0219tii, iar CODRU face parte din cei 10 finali\u0219ti la categoria Best Medium-Sized Festivals &#8211;"},"content":{"rendered":"<article id=\"post-82169\" class=\"post-82169 post type-post status-publish format-standard has-post-thumbnail category-eveniment category-stiri-locale category-stiri-timis tag-best-medium-sized-festivals tag-co-fondator-si-general-manager-codru-festival tag-codru-festival tag-victor-balaniuc\">\n<div class=\"td-pb-row\">\n<div class=\"td-pb-span12\">\n<div class=\"td-post-header\">\n<div class=\"td-crumb-container\">\n<div class=\"entry-crumbs\"><span><a title class=\"entry-crumb\" href=\"https:\/\/gazetadinvest.ro\/\">Acas\u0103<\/a><\/span><span><a title=\"Vede\u021bi toate articolele \u00een Eveniment\" class=\"entry-crumb\" href=\"https:\/\/gazetadinvest.ro\/category\/eveniment\/\">Eveniment<\/a><\/span><span class=\"td-bred-no-url-last\">European Festival Awards \u0219i-a publicat finali\u0219tii, iar CODRU face parte din cei&#8230;<\/span><\/div>\n<\/div>\n<header class=\"td-post-title\">\n<ul class=\"td-category\">\n<li class=\"entry-category\"><a href=\"https:\/\/gazetadinvest.ro\/category\/eveniment\/\">Eveniment<\/a><\/li>\n<li class=\"entry-category\"><a href=\"https:\/\/gazetadinvest.ro\/category\/stiri-locale\/\">Stiri Locale<\/a><\/li>\n<li class=\"entry-category\"><a href=\"https:\/\/gazetadinvest.ro\/category\/stiri-locale\/stiri-timis\/\">Stiri Timis<\/a><\/li>\n<\/ul>\n<h1 class=\"entry-title\">European Festival Awards \u0219i-a publicat finali\u0219tii, iar CODRU face parte din cei 10 finali\u0219ti la categoria Best Medium-Sized Festivals<\/h1>\n<div class=\"td-module-meta-info\">\n<div class=\"td-post-author-name\">\n<div class=\"td-author-by\">De c\u0103tre<\/div>\n<p><a href=\"https:\/\/gazetadinvest.ro\/author\/sorinmarascu\/\">Marascu Sorin<\/a><\/p>\n<div class=\"td-author-line\"> &#8211; <\/div>\n<\/div>\n<p><span class=\"td-post-date\"><time class=\"entry-date updated td-module-date\" datetime=\"2025-12-10T13:43:51+02:00\">10 decembrie 2025<\/time><\/span><\/div>\n<\/header>\n<\/div>\n<\/div>\n<\/div>\n<div class=\"td-pb-row\">\n<div class=\"td-pb-span8 td-main-content\" role=\"main\">\n<div class=\"td-ss-main-content\">\n<div class=\"td-post-content tagdiv-type\">\n<div class=\"td-post-featured-image\"><a href=\"https:\/\/gazetadinvest.ro\/wp-content\/uploads\/2025\/12\/codru2.jpg\" data-caption><img loading=\"lazy\" decoding=\"async\" width=\"696\" height=\"551\" class=\"entry-thumb td-modal-image\" src=\"https:\/\/gazetadinvest.ro\/wp-content\/uploads\/2025\/12\/codru2-696x551.jpg\" alt title=\"codru2\"><\/a><\/div>\n<p><strong>Timi\u0219oara revine \u00een lumina reflectoarelor la nivel european. CODRU Festival, finalist la European Festival Awards. Festivalul se afl\u0103 pentru a treia oar\u0103 \u00een TOP 10 festivaluri de dimensiuni medii la European Festival Awards.<\/strong><\/p>\n<p>Nominalizarea plaseaz\u0103 CODRU al\u0103turi de festivaluri de prestigiu din Europa, precum Azkena Rock Festival (ES), Dauwpop (NL), Greenfield Festival (CH), Mystic Festival (PL), OpenAir St. Gallen (CH), Orange Warsaw Festival (PL), Pohoda Festival (SK), Sea Star Festival (HR) \u0219i Sunny Hill Festival (XK), ceea ce face competi\u021bia extrem de puternic\u0103 la nivel european.<\/p>\n<p>Este o recunoa\u0219tere important\u0103 pentru Timi\u0219oara \u0219i pentru proiectele culturale \u0219i comunitare dezvoltate pentru publicul timi\u0219orean \u0219i nu numai. Edi\u021bia din 2025 a festivalului s-a bucurat de un public total de peste 100.000 de persoane de-a lungul celor trei zile, atr\u0103g\u00e2nd public at\u00e2t na\u021bional, c\u00e2t \u0219i din alte \u021b\u0103ri, arti\u0219ti interna\u021bionali \u0219i ini\u021biative culturale \u00een P\u0103durea Verde, continu\u00e2nd misiunea CODRU de a combina muzica, natura \u0219i implicarea comunitar\u0103. Prin programul de re\u00eemp\u0103durire, CODRU a plantat p\u00e2n\u0103 acum peste 70.000 de copaci, cu implicarea partenerilor, voluntarilor \u0219i echipei care sus\u021bin anual aceast\u0103 cauz\u0103 \u0219i transform\u0103 festivalul \u00eentr-un model de responsabilitate social\u0103.<\/p>\n<p><em>\u201eS\u0103 fim din nou \u00een TOP 10 al festivalurilor din Europa este o onoare pentru noi \u0219i pentru Timi\u0219oara. Este un rezultat datorat at\u00e2t sprijinului publicului, c\u0103ruia \u00eei mul\u021bumim \u00een primul r\u00e2nd pentru participare, dar \u0219i pentru voturi, c\u00e2t \u0219i evalu\u0103rii juriului interna\u021bional de specialitate. Sper\u0103m s\u0103 aducem premiul acas\u0103, la Timi\u0219oara\u201d<\/em>, declar\u0103 Victor Balaniuc, Co-fondator \u0219i General Manager CODRU Festival.<\/p>\n<p>C\u00e2\u0219tig\u0103torii European Festival Awards vor fi anun\u021ba\u021bi pe 14 ianuarie 2026, la Groningen, Olanda , \u00een cadrul Galei European Festival Awards.<\/p>\n<p>Urm\u0103toarea edi\u021bie, CODRU Festival 2026, va avea loc \u00eentre 28 \u2013 30 august, la P\u0103durea Verde. Se anun\u021b\u0103 o edi\u021bie \u00een care arti\u0219ti interna\u021bionali, proiectele culturale \u0219i ini\u021biativele dedicate naturii vor duce experien\u021ba CODRU la un nou nivel.<\/p>\n<\/div>\n<footer>\n<div class=\"td-post-source-tags\">\n<ul class=\"td-tags td-post-small-box clearfix\">\n<li><span>ETICHETE<\/span><\/li>\n<li><a href=\"https:\/\/gazetadinvest.ro\/tag\/best-medium-sized-festivals\/\">Best Medium-Sized Festivals<\/a><\/li>\n<li><a href=\"https:\/\/gazetadinvest.ro\/tag\/co-fondator-si-general-manager-codru-festival\/\">Co-fondator si General Manager CODRU Festival<\/a><\/li>\n<li><a href=\"https:\/\/gazetadinvest.ro\/tag\/codru-festival\/\">codru Festival<\/a><\/li>\n<li><a href=\"https:\/\/gazetadinvest.ro\/tag\/victor-balaniuc\/\">Victor Balaniuc<\/a><\/li>\n<\/ul>\n<\/div>\n<div class=\"td-post-sharing-bottom\">\n<div class=\"td-post-sharing-classic\"><iframe title=\"bottomFacebookLike\" frameborder src=\"https:\/\/www.facebook.com\/plugins\/like.php?href=https:\/\/gazetadinvest.ro\/european-festival-awards-si-a-publicat-finalistii-iar-codru-face-parte-din-cei-10-finalisti-la-categoria-best-medium-sized-festivals\/&amp;layout=button_count&amp;show_faces=false&amp;width=105&amp;action=like&amp;colorscheme=light&amp;height=21\"><\/iframe><\/div>\n<div id=\"td_social_sharing_article_bottom\" class=\"td-post-sharing td-ps-border td-ps-border-grey td-ps-icon-arrow td-ps-icon-bg td-ps-text-color td-post-sharing-style19 \">\n<div class=\"td-post-sharing-visible\"><a class=\"td-social-sharing-button td-social-sharing-button-js td-social-network td-social-facebook\" href=\"https:\/\/www.facebook.com\/sharer.php?u=https%3A%2F%2Fgazetadinvest.ro%2Feuropean-festival-awards-si-a-publicat-finalistii-iar-codru-face-parte-din-cei-10-finalisti-la-categoria-best-medium-sized-festivals%2F\" title=\"Facebook\"><\/p>\n<div class=\"td-social-but-text\">Facebook<\/div>\n<p><\/a><a class=\"td-social-sharing-button td-social-sharing-button-js td-social-network td-social-twitter\" href=\"https:\/\/twitter.com\/intent\/tweet?text=European+Festival+Awards+%C8%99i-a+publicat+finali%C8%99tii%2C+iar+CODRU+face+parte+din+cei+10+finali%C8%99ti+la+categoria+Best+Medium-Sized+Festivals&amp;url=https%3A%2F%2Fgazetadinvest.ro%2Feuropean-festival-awards-si-a-publicat-finalistii-iar-codru-face-parte-din-cei-10-finalisti-la-categoria-best-medium-sized-festivals%2F&amp;via=Gazeta+din+Vest\" title=\"Twitter\"><\/p>\n<div class=\"td-social-but-text\">Twitter<\/div>\n<p><\/a><a class=\"td-social-sharing-button td-social-sharing-button-js td-social-network td-social-whatsapp\" href=\"https:\/\/api.whatsapp.com\/send?text=European+Festival+Awards+%C8%99i-a+publicat+finali%C8%99tii%2C+iar+CODRU+face+parte+din+cei+10+finali%C8%99ti+la+categoria+Best+Medium-Sized+Festivals%20%0A%0A%20https:\/\/gazetadinvest.ro\/european-festival-awards-si-a-publicat-finalistii-iar-codru-face-parte-din-cei-10-finalisti-la-categoria-best-medium-sized-festivals\/\" title=\"WhatsApp\"><\/p>\n<div class=\"td-social-but-text\">WhatsApp<\/div>\n<p><\/a><a class=\"td-social-sharing-button td-social-sharing-button-js td-social-network td-social-mail\" href=\"mailto:?subject=European%20Festival%20Awards%20%C8%99i-a%20publicat%20finali%C8%99tii,%20iar%20CODRU%20face%20parte%20din%20cei%2010%20finali%C8%99ti%20la%20categoria%20Best%20Medium-Sized%20Festivals&amp;body=https:\/\/gazetadinvest.ro\/european-festival-awards-si-a-publicat-finalistii-iar-codru-face-parte-din-cei-10-finalisti-la-categoria-best-medium-sized-festivals\/\" title=\"Email\"><\/p>\n<div class=\"td-social-but-text\">Email<\/div>\n<p><\/a><a class=\"td-social-sharing-button td-social-sharing-button-js td-social-network td-social-print\" href=\"https:\/\/gazetadinvest.ro\/european-festival-awards-si-a-publicat-finalistii-iar-codru-face-parte-din-cei-10-finalisti-la-categoria-best-medium-sized-festivals\/\" title=\"Imprimare\"><\/p>\n<div class=\"td-social-but-text\">Imprimare<\/div>\n<p><\/a><a class=\"td-social-sharing-button td-social-sharing-button-js td-social-network td-social-copy_url\" href=\"https:\/\/gazetadinvest.ro\/european-festival-awards-si-a-publicat-finalistii-iar-codru-face-parte-din-cei-10-finalisti-la-categoria-best-medium-sized-festivals\/\" title=\"Copy URL\"><\/p>\n<div class=\"td-social-but-text\">Copy URL<\/div>\n<p><\/a><\/div>\n<\/div>\n<\/div>\n<div class=\"td-block-row td-post-next-prev\">\n<div class=\"td-block-span6 td-post-prev-post\">\n<div class=\"td-post-next-prev-content\"><span>Articolul precedent<\/span><a href=\"https:\/\/gazetadinvest.ro\/campania-nationala-de-donare-de-sange-avem-acelasi-sange-a-ajuns-la-timisoara\/\">Campania na\u021bional\u0103 de donare de s\u00e2nge \u201eAvem acela\u0219i s\u00e2nge\u201d a ajuns la Timi\u0219oara<\/a><\/div>\n<\/div>\n<div class=\"td-block-span6 td-post-next-post\">\n<div class=\"td-post-next-prev-content\"><span>Articolul urm\u0103tor<\/span><a href=\"https:\/\/gazetadinvest.ro\/vizita-importanta-a-profesorului-boris-rubinschi-la-umft\/\">Vizit\u0103 important\u0103 a profesorului Boris Rubinschi la UMFT<\/a><\/div>\n<\/div>\n<\/div>\n<div class=\"td-author-name vcard author\"><span class=\"fn\"><a href=\"https:\/\/gazetadinvest.ro\/author\/sorinmarascu\/\">Marascu Sorin<\/a><\/span><\/div>\n<p><span class=\"td-page-meta\"><\/span><span class=\"td-page-meta\"><span class=\"td-page-meta\"><\/span><\/span><span class=\"td-page-meta\"><\/span><\/footer>\n<div class=\"td_block_wrap td_block_related_posts tdi_3 td_with_ajax_pagination td-pb-border-top td_block_template_8\" data-td-block-uid=\"tdi_3\">\n<h4 class=\"td-related-title td-block-title\"><a id=\"tdi_4\" class=\"td-related-left td-cur-simple-item\" data-td_filter_value data-td_block_id=\"tdi_3\" href=\"https:\/\/gazetadinvest.ro\/european-festival-awards-si-a-publicat-finalistii-iar-codru-face-parte-din-cei-10-finalisti-la-categoria-best-medium-sized-festivals\/\">ARTICOLE SIMILARE<\/a><a id=\"tdi_5\" class=\"td-related-right\" data-td_filter_value=\"td_related_more_from_author\" data-td_block_id=\"tdi_3\" href=\"https:\/\/gazetadinvest.ro\/european-festival-awards-si-a-publicat-finalistii-iar-codru-face-parte-din-cei-10-finalisti-la-categoria-best-medium-sized-festivals\/\">DE LA ACELA\u0218I AUTOR<\/a><\/h4>\n<div id=\"tdi_3\" class=\"td_block_inner\">\n<div class=\"td-related-row\">\n<div class=\"td-related-span4\">\n<div class=\"td_module_related_posts td-animation-stack td_mod_related_posts\">\n<div class=\"td-module-image\">\n<div class=\"td-module-thumb\"><a href=\"https:\/\/gazetadinvest.ro\/codru-festival-nominalizat-pentru-al-patrulea-an-consecutiv-la-european-festival-awards-la-scurt-timp-dupa-o-editie-aniversara-istorica-cu-peste-100-000-de-participanti\/\" rel=\"bookmark\" class=\"td-image-wrap \" title=\"CODRU Festival, nominalizat pentru al patrulea an consecutiv la European Festival Awards, la scurt timp dup\u0103 o edi\u021bie aniversar\u0103 istoric\u0103 cu peste 100.000 de participan\u021bi\"><img loading=\"lazy\" decoding=\"async\" class=\"entry-thumb\" src=\"https:\/\/gazetadinvest.ro\/wp-content\/uploads\/2025\/10\/11-1-436x300.jpg\" alt title=\"CODRU Festival, nominalizat pentru al patrulea an consecutiv la European Festival Awards, la scurt timp dup\u0103 o edi\u021bie aniversar\u0103 istoric\u0103 cu peste 100.000 de participan\u021bi\" width=\"218\" height=\"150\"><\/a><\/div>\n<p><a href=\"https:\/\/gazetadinvest.ro\/category\/eveniment\/\" class=\"td-post-category\">Eveniment<\/a><\/div>\n<div class=\"item-details\">\n<h3 class=\"entry-title td-module-title\"><a href=\"https:\/\/gazetadinvest.ro\/codru-festival-nominalizat-pentru-al-patrulea-an-consecutiv-la-european-festival-awards-la-scurt-timp-dupa-o-editie-aniversara-istorica-cu-peste-100-000-de-participanti\/\" rel=\"bookmark\" title=\"CODRU Festival, nominalizat pentru al patrulea an consecutiv la European Festival Awards, la scurt timp dup\u0103 o edi\u021bie aniversar\u0103 istoric\u0103 cu peste 100.000 de participan\u021bi\">CODRU Festival, nominalizat pentru al patrulea an consecutiv la European Festival Awards, la scurt timp dup\u0103 o edi\u021bie aniversar\u0103 istoric\u0103 cu peste 100.000 de&#8230;<\/a><\/h3>\n<\/div>\n<\/div>\n<\/div>\n<div class=\"td-related-span4\">\n<div class=\"td_module_related_posts td-animation-stack td_mod_related_posts\">\n<div class=\"td-module-image\">\n<div class=\"td-module-thumb\"><a href=\"https:\/\/gazetadinvest.ro\/inchideri-de-circulatie-rutiera-cu-ocazia-lucrarilor-de-infrastructura-si-a-unor-evenimente\/\" rel=\"bookmark\" class=\"td-image-wrap \" title=\"\u00cenchideri de circula\u021bie rutier\u0103 cu ocazia lucr\u0103rilor de infrastructur\u0103 \u0219i a unor evenimente\"><img loading=\"lazy\" decoding=\"async\" class=\"entry-thumb\" src=\"https:\/\/gazetadinvest.ro\/wp-content\/uploads\/2025\/08\/trafic-436x300.jpeg\" alt title=\"\u00cenchideri de circula\u021bie rutier\u0103 cu ocazia lucr\u0103rilor de infrastructur\u0103 \u0219i a unor evenimente\" width=\"218\" height=\"150\"><\/a><\/div>\n<p><a href=\"https:\/\/gazetadinvest.ro\/category\/social\/\" class=\"td-post-category\">Social<\/a><\/div>\n<div class=\"item-details\">\n<h3 class=\"entry-title td-module-title\"><a href=\"https:\/\/gazetadinvest.ro\/inchideri-de-circulatie-rutiera-cu-ocazia-lucrarilor-de-infrastructura-si-a-unor-evenimente\/\" rel=\"bookmark\" title=\"\u00cenchideri de circula\u021bie rutier\u0103 cu ocazia lucr\u0103rilor de infrastructur\u0103 \u0219i a unor evenimente\">\u00cenchideri de circula\u021bie rutier\u0103 cu ocazia lucr\u0103rilor de infrastructur\u0103 \u0219i a unor evenimente<\/a><\/h3>\n<\/div>\n<\/div>\n<\/div>\n<div class=\"td-related-span4\">\n<div class=\"td_module_related_posts td-animation-stack td_mod_related_posts\">\n<div class=\"td-module-image\">\n<div class=\"td-module-thumb\"><a href=\"https:\/\/gazetadinvest.ro\/zece-mii-de-pomi-plantati-la-ionel-dupa-o-frumoasa-actiune\/\" rel=\"bookmark\" class=\"td-image-wrap \" title=\"Zece mii de pomi planta\u0163i la Ionel dup\u0103 o frumoas\u0103 ac\u0163iune\"><img loading=\"lazy\" decoding=\"async\" class=\"entry-thumb\" src=\"https:\/\/gazetadinvest.ro\/wp-content\/uploads\/2023\/11\/pomi-436x300.jpeg\" alt title=\"Zece mii de pomi planta\u0163i la Ionel dup\u0103 o frumoas\u0103 ac\u0163iune\" width=\"218\" height=\"150\"><\/a><\/div>\n<p><a href=\"https:\/\/gazetadinvest.ro\/category\/social\/\" class=\"td-post-category\">Social<\/a><\/div>\n<div class=\"item-details\">\n<h3 class=\"entry-title td-module-title\"><a href=\"https:\/\/gazetadinvest.ro\/zece-mii-de-pomi-plantati-la-ionel-dupa-o-frumoasa-actiune\/\" rel=\"bookmark\" title=\"Zece mii de pomi planta\u0163i la Ionel dup\u0103 o frumoas\u0103 ac\u0163iune\">Zece mii de pomi planta\u0163i la Ionel dup\u0103 o frumoas\u0103 ac\u0163iune<\/a><\/h3>\n<\/div>\n<\/div>\n<\/div>\n<\/div>\n<\/div>\n<\/div>\n<div class=\"comments\" id=\"comments\">\n<div id=\"respond\" class=\"comment-respond\">\n<h3 id=\"reply-title\" class=\"comment-reply-title\">L\u0102SA\u021aI UN MESAJ <small><a rel=\"nofollow\" id=\"cancel-comment-reply-link\" href=\"https:\/\/gazetadinvest.ro\/european-festival-awards-si-a-publicat-finalistii-iar-codru-face-parte-din-cei-10-finalisti-la-categoria-best-medium-sized-festivals\/#respond\">Renun\u021ba\u021bi la r\u0103spuns<\/a><\/small><\/h3>\n<div class=\"comment-form-input-wrap td-form-comment\">\n<div class=\"td-warning-comment\">V\u0103 rug\u0103m s\u0103 introduce\u021bi comentariul dvs.!<\/div>\n<\/div>\n<div class=\"comment-form-input-wrap td-form-author\">\n<div class=\"td-warning-author\">Introduce\u021bi aici numele dvs.<\/div>\n<\/div>\n<div class=\"comment-form-input-wrap td-form-email\">\n<div class=\"td-warning-email-error\">A\u021bi introdus o adres\u0103 de e-mail incorect\u0103!<\/div>\n<div class=\"td-warning-email\">V\u0103 rug\u0103m s\u0103 introduce\u021bi adresa dvs. de e-mail aici<\/div>\n<\/div>\n<\/div>\n<\/div>\n<\/div>\n<\/div>\n<div class=\"td-pb-span4 td-main-sidebar\" role=\"complementary\">\n<div class=\"td-ss-main-sidebar\">\n<aside id=\"media_image-102\" class=\"td_block_template_8 widget media_image-102 widget_media_image\"><a href=\"https:\/\/piete-sa.ro\/\"><img loading=\"lazy\" decoding=\"async\" width=\"350\" height=\"426\" src=\"https:\/\/gazetadinvest.ro\/wp-content\/uploads\/2023\/05\/Logo-Piete-SA.jpg\" class=\"image wp-image-65510  attachment-full size-full\" alt><\/a><\/aside>\n<aside id=\"block-8\" class=\"td_block_template_8 widget block-8 widget_block widget_media_image\">\n<figure class=\"wp-block-image size-full\"><a href=\"https:\/\/adpghiroda.ro\/index.html\" target=\"_blank\" rel=\" noreferrer noopener\"><img loading=\"lazy\" decoding=\"async\" width=\"450\" height=\"450\" src=\"https:\/\/gazetadinvest.ro\/wp-content\/uploads\/2023\/05\/adp-ghiroda.gif\" alt class=\"wp-image-65511\"><\/a><\/figure>\n<\/aside>\n<aside id=\"media_image-5\" class=\"td_block_template_8 widget media_image-5 widget_media_image\"><a href=\"https:\/\/retim.ro\/\"><img loading=\"lazy\" decoding=\"async\" width=\"336\" height=\"280\" src=\"https:\/\/gazetadinvest.ro\/wp-content\/uploads\/2024\/11\/ReTIM-Abonamentul-Verde-Google-Ads-336x280px.gif\" class=\"image wp-image-72020  attachment-full size-full\" alt><\/a><\/aside>\n<aside id=\"block-11\" class=\"td_block_template_8 widget block-11 widget_block widget_media_image\">\n<figure class=\"wp-block-image size-large\"><a href=\"https:\/\/www.umft.ro\/ro\/acasa\/\" target=\"_blank\" rel=\" noreferrer noopener\"><img decoding=\"async\" loading=\"lazy\" width=\"1280\" height=\"321\" src=\"https:\/\/gazetadinvest.ro\/wp-content\/uploads\/2023\/11\/Logo-UMFT-1280x321.jpg\" alt class=\"wp-image-67316\"><\/a><\/figure>\n<\/aside>\n<aside id=\"media_image-76\" class=\"td_block_template_8 widget media_image-76 widget_media_image\"><a href=\"https:\/\/mnab.ro\/\"><img decoding=\"async\" width=\"415\" height=\"300\" src=\"https:\/\/gazetadinvest.ro\/wp-content\/uploads\/2024\/10\/MNaB_415_300_Oct.gif\" class=\"image wp-image-71869  attachment-full size-full\" alt loading=\"lazy\"><\/a><\/aside>\n<aside id=\"media_image-100\" class=\"td_block_template_8 widget media_image-100 widget_media_image\"><a href=\"http:\/\/adidtimis.ro\"><img decoding=\"async\" width=\"700\" height=\"300\" src=\"https:\/\/gazetadinvest.ro\/wp-content\/uploads\/2025\/10\/700x300-Voluminoase.jpg\" class=\"image wp-image-81373  attachment-full size-full\" alt loading=\"lazy\"><\/a><\/aside>\n<\/div>\n<\/div>\n<\/div>\n<\/article>\n<p> Source URL: https:\/\/gazetadinvest.ro\/european-festival-awards-si-a-publicat-finalistii-iar-codru-face-parte-din-cei-10-finalisti-la-categoria-best-medium-sized-festivals\/<\/p>\n","protected":false},"excerpt":{"rendered":"<p>Acas\u0103EvenimentEuropean Festival Awards \u0219i-a publicat finali\u0219tii, iar CODRU face parte din cei&#8230; Eveniment Stiri Locale Stiri Timis European Festival Awards \u0219i-a publicat finali\u0219tii, iar CODRU face parte din cei 10 finali\u0219ti la categoria Best Medium-Sized Festivals De c\u0103tre Marascu Sorin &#8211; 10 decembrie 2025 Timi\u0219oara revine \u00een lumina reflectoarelor la nivel european. CODRU Festival, finalist [&hellip;]<\/p>\n","protected":false},"author":1,"featured_media":0,"comment_status":"open","ping_status":"","sticky":false,"template":"","format":"standard","meta":{"footnotes":""},"categories":[89],"tags":[203],"class_list":["post-1047936","post","type-post","status-publish","format-standard","hentry","category-romania","tag-gazetadinvest-ro"],"_links":{"self":[{"href":"https:\/\/analyse.optim.biz\/index.php?rest_route=\/wp\/v2\/posts\/1047936","targetHints":{"allow":["GET"]}}],"collection":[{"href":"https:\/\/analyse.optim.biz\/index.php?rest_route=\/wp\/v2\/posts"}],"about":[{"href":"https:\/\/analyse.optim.biz\/index.php?rest_route=\/wp\/v2\/types\/post"}],"author":[{"embeddable":true,"href":"https:\/\/analyse.optim.biz\/index.php?rest_route=\/wp\/v2\/users\/1"}],"replies":[{"embeddable":true,"href":"https:\/\/analyse.optim.biz\/index.php?rest_route=%2Fwp%2Fv2%2Fcomments&post=1047936"}],"version-history":[{"count":0,"href":"https:\/\/analyse.optim.biz\/index.php?rest_route=\/wp\/v2\/posts\/1047936\/revisions"}],"wp:attachment":[{"href":"https:\/\/analyse.optim.biz\/index.php?rest_route=%2Fwp%2Fv2%2Fmedia&parent=1047936"}],"wp:term":[{"taxonomy":"category","embeddable":true,"href":"https:\/\/analyse.optim.biz\/index.php?rest_route=%2Fwp%2Fv2%2Fcategories&post=1047936"},{"taxonomy":"post_tag","embeddable":true,"href":"https:\/\/analyse.optim.biz\/index.php?rest_route=%2Fwp%2Fv2%2Ftags&post=1047936"}],"curies":[{"name":"wp","href":"https:\/\/api.w.org\/{rel}","templated":true}]}}