{"id":1047921,"date":"2025-12-12T13:50:37","date_gmt":"2025-12-12T10:50:37","guid":{"rendered":"https:\/\/analyse.optim.biz\/?p=1047921"},"modified":"2025-12-12T13:50:37","modified_gmt":"2025-12-12T10:50:37","slug":"podul-muncii-de-la-fabrica-cu-tigari-intra-in-reabilitare","status":"publish","type":"post","link":"https:\/\/analyse.optim.biz\/?p=1047921","title":{"rendered":"Podul \u201eMuncii\u201d, de la Fabrica cu \u021big\u0103ri intr\u0103 \u00een reabilitare &#8211;"},"content":{"rendered":"<article id=\"post-82197\" class=\"post-82197 post type-post status-publish format-standard has-post-thumbnail category-featured category-social category-stiri-locale category-stiri-timis tag-podul-muncii tag-tehnodomus\">\n<div class=\"td-pb-row\">\n<div class=\"td-pb-span12\">\n<div class=\"td-post-header\">\n<div class=\"td-crumb-container\">\n<div class=\"entry-crumbs\"><span><a title class=\"entry-crumb\" href=\"https:\/\/gazetadinvest.ro\/\">Acas\u0103<\/a><\/span><span><a title=\"Vede\u021bi toate articolele \u00een Social\" class=\"entry-crumb\" href=\"https:\/\/gazetadinvest.ro\/category\/social\/\">Social<\/a><\/span><span class=\"td-bred-no-url-last\">Podul \u201eMuncii\u201d, de la Fabrica cu \u021big\u0103ri intr\u0103 \u00een reabilitare<\/span><\/div>\n<\/div>\n<header class=\"td-post-title\">\n<ul class=\"td-category\">\n<li class=\"entry-category\"><a href=\"https:\/\/gazetadinvest.ro\/category\/social\/\">Social<\/a><\/li>\n<li class=\"entry-category\"><a href=\"https:\/\/gazetadinvest.ro\/category\/stiri-locale\/\">Stiri Locale<\/a><\/li>\n<li class=\"entry-category\"><a href=\"https:\/\/gazetadinvest.ro\/category\/stiri-locale\/stiri-timis\/\">Stiri Timis<\/a><\/li>\n<\/ul>\n<h1 class=\"entry-title\">Podul \u201eMuncii\u201d, de la Fabrica cu \u021big\u0103ri intr\u0103 \u00een reabilitare<\/h1>\n<div class=\"td-module-meta-info\">\n<div class=\"td-post-author-name\">\n<div class=\"td-author-by\">De c\u0103tre<\/div>\n<p><a href=\"https:\/\/gazetadinvest.ro\/author\/sorinmarascu\/\">Marascu Sorin<\/a><\/p>\n<div class=\"td-author-line\"> &#8211; <\/div>\n<\/div>\n<p><span class=\"td-post-date\"><time class=\"entry-date updated td-module-date\" datetime=\"2025-12-12T15:50:37+02:00\">12 decembrie 2025<\/time><\/span><\/div>\n<\/header>\n<\/div>\n<\/div>\n<\/div>\n<div class=\"td-pb-row\">\n<div class=\"td-pb-span8 td-main-content\" role=\"main\">\n<div class=\"td-ss-main-content\">\n<div class=\"td-post-content tagdiv-type\">\n<div class=\"td-post-featured-image\"><a href=\"https:\/\/gazetadinvest.ro\/wp-content\/uploads\/2025\/12\/podul-iuliu-maniu.jpg\" data-caption><img loading=\"lazy\" decoding=\"async\" width=\"696\" height=\"464\" class=\"entry-thumb td-modal-image\" src=\"https:\/\/gazetadinvest.ro\/wp-content\/uploads\/2025\/12\/podul-iuliu-maniu-696x464.jpg\" alt title=\"podul iuliu maniu\"><\/a><\/div>\n<p><strong>Primarul Dominic Fritz a semnat contractul pentru execu\u021bia lucr\u0103rilor de reabilitare a Podului Iuliu Maniu (Muncii), una dintre cele mai importante conexiuni dintre Gara de Nord \u0219i Calea \u0218agului.<\/strong><\/p>\n<p>Investi\u021bia municipalit\u0103\u021bii include, printre altele, consolidarea structurii de rezisten\u021b\u0103 \u0219i \u00eenlocuirea complet\u0103 a suprastructurii, \u0219i r\u0103spunde cerin\u021belor de trafic \u0219i siguran\u021b\u0103 din prezent. Primele interven\u021bii sunt programate de c\u0103tre firma c\u00e2\u0219tig\u0103toare \u2013 TEHNODOMUS \u2013 \u00een perioada ianuarie-februarie, \u00een func\u021bie de condi\u021biile meteo.<\/p>\n<p>\u201cEste primul \u0219antier nou al anului viitor \u0219i o investi\u021bie pe care o preg\u0103tim de mult timp. Podul de la fosta Fabric\u0103 de \u021aig\u0103ri, construit \u00een anii \u201970, este \u00eentr-o stare avansat\u0103 de degradare \u0219i avea nevoie urgent\u0103 de aceast\u0103 investi\u021bie pentru a r\u0103spunde cerin\u021belor actuale de trafic \u0219i siguran\u021b\u0103. M\u0103 bucur c\u0103 am reu\u0219it s\u0103 atragem fonduri europene consistente pentru aceast\u0103 lucrare \u0219i c\u0103 putem moderniza una dintre cele mai importante leg\u0103turi dintre Gara de Nord \u0219i Calea \u0218agului\u201d, a declarat primarul Dominic Fritz.<\/p>\n<p>Investi\u021bia Prim\u0103riei Timi\u0219oara vizeaz\u0103 consolidarea structurii de rezisten\u021b\u0103 \u0219i \u00eenlocuirea complet\u0103 a suprastructurii cu o structur\u0103 mixt\u0103 o\u021bel-beton, cu p\u0103strarea a c\u00e2te dou\u0103 benzi pe sens, cu l\u0103\u021bimea de 3,50 metri fiecare. Totodat\u0103, trotuarele vor fi l\u0103rgite p\u00e2n\u0103 la 1,75 m, pentru a oferi mai mult spa\u021biu pietonilor, \u0219i vor fi amenajate piste pentru biciclete. Proiectul include \u0219i reabilitarea rampelor, refacerea sc\u0103rilor de acces cu elemente metalice, instalarea unui iluminat arhitectural modern, consolidarea malului Canalului Bega, precum \u0219i plantarea de arbori, pentru \u00eembun\u0103t\u0103\u021birea calit\u0103\u021bii aerului \u0219i a aspectului urban. Dup\u0103 finalizarea lucr\u0103rilor, municipalitatea va putea reintroduce circula\u021bia troleibuzelor pe pod.<\/p>\n<p>Valoarea total\u0103 a proiectului este de aproape 10 milioane de euro, din care aproximativ 7,4 milioane de euro reprezint\u0103 fonduri europene nerambursabile, prin Programul Regional Vest 2021 \u2013 2027, Interven\u021bia regional\u0103 4.1 Mobilitate Urban\u0103 Sustenabil\u0103. Lucr\u0103rile de reabilitare a Podului Iuliu Maniu se ridic\u0103 la valoarea de aproximativ 8 milioane de euro (TVA inclus) \u0219i sunt programate s\u0103 fie finalizate p\u00e2n\u0103 \u00een februarie 2027.<\/p>\n<\/div>\n<footer>\n<div class=\"td-post-source-tags\">\n<ul class=\"td-tags td-post-small-box clearfix\">\n<li><span>ETICHETE<\/span><\/li>\n<li><a href=\"https:\/\/gazetadinvest.ro\/tag\/podul-muncii\/\">Podul Muncii<\/a><\/li>\n<li><a href=\"https:\/\/gazetadinvest.ro\/tag\/tehnodomus\/\">TEHNODOMUS<\/a><\/li>\n<\/ul>\n<\/div>\n<div class=\"td-post-sharing-bottom\">\n<div class=\"td-post-sharing-classic\"><iframe title=\"bottomFacebookLike\" frameborder src=\"https:\/\/www.facebook.com\/plugins\/like.php?href=https:\/\/gazetadinvest.ro\/podul-muncii-de-la-fabrica-cu-tigari-intra-in-reabilitare\/&amp;layout=button_count&amp;show_faces=false&amp;width=105&amp;action=like&amp;colorscheme=light&amp;height=21\"><\/iframe><\/div>\n<div id=\"td_social_sharing_article_bottom\" class=\"td-post-sharing td-ps-border td-ps-border-grey td-ps-icon-arrow td-ps-icon-bg td-ps-text-color td-post-sharing-style19 \">\n<div class=\"td-post-sharing-visible\"><a class=\"td-social-sharing-button td-social-sharing-button-js td-social-network td-social-facebook\" href=\"https:\/\/www.facebook.com\/sharer.php?u=https%3A%2F%2Fgazetadinvest.ro%2Fpodul-muncii-de-la-fabrica-cu-tigari-intra-in-reabilitare%2F\" title=\"Facebook\"><\/p>\n<div class=\"td-social-but-text\">Facebook<\/div>\n<p><\/a><a class=\"td-social-sharing-button td-social-sharing-button-js td-social-network td-social-twitter\" href=\"https:\/\/twitter.com\/intent\/tweet?text=Podul+%E2%80%9EMuncii%E2%80%9D%2C+de+la+Fabrica+cu+%C8%9Big%C4%83ri+intr%C4%83+%C3%AEn+reabilitare&amp;url=https%3A%2F%2Fgazetadinvest.ro%2Fpodul-muncii-de-la-fabrica-cu-tigari-intra-in-reabilitare%2F&amp;via=Gazeta+din+Vest\" title=\"Twitter\"><\/p>\n<div class=\"td-social-but-text\">Twitter<\/div>\n<p><\/a><a class=\"td-social-sharing-button td-social-sharing-button-js td-social-network td-social-whatsapp\" href=\"https:\/\/api.whatsapp.com\/send?text=Podul+%E2%80%9EMuncii%E2%80%9D%2C+de+la+Fabrica+cu+%C8%9Big%C4%83ri+intr%C4%83+%C3%AEn+reabilitare%20%0A%0A%20https:\/\/gazetadinvest.ro\/podul-muncii-de-la-fabrica-cu-tigari-intra-in-reabilitare\/\" title=\"WhatsApp\"><\/p>\n<div class=\"td-social-but-text\">WhatsApp<\/div>\n<p><\/a><a class=\"td-social-sharing-button td-social-sharing-button-js td-social-network td-social-mail\" href=\"mailto:?subject=Podul%20%E2%80%9EMuncii%E2%80%9D,%20de%20la%20Fabrica%20cu%20%C8%9Big%C4%83ri%20intr%C4%83%20%C3%AEn%20reabilitare&amp;body=https:\/\/gazetadinvest.ro\/podul-muncii-de-la-fabrica-cu-tigari-intra-in-reabilitare\/\" title=\"Email\"><\/p>\n<div class=\"td-social-but-text\">Email<\/div>\n<p><\/a><a class=\"td-social-sharing-button td-social-sharing-button-js td-social-network td-social-print\" href=\"https:\/\/gazetadinvest.ro\/podul-muncii-de-la-fabrica-cu-tigari-intra-in-reabilitare\/\" title=\"Imprimare\"><\/p>\n<div class=\"td-social-but-text\">Imprimare<\/div>\n<p><\/a><a class=\"td-social-sharing-button td-social-sharing-button-js td-social-network td-social-copy_url\" href=\"https:\/\/gazetadinvest.ro\/podul-muncii-de-la-fabrica-cu-tigari-intra-in-reabilitare\/\" title=\"Copy URL\"><\/p>\n<div class=\"td-social-but-text\">Copy URL<\/div>\n<p><\/a><\/div>\n<\/div>\n<\/div>\n<div class=\"td-block-row td-post-next-prev\">\n<div class=\"td-block-span6 td-post-prev-post\">\n<div class=\"td-post-next-prev-content\"><span>Articolul precedent<\/span><a href=\"https:\/\/gazetadinvest.ro\/scriitoarea-piesa-care-va-face-istorie-pe-scena-tn-timisoara\/\">Scriitoarea, piesa care va face istorie pe scena TN Timi\u0219oara<\/a><\/div>\n<\/div>\n<\/div>\n<div class=\"td-author-name vcard author\"><span class=\"fn\"><a href=\"https:\/\/gazetadinvest.ro\/author\/sorinmarascu\/\">Marascu Sorin<\/a><\/span><\/div>\n<p><span class=\"td-page-meta\"><\/span><span class=\"td-page-meta\"><span class=\"td-page-meta\"><\/span><\/span><span class=\"td-page-meta\"><\/span><\/footer>\n<div class=\"td_block_wrap td_block_related_posts tdi_3 td_with_ajax_pagination td-pb-border-top td_block_template_8\" data-td-block-uid=\"tdi_3\">\n<h4 class=\"td-related-title td-block-title\"><a id=\"tdi_4\" class=\"td-related-left td-cur-simple-item\" data-td_filter_value data-td_block_id=\"tdi_3\" href=\"https:\/\/gazetadinvest.ro\/podul-muncii-de-la-fabrica-cu-tigari-intra-in-reabilitare\/\">ARTICOLE SIMILARE<\/a><a id=\"tdi_5\" class=\"td-related-right\" data-td_filter_value=\"td_related_more_from_author\" data-td_block_id=\"tdi_3\" href=\"https:\/\/gazetadinvest.ro\/podul-muncii-de-la-fabrica-cu-tigari-intra-in-reabilitare\/\">DE LA ACELA\u0218I AUTOR<\/a><\/h4>\n<div id=\"tdi_3\" class=\"td_block_inner\">\n<div class=\"td-related-row\">\n<div class=\"td-related-span4\">\n<div class=\"td_module_related_posts td-animation-stack td_mod_related_posts\">\n<div class=\"td-module-image\">\n<div class=\"td-module-thumb\"><a href=\"https:\/\/gazetadinvest.ro\/primaria-timisoara-vrea-fonduri-europene-pentru-refacerea-podului-muncii-si-construirea-podului-solventul\/\" rel=\"bookmark\" class=\"td-image-wrap \" title=\"Prim\u0103ria Timi\u0219oara vrea fonduri europene pentru refacerea Podului Muncii \u0219i construirea Podului Solventul\"><img loading=\"lazy\" decoding=\"async\" class=\"entry-thumb\" src=\"https:\/\/gazetadinvest.ro\/wp-content\/uploads\/2025\/01\/podul.muncii-436x300.jpg\" alt title=\"Prim\u0103ria Timi\u0219oara vrea fonduri europene pentru refacerea Podului Muncii \u0219i construirea Podului Solventul\" width=\"218\" height=\"150\"><\/a><\/div>\n<p><a href=\"https:\/\/gazetadinvest.ro\/category\/administratie\/\" class=\"td-post-category\">Administratie<\/a><\/div>\n<div class=\"item-details\">\n<h3 class=\"entry-title td-module-title\"><a href=\"https:\/\/gazetadinvest.ro\/primaria-timisoara-vrea-fonduri-europene-pentru-refacerea-podului-muncii-si-construirea-podului-solventul\/\" rel=\"bookmark\" title=\"Prim\u0103ria Timi\u0219oara vrea fonduri europene pentru refacerea Podului Muncii \u0219i construirea Podului Solventul\">Prim\u0103ria Timi\u0219oara vrea fonduri europene pentru refacerea Podului Muncii \u0219i construirea Podului Solventul<\/a><\/h3>\n<\/div>\n<\/div>\n<\/div>\n<div class=\"td-related-span4\">\n<div class=\"td_module_related_posts td-animation-stack td_mod_related_posts\">\n<div class=\"td-module-image\">\n<div class=\"td-module-thumb\"><a href=\"https:\/\/gazetadinvest.ro\/fritz-se-apuca-de-refacerea-podului-muncii-lucrarile-ar-trebui-sa-inceapa-la-finalul-primaverii\/\" rel=\"bookmark\" class=\"td-image-wrap \" title=\"Fritz se apuc\u0103 de refacerea Podului Muncii! Lucr\u0103rile ar trebui s\u0103 \u00eenceap\u0103 la finalul prim\u0103verii\"><img loading=\"lazy\" decoding=\"async\" class=\"entry-thumb\" src=\"https:\/\/gazetadinvest.ro\/wp-content\/uploads\/2025\/01\/podul.muncii-436x300.jpg\" alt title=\"Fritz se apuc\u0103 de refacerea Podului Muncii! Lucr\u0103rile ar trebui s\u0103 \u00eenceap\u0103 la finalul prim\u0103verii\" width=\"218\" height=\"150\"><\/a><\/div>\n<p><a href=\"https:\/\/gazetadinvest.ro\/category\/administratie\/\" class=\"td-post-category\">Administratie<\/a><\/div>\n<div class=\"item-details\">\n<h3 class=\"entry-title td-module-title\"><a href=\"https:\/\/gazetadinvest.ro\/fritz-se-apuca-de-refacerea-podului-muncii-lucrarile-ar-trebui-sa-inceapa-la-finalul-primaverii\/\" rel=\"bookmark\" title=\"Fritz se apuc\u0103 de refacerea Podului Muncii! Lucr\u0103rile ar trebui s\u0103 \u00eenceap\u0103 la finalul prim\u0103verii\">Fritz se apuc\u0103 de refacerea Podului Muncii! Lucr\u0103rile ar trebui s\u0103 \u00eenceap\u0103 la finalul prim\u0103verii<\/a><\/h3>\n<\/div>\n<\/div>\n<\/div>\n<div class=\"td-related-span4\">\n<div class=\"td_module_related_posts td-animation-stack td_mod_related_posts\">\n<div class=\"td-module-image\">\n<div class=\"td-module-thumb\"><a href=\"https:\/\/gazetadinvest.ro\/podurile-pe-care-le-asteapta-timisoara\/\" rel=\"bookmark\" class=\"td-image-wrap \" title=\"Podurile pe care le a\u0219teapt\u0103 Timi\u0219oara\"><img loading=\"lazy\" decoding=\"async\" class=\"entry-thumb\" src=\"https:\/\/gazetadinvest.ro\/wp-content\/uploads\/2015\/06\/Podul-eroilor-436x300.jpg\" alt title=\"Podurile pe care le a\u0219teapt\u0103 Timi\u0219oara\" width=\"218\" height=\"150\"><\/a><\/div>\n<p><a href=\"https:\/\/gazetadinvest.ro\/category\/administratie\/\" class=\"td-post-category\">Administratie<\/a><\/div>\n<div class=\"item-details\">\n<h3 class=\"entry-title td-module-title\"><a href=\"https:\/\/gazetadinvest.ro\/podurile-pe-care-le-asteapta-timisoara\/\" rel=\"bookmark\" title=\"Podurile pe care le a\u0219teapt\u0103 Timi\u0219oara\">Podurile pe care le a\u0219teapt\u0103 Timi\u0219oara<\/a><\/h3>\n<\/div>\n<\/div>\n<\/div>\n<\/div>\n<\/div>\n<\/div>\n<div class=\"comments\" id=\"comments\">\n<div id=\"respond\" class=\"comment-respond\">\n<h3 id=\"reply-title\" class=\"comment-reply-title\">L\u0102SA\u021aI UN MESAJ <small><a rel=\"nofollow\" id=\"cancel-comment-reply-link\" href=\"https:\/\/gazetadinvest.ro\/podul-muncii-de-la-fabrica-cu-tigari-intra-in-reabilitare\/#respond\">Renun\u021ba\u021bi la r\u0103spuns<\/a><\/small><\/h3>\n<div class=\"comment-form-input-wrap td-form-comment\">\n<div class=\"td-warning-comment\">V\u0103 rug\u0103m s\u0103 introduce\u021bi comentariul dvs.!<\/div>\n<\/div>\n<div class=\"comment-form-input-wrap td-form-author\">\n<div class=\"td-warning-author\">Introduce\u021bi aici numele dvs.<\/div>\n<\/div>\n<div class=\"comment-form-input-wrap td-form-email\">\n<div class=\"td-warning-email-error\">A\u021bi introdus o adres\u0103 de e-mail incorect\u0103!<\/div>\n<div class=\"td-warning-email\">V\u0103 rug\u0103m s\u0103 introduce\u021bi adresa dvs. de e-mail aici<\/div>\n<\/div>\n<\/div>\n<\/div>\n<\/div>\n<\/div>\n<div class=\"td-pb-span4 td-main-sidebar\" role=\"complementary\">\n<div class=\"td-ss-main-sidebar\">\n<aside id=\"media_image-102\" class=\"td_block_template_8 widget media_image-102 widget_media_image\"><a href=\"https:\/\/piete-sa.ro\/\"><img loading=\"lazy\" decoding=\"async\" width=\"350\" height=\"426\" src=\"https:\/\/gazetadinvest.ro\/wp-content\/uploads\/2023\/05\/Logo-Piete-SA.jpg\" class=\"image wp-image-65510  attachment-full size-full\" alt><\/a><\/aside>\n<aside id=\"block-8\" class=\"td_block_template_8 widget block-8 widget_block widget_media_image\">\n<figure class=\"wp-block-image size-full\"><a href=\"https:\/\/adpghiroda.ro\/index.html\" target=\"_blank\" rel=\" noreferrer noopener\"><img loading=\"lazy\" decoding=\"async\" width=\"450\" height=\"450\" src=\"https:\/\/gazetadinvest.ro\/wp-content\/uploads\/2023\/05\/adp-ghiroda.gif\" alt class=\"wp-image-65511\"><\/a><\/figure>\n<\/aside>\n<aside id=\"media_image-5\" class=\"td_block_template_8 widget media_image-5 widget_media_image\"><a href=\"https:\/\/retim.ro\/\"><img loading=\"lazy\" decoding=\"async\" width=\"336\" height=\"280\" src=\"https:\/\/gazetadinvest.ro\/wp-content\/uploads\/2024\/11\/ReTIM-Abonamentul-Verde-Google-Ads-336x280px.gif\" class=\"image wp-image-72020  attachment-full size-full\" alt><\/a><\/aside>\n<aside id=\"block-11\" class=\"td_block_template_8 widget block-11 widget_block widget_media_image\">\n<figure class=\"wp-block-image size-large\"><a href=\"https:\/\/www.umft.ro\/ro\/acasa\/\" target=\"_blank\" rel=\" noreferrer noopener\"><img decoding=\"async\" loading=\"lazy\" width=\"1280\" height=\"321\" src=\"https:\/\/gazetadinvest.ro\/wp-content\/uploads\/2023\/11\/Logo-UMFT-1280x321.jpg\" alt class=\"wp-image-67316\"><\/a><\/figure>\n<\/aside>\n<aside id=\"media_image-76\" class=\"td_block_template_8 widget media_image-76 widget_media_image\"><a href=\"https:\/\/mnab.ro\/\"><img decoding=\"async\" width=\"415\" height=\"300\" src=\"https:\/\/gazetadinvest.ro\/wp-content\/uploads\/2024\/10\/MNaB_415_300_Oct.gif\" class=\"image wp-image-71869  attachment-full size-full\" alt loading=\"lazy\"><\/a><\/aside>\n<aside id=\"media_image-100\" class=\"td_block_template_8 widget media_image-100 widget_media_image\"><a href=\"http:\/\/adidtimis.ro\"><img decoding=\"async\" width=\"700\" height=\"300\" src=\"https:\/\/gazetadinvest.ro\/wp-content\/uploads\/2025\/10\/700x300-Voluminoase.jpg\" class=\"image wp-image-81373  attachment-full size-full\" alt loading=\"lazy\"><\/a><\/aside>\n<\/div>\n<\/div>\n<\/div>\n<\/article>\n<p> Source URL: https:\/\/gazetadinvest.ro\/podul-muncii-de-la-fabrica-cu-tigari-intra-in-reabilitare\/<\/p>\n","protected":false},"excerpt":{"rendered":"<p>Acas\u0103SocialPodul \u201eMuncii\u201d, de la Fabrica cu \u021big\u0103ri intr\u0103 \u00een reabilitare Social Stiri Locale Stiri Timis Podul \u201eMuncii\u201d, de la Fabrica cu \u021big\u0103ri intr\u0103 \u00een reabilitare De c\u0103tre Marascu Sorin &#8211; 12 decembrie 2025 Primarul Dominic Fritz a semnat contractul pentru execu\u021bia lucr\u0103rilor de reabilitare a Podului Iuliu Maniu (Muncii), una dintre cele mai importante conexiuni [&hellip;]<\/p>\n","protected":false},"author":1,"featured_media":0,"comment_status":"open","ping_status":"","sticky":false,"template":"","format":"standard","meta":{"footnotes":""},"categories":[89],"tags":[203],"class_list":["post-1047921","post","type-post","status-publish","format-standard","hentry","category-romania","tag-gazetadinvest-ro"],"_links":{"self":[{"href":"https:\/\/analyse.optim.biz\/index.php?rest_route=\/wp\/v2\/posts\/1047921","targetHints":{"allow":["GET"]}}],"collection":[{"href":"https:\/\/analyse.optim.biz\/index.php?rest_route=\/wp\/v2\/posts"}],"about":[{"href":"https:\/\/analyse.optim.biz\/index.php?rest_route=\/wp\/v2\/types\/post"}],"author":[{"embeddable":true,"href":"https:\/\/analyse.optim.biz\/index.php?rest_route=\/wp\/v2\/users\/1"}],"replies":[{"embeddable":true,"href":"https:\/\/analyse.optim.biz\/index.php?rest_route=%2Fwp%2Fv2%2Fcomments&post=1047921"}],"version-history":[{"count":0,"href":"https:\/\/analyse.optim.biz\/index.php?rest_route=\/wp\/v2\/posts\/1047921\/revisions"}],"wp:attachment":[{"href":"https:\/\/analyse.optim.biz\/index.php?rest_route=%2Fwp%2Fv2%2Fmedia&parent=1047921"}],"wp:term":[{"taxonomy":"category","embeddable":true,"href":"https:\/\/analyse.optim.biz\/index.php?rest_route=%2Fwp%2Fv2%2Fcategories&post=1047921"},{"taxonomy":"post_tag","embeddable":true,"href":"https:\/\/analyse.optim.biz\/index.php?rest_route=%2Fwp%2Fv2%2Ftags&post=1047921"}],"curies":[{"name":"wp","href":"https:\/\/api.w.org\/{rel}","templated":true}]}}