{"id":1047155,"date":"2025-12-12T18:41:26","date_gmt":"2025-12-12T15:41:26","guid":{"rendered":"https:\/\/analyse.optim.biz\/?p=1047155"},"modified":"2025-12-12T18:41:26","modified_gmt":"2025-12-12T15:41:26","slug":"tandreturi-pentru-femei-cudecat-trei-corifei-cu-nicu-alifantis-mircea-baniciu-si-mircea-vintila-la-suceava","status":"publish","type":"post","link":"https:\/\/analyse.optim.biz\/?p=1047155","title":{"rendered":"\u201eTandre\u021buri pentru femei cu\u2026dec\u00e2t trei corifei\u201d, cu Nicu Alifantis, Mircea Baniciu \u0219i Mircea Vintil\u0103, la Suceava"},"content":{"rendered":"<div class=\"entry-content\">\n<p><img decoding=\"async\" loading=\"lazy\" class=\"alignright size-medium wp-image-286881\" src=\"https:\/\/suceavanews.ro\/wp-content\/uploads\/2019\/02\/Suceava-mic-210x300.jpg\" alt=\"\" width=\"210\" height=\"300\">Mica unire are \u015fi variant\u0103 muzical\u0103 2019: Nicu Alifantis, Mircea Baniciu \u015fi Mircea Vintil\u0103 se unesc (se reunesc?) sub deviza \u201cTandre\u0163uri pentru femei cu\u2026 dec\u00e2t trei corifei\u201d \u00een luna lui \u2026 M\u0103r\u0163i\u015for.<\/p>\n<p>Taman \u00een luna \u00een care femeia e toat\u0103 un omagiu \u201evenim s\u0103 v\u0103 (\u00een)c\u00e2nt\u0103m \u015fi s\u0103 ne \u00eencruci\u015f\u0103m chit\u0103rile spre slava Ei\u201d.<\/p>\n<p>Evenimentul va avea loc vineri, 15 martie 2019, ora 19.30 Casa de Cultur\u0103 a Sindicatelor Suceava.<br \/>\nBiletele cost\u0103 85, 100 sau 125 lei \u00een func\u0163ie de a\u015fezarea \u00een sal\u0103 \u015fi pot fi cump\u0103rate de la secretariatul Casei de Cultur\u0103 a Sindicatelor Suceava, intrare B, etaj 1, tel 0230 523 718.<\/p>\n<\/div>\n","protected":false},"excerpt":{"rendered":"<p>Mica unire are \u015fi variant\u0103 muzical\u0103 2019: Nicu Alifantis, Mircea Baniciu \u015fi Mircea Vintil\u0103 se unesc (se reunesc?) sub deviza \u201cTandre\u0163uri pentru femei cu\u2026 dec\u00e2t trei corifei\u201d \u00een luna lui \u2026 M\u0103r\u0163i\u015for. Taman \u00een luna \u00een care femeia e toat\u0103 un omagiu \u201evenim s\u0103 v\u0103 (\u00een)c\u00e2nt\u0103m \u015fi s\u0103 ne \u00eencruci\u015f\u0103m chit\u0103rile spre slava Ei\u201d. Evenimentul [&hellip;]<\/p>\n","protected":false},"author":1,"featured_media":0,"comment_status":"open","ping_status":"","sticky":false,"template":"","format":"standard","meta":{"footnotes":""},"categories":[89],"tags":[174],"class_list":["post-1047155","post","type-post","status-publish","format-standard","hentry","category-romania","tag-suceavanews-ro"],"_links":{"self":[{"href":"https:\/\/analyse.optim.biz\/index.php?rest_route=\/wp\/v2\/posts\/1047155","targetHints":{"allow":["GET"]}}],"collection":[{"href":"https:\/\/analyse.optim.biz\/index.php?rest_route=\/wp\/v2\/posts"}],"about":[{"href":"https:\/\/analyse.optim.biz\/index.php?rest_route=\/wp\/v2\/types\/post"}],"author":[{"embeddable":true,"href":"https:\/\/analyse.optim.biz\/index.php?rest_route=\/wp\/v2\/users\/1"}],"replies":[{"embeddable":true,"href":"https:\/\/analyse.optim.biz\/index.php?rest_route=%2Fwp%2Fv2%2Fcomments&post=1047155"}],"version-history":[{"count":0,"href":"https:\/\/analyse.optim.biz\/index.php?rest_route=\/wp\/v2\/posts\/1047155\/revisions"}],"wp:attachment":[{"href":"https:\/\/analyse.optim.biz\/index.php?rest_route=%2Fwp%2Fv2%2Fmedia&parent=1047155"}],"wp:term":[{"taxonomy":"category","embeddable":true,"href":"https:\/\/analyse.optim.biz\/index.php?rest_route=%2Fwp%2Fv2%2Fcategories&post=1047155"},{"taxonomy":"post_tag","embeddable":true,"href":"https:\/\/analyse.optim.biz\/index.php?rest_route=%2Fwp%2Fv2%2Ftags&post=1047155"}],"curies":[{"name":"wp","href":"https:\/\/api.w.org\/{rel}","templated":true}]}}