{"id":1047153,"date":"2025-12-12T18:41:04","date_gmt":"2025-12-12T15:41:04","guid":{"rendered":"https:\/\/analyse.optim.biz\/?p=1047153"},"modified":"2025-12-12T18:41:04","modified_gmt":"2025-12-12T15:41:04","slug":"video-doua-generatii-de-mesteri-de-opinci-duc-traditia-mai-departe-la-bilca","status":"publish","type":"post","link":"https:\/\/analyse.optim.biz\/?p=1047153","title":{"rendered":"VIDEO Dou\u0103 genera\u021bii de me\u0219teri de opinci duc tradi\u021bia mai departe, la Bilca"},"content":{"rendered":"<div class=\"entry-content\">\n<p><img decoding=\"async\" loading=\"lazy\" class=\"alignright size-medium wp-image-287715\" src=\"https:\/\/suceavanews.ro\/wp-content\/uploads\/2019\/02\/opinci-300x181.jpg\" alt=\"\" width=\"300\" height=\"181\">Un mestesug despre care toat\u0103 lumea crede ca e pe cale de disparitie, a inflorit \u00een ultimii ani. Este vorba despre opincarit! Arhaicele incaltari ale romanil<span class=\"text_exposed_show\">or sunt la mare c\u0103utare. <\/span><\/p>\n<p><span class=\"text_exposed_show\">Le cumpara str\u0103inii ca suveniruri, muzeele pentru colectii dar \u0219i ansamblurile folclorice. \u00cen nordul \u021b\u0103rii, la Bilca, mai multe genera\u021bii de mesteri care fac opinci duc tradi\u021bia mai departe, potrivit TVR Iasi.<\/span><\/p>\n<div class=\"fb-video\" data-href=\"https:\/\/www.facebook.com\/JurnalulRegionalTVRIASI\/videos\/602646526875175\/\" data-width=\"500\">\n<blockquote cite=\"https:\/\/www.facebook.com\/JurnalulRegionalTVRIASI\/videos\/602646526875175\/\" class=\"fb-xfbml-parse-ignore\">\n<p><a href=\"https:\/\/www.facebook.com\/JurnalulRegionalTVRIASI\/videos\/602646526875175\/\">RE\u00ceNTOARCEREA LA OPINCI<\/a><\/p>\n<p>Un mestesug despre care  toat\u0103 lumea crede ca e pe cale de disparitie, a  inflorit \u00een ultimii ani. Este vorba despre opincarit!  Arhaicele incaltari ale romanilor sunt la mare c\u0103utare. Le cumpara str\u0103inii ca suveniruri,  muzeele pentru colectii dar \u0219i ansamblurile  folclorice. \u00cen nordul \u021b\u0103rii, la Bilca, mai multe genera\u021bii de mesteri care fac opinci  duc tradi\u021bia mai departe.<\/p>\n<p>Publi\u00e9e par <a href=\"https:\/\/www.facebook.com\/JurnalulRegionalTVRIASI\/\">Jurnalul Regional TVR IASI<\/a> sur Mercredi 13 f\u00e9vrier 2019<\/p>\n<\/blockquote>\n<\/div>\n<\/div>\n","protected":false},"excerpt":{"rendered":"<p>Un mestesug despre care toat\u0103 lumea crede ca e pe cale de disparitie, a inflorit \u00een ultimii ani. Este vorba despre opincarit! Arhaicele incaltari ale romanilor sunt la mare c\u0103utare. Le cumpara str\u0103inii ca suveniruri, muzeele pentru colectii dar \u0219i ansamblurile folclorice. \u00cen nordul \u021b\u0103rii, la Bilca, mai multe genera\u021bii de mesteri care fac opinci [&hellip;]<\/p>\n","protected":false},"author":1,"featured_media":0,"comment_status":"open","ping_status":"","sticky":false,"template":"","format":"standard","meta":{"footnotes":""},"categories":[89],"tags":[174],"class_list":["post-1047153","post","type-post","status-publish","format-standard","hentry","category-romania","tag-suceavanews-ro"],"_links":{"self":[{"href":"https:\/\/analyse.optim.biz\/index.php?rest_route=\/wp\/v2\/posts\/1047153","targetHints":{"allow":["GET"]}}],"collection":[{"href":"https:\/\/analyse.optim.biz\/index.php?rest_route=\/wp\/v2\/posts"}],"about":[{"href":"https:\/\/analyse.optim.biz\/index.php?rest_route=\/wp\/v2\/types\/post"}],"author":[{"embeddable":true,"href":"https:\/\/analyse.optim.biz\/index.php?rest_route=\/wp\/v2\/users\/1"}],"replies":[{"embeddable":true,"href":"https:\/\/analyse.optim.biz\/index.php?rest_route=%2Fwp%2Fv2%2Fcomments&post=1047153"}],"version-history":[{"count":0,"href":"https:\/\/analyse.optim.biz\/index.php?rest_route=\/wp\/v2\/posts\/1047153\/revisions"}],"wp:attachment":[{"href":"https:\/\/analyse.optim.biz\/index.php?rest_route=%2Fwp%2Fv2%2Fmedia&parent=1047153"}],"wp:term":[{"taxonomy":"category","embeddable":true,"href":"https:\/\/analyse.optim.biz\/index.php?rest_route=%2Fwp%2Fv2%2Fcategories&post=1047153"},{"taxonomy":"post_tag","embeddable":true,"href":"https:\/\/analyse.optim.biz\/index.php?rest_route=%2Fwp%2Fv2%2Ftags&post=1047153"}],"curies":[{"name":"wp","href":"https:\/\/api.w.org\/{rel}","templated":true}]}}