{"id":1047151,"date":"2025-12-12T18:40:38","date_gmt":"2025-12-12T15:40:38","guid":{"rendered":"https:\/\/analyse.optim.biz\/?p=1047151"},"modified":"2025-12-12T18:40:38","modified_gmt":"2025-12-12T15:40:38","slug":"imagini-din-bucovina-prezentate-in-cadrul-evenimentului-intercontinental-conexiunea-dintre-tari-in-tenerife","status":"publish","type":"post","link":"https:\/\/analyse.optim.biz\/?p=1047151","title":{"rendered":"Imagini din Bucovina prezentate \u00een cadrul evenimentului Intercontinental Conexiunea dintre \u021b\u0103ri, \u00een Tenerife"},"content":{"rendered":"<div class=\"entry-content\">\n<p><img decoding=\"async\" loading=\"lazy\" class=\"alignright size-medium wp-image-288012\" src=\"https:\/\/suceavanews.ro\/wp-content\/uploads\/2019\/02\/tenerife-romania-1-300x225.jpg\" alt=\"\" width=\"300\" height=\"225\">Sambata, 16 februarie a avut loc evenimentul Intercontinental Conexiunea dintre tari, organizat de catre Primaria Municipiului Puerto de la Cruz, consilierul Diana Mora Izquierdo si coordontoarea Lis Pe\u00f1a.<\/p>\n<p>Au fost reprezentate 7 tari, printre care si Romania.<\/p>\n<p>Comunitatea romaneasca a fost prezenta cu un grup de rezidenti din sudul Insulei care fac parte din Asociatiei Edificando Sue\u00f1os para la Igualdad Equidad y el Desarrollo del Ser Humamo, care de 3 luni de zile au format Grupul Folcl\u00f3rico La Uni\u00f3n si au organizat intr-un timp scurt de 5 zile un program artistic pentru a se prezenta la acest eveniment cultura.<\/p>\n<p>Prezenta costumelor populare a atras zeci de turisti si autoritati. A avut loc \u0219i un program artistic, invita\u021bii au participat \u0219i la o hor\u0103.\u00a0La standul cu lucruri de informatii si artizanat au fost expuse cateva din tablourile tanarului Daniel Tiron, care a prezentat o parte din Bucovina.<\/p>\n<div id=\"gallery-1\" class=\"gallery galleryid-288008 gallery-columns-3 gallery-size-thumbnail\">\n<dl class=\"gallery-item\">\n<dt class=\"gallery-icon landscape\"><a href=\"https:\/\/suceavanews.ro\/wp-content\/uploads\/2019\/02\/tenerife-romania-2.jpg\"><img decoding=\"async\" width=\"150\" height=\"150\" src=\"https:\/\/suceavanews.ro\/wp-content\/uploads\/2019\/02\/tenerife-romania-2-150x150.jpg\" class=\"attachment-thumbnail size-thumbnail\" alt=\"\" loading=\"lazy\"><\/a><\/dt>\n<\/dl>\n<dl class=\"gallery-item\">\n<dt class=\"gallery-icon landscape\"><a href=\"https:\/\/suceavanews.ro\/wp-content\/uploads\/2019\/02\/tenerife-romania-3.jpg\"><img decoding=\"async\" width=\"150\" height=\"150\" src=\"https:\/\/suceavanews.ro\/wp-content\/uploads\/2019\/02\/tenerife-romania-3-150x150.jpg\" class=\"attachment-thumbnail size-thumbnail\" alt=\"\" loading=\"lazy\"><\/a><\/dt>\n<\/dl>\n<dl class=\"gallery-item\">\n<dt class=\"gallery-icon landscape\"><a href=\"https:\/\/suceavanews.ro\/wp-content\/uploads\/2019\/02\/tenerife-romania-1.jpg\"><img decoding=\"async\" width=\"150\" height=\"150\" src=\"https:\/\/suceavanews.ro\/wp-content\/uploads\/2019\/02\/tenerife-romania-1-150x150.jpg\" class=\"attachment-thumbnail size-thumbnail\" alt=\"\" loading=\"lazy\"><\/a><\/dt>\n<\/dl>\n<p><\/div>\n<\/div>\n","protected":false},"excerpt":{"rendered":"<p>Sambata, 16 februarie a avut loc evenimentul Intercontinental Conexiunea dintre tari, organizat de catre Primaria Municipiului Puerto de la Cruz, consilierul Diana Mora Izquierdo si coordontoarea Lis Pe\u00f1a. Au fost reprezentate 7 tari, printre care si Romania. Comunitatea romaneasca a fost prezenta cu un grup de rezidenti din sudul Insulei care fac parte din Asociatiei [&hellip;]<\/p>\n","protected":false},"author":1,"featured_media":0,"comment_status":"open","ping_status":"","sticky":false,"template":"","format":"standard","meta":{"footnotes":""},"categories":[89],"tags":[174],"class_list":["post-1047151","post","type-post","status-publish","format-standard","hentry","category-romania","tag-suceavanews-ro"],"_links":{"self":[{"href":"https:\/\/analyse.optim.biz\/index.php?rest_route=\/wp\/v2\/posts\/1047151","targetHints":{"allow":["GET"]}}],"collection":[{"href":"https:\/\/analyse.optim.biz\/index.php?rest_route=\/wp\/v2\/posts"}],"about":[{"href":"https:\/\/analyse.optim.biz\/index.php?rest_route=\/wp\/v2\/types\/post"}],"author":[{"embeddable":true,"href":"https:\/\/analyse.optim.biz\/index.php?rest_route=\/wp\/v2\/users\/1"}],"replies":[{"embeddable":true,"href":"https:\/\/analyse.optim.biz\/index.php?rest_route=%2Fwp%2Fv2%2Fcomments&post=1047151"}],"version-history":[{"count":0,"href":"https:\/\/analyse.optim.biz\/index.php?rest_route=\/wp\/v2\/posts\/1047151\/revisions"}],"wp:attachment":[{"href":"https:\/\/analyse.optim.biz\/index.php?rest_route=%2Fwp%2Fv2%2Fmedia&parent=1047151"}],"wp:term":[{"taxonomy":"category","embeddable":true,"href":"https:\/\/analyse.optim.biz\/index.php?rest_route=%2Fwp%2Fv2%2Fcategories&post=1047151"},{"taxonomy":"post_tag","embeddable":true,"href":"https:\/\/analyse.optim.biz\/index.php?rest_route=%2Fwp%2Fv2%2Ftags&post=1047151"}],"curies":[{"name":"wp","href":"https:\/\/api.w.org\/{rel}","templated":true}]}}