{"id":1047149,"date":"2025-12-12T18:40:16","date_gmt":"2025-12-12T15:40:16","guid":{"rendered":"https:\/\/analyse.optim.biz\/?p=1047149"},"modified":"2025-12-12T18:40:16","modified_gmt":"2025-12-12T15:40:16","slug":"moluste-marine-terestre-si-dulcicole-din-romania-si-strainatate-la-muzeul-de-stiintele-naturii","status":"publish","type":"post","link":"https:\/\/analyse.optim.biz\/?p=1047149","title":{"rendered":"\u201eMolu\u0219te- marine, terestre \u0219i dulcicole, din Rom\u00e2nia \u0219i str\u0103in\u0103tate\u201d, la Muzeul de \u0218tiin\u021bele Naturii"},"content":{"rendered":"<div class=\"entry-content\">\n<p><img decoding=\"async\" loading=\"lazy\" class=\"alignright size-medium wp-image-288253\" src=\"https:\/\/suceavanews.ro\/wp-content\/uploads\/2019\/02\/afis-moluste-212x300.jpg\" alt=\"\" width=\"212\" height=\"300\">Muzeul Bucovinei, prin speciali\u0219tii Muzeului de \u0218tiin\u021bele Naturii din Suceava deschide seria de proiecte de educa\u021bie muzeal\u0103, organizate \u00een anul 2019, cu ora de muzeu: Molu\u0219te- marine, terestre \u0219i dulcicole, din Rom\u00e2nia \u0219i str\u0103in\u0103tate.<\/p>\n<p>Proiectul educa\u021bional se va desf\u0103\u0219ura \u00een perioada 25 \u2013 28 februarie 2019, la Muzeul de \u0218tiin\u021bele Naturii.<br \/>\n\u00cen cadrul acestei lec\u021bii muzeale vor putea fi v\u0103zute numeroase cochilii de melci \u0219i valve de scoici, care au fost recuperate de pe teritoriul Rom\u00e2niei (\u00een special de la malul M\u0103rii Negre \u0219i din zona montan\u0103). \u00cen cadrul aceleia\u0219i prelegeri, la muzeu, vor putea fi observate cochilii de molu\u0219te, considerate fosile vii (nautil, murex, ghiocul, urechiu\u0219a de mare), precum \u0219i de la specii d\u0103un\u0103toare lemnului \u0219i pietrelor.<\/p>\n<p>Lec\u021bia de muzeu va aduce informa\u021bii pre\u021bioase despre tr\u0103s\u0103turile morfologice \u0219i fiziologice, dimensiunile, comportamentul, adaptarea la mediul de via\u021b\u0103 al molu\u0219telor actuale \u0219i celor fosile, precum \u0219i despre utilitatea melcilor \u0219i scoicilor \u00een via\u021ba cotidian\u0103 uman\u0103 (at\u00e2t \u00een alimenta\u021bie, c\u00e2t \u0219i \u00een cosmetic\u0103 sau dermatologie).<\/p>\n<\/div>\n","protected":false},"excerpt":{"rendered":"<p>Muzeul Bucovinei, prin speciali\u0219tii Muzeului de \u0218tiin\u021bele Naturii din Suceava deschide seria de proiecte de educa\u021bie muzeal\u0103, organizate \u00een anul 2019, cu ora de muzeu: Molu\u0219te- marine, terestre \u0219i dulcicole, din Rom\u00e2nia \u0219i str\u0103in\u0103tate. Proiectul educa\u021bional se va desf\u0103\u0219ura \u00een perioada 25 \u2013 28 februarie 2019, la Muzeul de \u0218tiin\u021bele Naturii. \u00cen cadrul acestei lec\u021bii [&hellip;]<\/p>\n","protected":false},"author":1,"featured_media":0,"comment_status":"open","ping_status":"","sticky":false,"template":"","format":"standard","meta":{"footnotes":""},"categories":[89],"tags":[174],"class_list":["post-1047149","post","type-post","status-publish","format-standard","hentry","category-romania","tag-suceavanews-ro"],"_links":{"self":[{"href":"https:\/\/analyse.optim.biz\/index.php?rest_route=\/wp\/v2\/posts\/1047149","targetHints":{"allow":["GET"]}}],"collection":[{"href":"https:\/\/analyse.optim.biz\/index.php?rest_route=\/wp\/v2\/posts"}],"about":[{"href":"https:\/\/analyse.optim.biz\/index.php?rest_route=\/wp\/v2\/types\/post"}],"author":[{"embeddable":true,"href":"https:\/\/analyse.optim.biz\/index.php?rest_route=\/wp\/v2\/users\/1"}],"replies":[{"embeddable":true,"href":"https:\/\/analyse.optim.biz\/index.php?rest_route=%2Fwp%2Fv2%2Fcomments&post=1047149"}],"version-history":[{"count":0,"href":"https:\/\/analyse.optim.biz\/index.php?rest_route=\/wp\/v2\/posts\/1047149\/revisions"}],"wp:attachment":[{"href":"https:\/\/analyse.optim.biz\/index.php?rest_route=%2Fwp%2Fv2%2Fmedia&parent=1047149"}],"wp:term":[{"taxonomy":"category","embeddable":true,"href":"https:\/\/analyse.optim.biz\/index.php?rest_route=%2Fwp%2Fv2%2Fcategories&post=1047149"},{"taxonomy":"post_tag","embeddable":true,"href":"https:\/\/analyse.optim.biz\/index.php?rest_route=%2Fwp%2Fv2%2Ftags&post=1047149"}],"curies":[{"name":"wp","href":"https:\/\/api.w.org\/{rel}","templated":true}]}}