{"id":1047146,"date":"2025-12-12T18:39:34","date_gmt":"2025-12-12T15:39:34","guid":{"rendered":"https:\/\/analyse.optim.biz\/?p=1047146"},"modified":"2025-12-12T18:39:34","modified_gmt":"2025-12-12T15:39:34","slug":"din-seria-omul-si-cartea-intalnire-cu-prim-procurorul-parchetului-de-pe-langa-tribunalul-suceava-la-biblioteca-usv","status":"publish","type":"post","link":"https:\/\/analyse.optim.biz\/?p=1047146","title":{"rendered":"Din seria \u201eOmul \u0219i cartea\u201d. \u00cent\u00e2lnire cu prim procurorul Parchetului de pe l\u00e2ng\u0103 Tribunalul Suceava, la Biblioteca USV"},"content":{"rendered":"<div class=\"entry-content\">\n<p><img decoding=\"async\" loading=\"lazy\" class=\"alignright size-medium wp-image-288702\" src=\"https:\/\/suceavanews.ro\/wp-content\/uploads\/2019\/03\/Afis_A3_Omul-si-cartea-Pavaleanu-212x300.jpg\" alt=\"\" width=\"212\" height=\"300\">\u00cen ziua de 6 martie 2019, ora 14:00, la Biblioteca Universit\u0103\u021bii \u201e\u0218tefan cel Mare\u201d din Suceava, Corp E, et. I, va avea loc \u00eent\u00e2lnirea de suflet cu juristul \u0219i profesor univ. dr. Vasile P\u0103v\u0103leanu, Prim-Procuror al Parchetului de pe l\u00e2ng\u0103 Tribunalul Suceava. Evenimentul este organizat \u00een colaborare cu Facultatea de Drept \u0219i \u0218tiin\u021be Administrative.<\/p>\n<p>Colectivul Bibliotecii USV invit\u0103 pe to\u021bi cei pasiona\u021bi de \u0219tiin\u021b\u0103, carte \u0219i cultur\u0103 la acest moment deosebit.<\/p>\n<p>Vasile P\u0103v\u0103leanu s-a n\u0103scut \u00eentr-o zi de iarn\u0103, la nici un an de la sf\u00e2r\u0219itul celui de-al Doilea R\u0103zboi Mondial, la 25 ianuarie 1946, \u00een comuna Ib\u0103ne\u0219ti din jude\u021bul Boto\u0219ani.<br \/>\n\u00centre anii 1960-1964, a urmat studiile la Liceul \u201eGrigore Alexandru Ghica\u201d din Dorohoi, jud. Boto\u0219ani. \u00cen perioada 1966-1971, a fost student la Facultatea de Drept a Universit\u0103\u021bii \u201eAl. I. Cuza\u201d din Ia\u0219i, specializarea Drept. \u00centre 1976-1985, urmeaz\u0103 \u015ecoala doctoral\u0103 din cadrul Universit\u0103\u021bii \u201eAl. I. Cuza\u201d din Ia\u0219i, ob\u021bin\u00e2nd Diploma de Doctor \u00een Drept (1986), cu lucrarea Rela\u021biile \u00eentre p\u0103rin\u021bi \u0219i copii \u00een dreptul interna\u021bional privat.<br \/>\n\u00cen plan profesional, Vasile P\u0103v\u0103leanu \u00ee\u0219i desf\u0103\u0219oar\u0103 activitatea \u00een cadrul Procuraturii Jude\u021bene Suceava. Timp de 12 ani (1971-1983), a de\u021binut func\u021bia de procuror la Sectorul urm\u0103riri penale \u0219i activitate judiciar\u0103. \u00cen anul 1979, prin concurs, ob\u021bine gradul profesional I \u015fi ocup\u0103 func\u021bia de procuror \u00een cadrul Sectorului judiciar (1984-1990).<br \/>\nDup\u0103 Revolu\u021bie, a fost numit Procuror-\u0219ef la Procuratura Local\u0103 Suceava (1990-1993), iar \u00een anii 1993-2001, a de\u021binut func\u021bia de Prim-Procuror adjunct la Parchetul de pe l\u00e2ng\u0103 Tribunalul Suceava. \u00cen perioada aprilie-decembrie 2001, a exercitat func\u021bia de procuror inspector \u00een cadrul Parchetului de pe l\u00e2ng\u0103 Curtea de Apel Suceava, iar din decembrie 2001 \u0219i p\u00e2n\u0103 \u00een anul 2007 a fost Prim Procuror la Parchetul de pe l\u00e2ng\u0103 Tribunalul Suceava.<br \/>\n\u00cen paralel cu profesia de jurist, Vasile P\u0103v\u0103leanu \u00ee\u0219i desf\u0103\u0219oar\u0103 o frumoas\u0103 activitate de cadru didactic universitar. \u00cen anul 2000, dr. Vasile P\u0103v\u0103leanu devine conferen\u021biar la Universitatea \u201e\u0218tefan cel Mare\u201d din Suceava, pred\u00e2nd cursurile de Drept penal \u0219i Drept procesual penal. Sus\u021bine cursuri \u00een domeniul Dreptului la Universitatea \u201eMihail Kog\u0103lniceanu\u201d din Ia\u0219i. \u00cen aprilie 2005, a ob\u021binut titlul de Profesor universitar, continu\u00e2ndu-\u0219i activitatea de predare \u00een cadrul Facult\u0103\u021bii de \u0218tiin\u021be Economice \u0219i Administra\u021bie Public\u0103 la USV, specialitatea Drept.<br \/>\nJuristul \u0219i Profesorul dr. Vasile P\u0103v\u0103leanu se implic\u0103 \u00een activitatea mediului asociativ, fiind Pre\u0219edinte al Asocia\u021biei Juri\u0219tilor din jud. Suceava, membru al Societ\u0103\u021bii Rom\u00e2ne de Criminologie \u0219i de Criminalistic\u0103 (2002) \u0219i al Asocia\u021biei Rom\u00e2ne de \u0218tiin\u021be Penale (2003).<br \/>\nVasile P\u0103v\u0103leanu este autor a peste 120 de articole, studii \u0219i recenzii publicate \u00een revistele de specialitate Dreptul, Drept Penal, Pro-Lege \u0219.a.. Sub semn\u0103tura sa, v\u0103d lumina tiparului numeroase volume: Limitarea \u0219i privarea de libertate cu m\u0103suri penale (1997); Drept interna\u021bional privat (1999); Drept procesual penal. Partea general\u0103 (2001); Drept procesual penal. Partea special\u0103 (2002); Drept penal. Partea general\u0103 (2003); Drept procesual penal. Vol. 1,\u00a02 (2004); Drept procesual penal, \u00een colab. (2005); Drept penal general (dup\u0103 noul Cod penal) (2005); Drept penal general : manual universitar (dup\u0103 Codul penal din 1968) (2007); Drept penal special : Infrac\u021biuni contra persoanei, patrimoniului \u0219i atorit\u0103\u021bii, vol. 1 (2009); Drept penal special (2010); Drept penal general : conform noului Cod penal (2012); Drept procesual penal (2016); Drept penal european (2018).<br \/>\nCa specialist \u00een domeniul Dreptului, Vasile P\u0103v\u0103leanu particip\u0103, \u00een calitate de referent oficial, la numeroase sus\u021bineri publice ale unor teze de doctorat, organizate de Facultatea de Drept a Universit\u0103\u021bii \u201eAl. I. Cuza\u201d din Ia\u0219i.<\/p>\n<\/div>\n","protected":false},"excerpt":{"rendered":"<p>\u00cen ziua de 6 martie 2019, ora 14:00, la Biblioteca Universit\u0103\u021bii \u201e\u0218tefan cel Mare\u201d din Suceava, Corp E, et. I, va avea loc \u00eent\u00e2lnirea de suflet cu juristul \u0219i profesor univ. dr. Vasile P\u0103v\u0103leanu, Prim-Procuror al Parchetului de pe l\u00e2ng\u0103 Tribunalul Suceava. Evenimentul este organizat \u00een colaborare cu Facultatea de Drept \u0219i \u0218tiin\u021be Administrative. Colectivul [&hellip;]<\/p>\n","protected":false},"author":1,"featured_media":0,"comment_status":"open","ping_status":"","sticky":false,"template":"","format":"standard","meta":{"footnotes":""},"categories":[89],"tags":[174],"class_list":["post-1047146","post","type-post","status-publish","format-standard","hentry","category-romania","tag-suceavanews-ro"],"_links":{"self":[{"href":"https:\/\/analyse.optim.biz\/index.php?rest_route=\/wp\/v2\/posts\/1047146","targetHints":{"allow":["GET"]}}],"collection":[{"href":"https:\/\/analyse.optim.biz\/index.php?rest_route=\/wp\/v2\/posts"}],"about":[{"href":"https:\/\/analyse.optim.biz\/index.php?rest_route=\/wp\/v2\/types\/post"}],"author":[{"embeddable":true,"href":"https:\/\/analyse.optim.biz\/index.php?rest_route=\/wp\/v2\/users\/1"}],"replies":[{"embeddable":true,"href":"https:\/\/analyse.optim.biz\/index.php?rest_route=%2Fwp%2Fv2%2Fcomments&post=1047146"}],"version-history":[{"count":0,"href":"https:\/\/analyse.optim.biz\/index.php?rest_route=\/wp\/v2\/posts\/1047146\/revisions"}],"wp:attachment":[{"href":"https:\/\/analyse.optim.biz\/index.php?rest_route=%2Fwp%2Fv2%2Fmedia&parent=1047146"}],"wp:term":[{"taxonomy":"category","embeddable":true,"href":"https:\/\/analyse.optim.biz\/index.php?rest_route=%2Fwp%2Fv2%2Fcategories&post=1047146"},{"taxonomy":"post_tag","embeddable":true,"href":"https:\/\/analyse.optim.biz\/index.php?rest_route=%2Fwp%2Fv2%2Ftags&post=1047146"}],"curies":[{"name":"wp","href":"https:\/\/api.w.org\/{rel}","templated":true}]}}