{"id":1047144,"date":"2025-12-12T18:39:12","date_gmt":"2025-12-12T15:39:12","guid":{"rendered":"https:\/\/analyse.optim.biz\/?p=1047144"},"modified":"2025-12-12T18:39:12","modified_gmt":"2025-12-12T15:39:12","slug":"a-15-a-editie-a-festivalului-primavara-poetilor-vezi-programul","status":"publish","type":"post","link":"https:\/\/analyse.optim.biz\/?p=1047144","title":{"rendered":"A 15-a edi\u021bie a Festivalului Prim\u0103vara Poe\u021bilor. Vezi programul!"},"content":{"rendered":"<div class=\"entry-content\">\n<p><img decoding=\"async\" loading=\"lazy\" class=\"alignright size-medium wp-image-289007\" src=\"https:\/\/suceavanews.ro\/wp-content\/uploads\/2019\/03\/PRIMAVAR-2019-2-2-213x300.jpg\" alt=\"\" width=\"213\" height=\"300\">Biblioteca Bucovinei \u201eI. G. Sbiera\u201d, sub egida Consiliului Jude\u021bean Suceava, \u00een parteneriat cu Uniunea Scriitorilor din Rom\u00e2nia \u0219i PEN CLUB Rom\u00e2nia, sub egida Centre Nationale pour la Po\u00e9sie, Minist\u00e8re de l\u2019\u0112ducation Nationale et de la Jeunesse, Minist\u00e8re de la Culture, organizeaz\u0103 a 15-a edi\u021bie \u00een Bucovina a Festivalului Interna\u021bional Francofilofon Le Printemps des Po\u00e8tes \u2013 PRIM\u0102VARA POE\u021aILOR.<\/p>\n<p>Festivalul a fost ini\u021biat \u0219i este anual organizat de Fran\u021ba, unde a ajuns la a 20-a edi\u021bie.<br \/>\nFormatul \u0219i conceptul bucovinean includ evenimente dedicate mai ales educa\u021biei \u0219i culturii majore, derulate p\u00e2n\u0103 \u00een prezent \u00een ora\u0219ele Suceava, F\u0103lticeni, Siret \u0219i nu numai (de-a lungul timpului, au mai existat parteneriate cu Ia\u0219i, Br\u0103ila, Gala\u021bi), unde bibliotecile, \u0219colile \u0219i centrele culturale devin, \u00een luna martie, scenele unor manifest\u0103ri ale libert\u0103\u021bii de expresie la tineri, ale definirii bunului gust, ale construirii aparatului critic \u0219i estetic major, ale dialogului intercultural \u0219i ale spiritului rom\u00e2nesc, francofilofon \u0219i deopotriv\u0103 universal.<\/p>\n<p>Pentru a 20-a edi\u021bie \u00een Fran\u021ba, anul acesta, actri\u021ba, regizoarea \u0219i realizatoarea cine-TV Rachida Brakni a fost desemnat\u0103 Marraine du Festival. Artistul Enki Bilal, unul din cei mai marti vizionari ai epocii, a realizat afi\u0219ul.<\/p>\n<p>Festivalul are loc \u00een acest an \u00een intervalul 9-25 martie.<br \/>\nTema festivalului este FRUMUSE\u021aEA \u2013 LA BEAUT\u0112.<br \/>\nFestivalul include \u0219i mesajul de salut dar \u0219i oportunit\u0103\u021bi de celebrare a Zilei Mondiale a Poeziei (21 martie) precum \u0219i a Zilei Interna\u021bionale a Francofoniei (20 martie). \u00cen cadrul Festivalului bucovinean, la ini\u021biativa scriitoarei Angela Furtun\u0103, sunt acordate \u0219i Premii de excelen\u021b\u0103 \u00een cultur\u0103 \u0219i educa\u021bie purt\u00e2nd numele a dou\u0103 mari profesoare de limba \u0219i literatura rom\u00e2n\u0103, ast\u0103zi disp\u0103rute, dar cunoscute modele, at\u00e2t pentru spa\u021biul regional bucovinean c\u00e2t \u0219i pentru cel na\u021bional, Iulia Leo-Miza, pentru Colegiul Na\u021bional \u201e\u0218tefan cel Mare\u201d, \u0219i Cornelia M\u00e2nicu\u021b\u0103, pentru Universitatea \u201e\u0218tefan cel Mare\u201d.<br \/>\nDetalii, baza de date francez\u0103, materiale de sus\u021binere, poetica francofilofon\u0103 se g\u0103sesc pe site-ul mam\u0103 francez, \u0219i pot fi utile participan\u021bilor \u0219i organizatorilor, ca surse de inspira\u021bie \u0219i documentare, totul fiind \u00eens\u0103 deschis creativit\u0103\u021bii \u0219i inventivit\u0103\u021bii.<br \/>\nhttps:\/\/www.printempsdespoetes.com\/Edition-2019<\/p>\n<p><img decoding=\"async\" loading=\"lazy\" class=\"aligncenter size-full wp-image-289006\" src=\"https:\/\/suceavanews.ro\/wp-content\/uploads\/2019\/03\/PRIMAVARA-PROGRAM-2.jpg\" alt=\"\" width=\"2324\" height=\"3400\"><\/p>\n<\/div>\n","protected":false},"excerpt":{"rendered":"<p>Biblioteca Bucovinei \u201eI. G. Sbiera\u201d, sub egida Consiliului Jude\u021bean Suceava, \u00een parteneriat cu Uniunea Scriitorilor din Rom\u00e2nia \u0219i PEN CLUB Rom\u00e2nia, sub egida Centre Nationale pour la Po\u00e9sie, Minist\u00e8re de l\u2019\u0112ducation Nationale et de la Jeunesse, Minist\u00e8re de la Culture, organizeaz\u0103 a 15-a edi\u021bie \u00een Bucovina a Festivalului Interna\u021bional Francofilofon Le Printemps des Po\u00e8tes \u2013 [&hellip;]<\/p>\n","protected":false},"author":1,"featured_media":0,"comment_status":"open","ping_status":"","sticky":false,"template":"","format":"standard","meta":{"footnotes":""},"categories":[89],"tags":[174],"class_list":["post-1047144","post","type-post","status-publish","format-standard","hentry","category-romania","tag-suceavanews-ro"],"_links":{"self":[{"href":"https:\/\/analyse.optim.biz\/index.php?rest_route=\/wp\/v2\/posts\/1047144","targetHints":{"allow":["GET"]}}],"collection":[{"href":"https:\/\/analyse.optim.biz\/index.php?rest_route=\/wp\/v2\/posts"}],"about":[{"href":"https:\/\/analyse.optim.biz\/index.php?rest_route=\/wp\/v2\/types\/post"}],"author":[{"embeddable":true,"href":"https:\/\/analyse.optim.biz\/index.php?rest_route=\/wp\/v2\/users\/1"}],"replies":[{"embeddable":true,"href":"https:\/\/analyse.optim.biz\/index.php?rest_route=%2Fwp%2Fv2%2Fcomments&post=1047144"}],"version-history":[{"count":0,"href":"https:\/\/analyse.optim.biz\/index.php?rest_route=\/wp\/v2\/posts\/1047144\/revisions"}],"wp:attachment":[{"href":"https:\/\/analyse.optim.biz\/index.php?rest_route=%2Fwp%2Fv2%2Fmedia&parent=1047144"}],"wp:term":[{"taxonomy":"category","embeddable":true,"href":"https:\/\/analyse.optim.biz\/index.php?rest_route=%2Fwp%2Fv2%2Fcategories&post=1047144"},{"taxonomy":"post_tag","embeddable":true,"href":"https:\/\/analyse.optim.biz\/index.php?rest_route=%2Fwp%2Fv2%2Ftags&post=1047144"}],"curies":[{"name":"wp","href":"https:\/\/api.w.org\/{rel}","templated":true}]}}