{"id":1047142,"date":"2025-12-12T18:38:52","date_gmt":"2025-12-12T15:38:52","guid":{"rendered":"https:\/\/analyse.optim.biz\/?p=1047142"},"modified":"2025-12-12T18:38:52","modified_gmt":"2025-12-12T15:38:52","slug":"expozitie-de-icoane-la-muzeul-de-istorie-suceava","status":"publish","type":"post","link":"https:\/\/analyse.optim.biz\/?p=1047142","title":{"rendered":"Expozi\u021bie de icoane la Muzeul de Istorie Suceava"},"content":{"rendered":"<div class=\"entry-content\">\n<p><img decoding=\"async\" loading=\"lazy\" class=\"alignright size-medium wp-image-289994\" src=\"https:\/\/suceavanews.ro\/wp-content\/uploads\/2019\/03\/afis-duminica-ortodoxiei-2019-213x300.jpg\" alt=\"\" width=\"213\" height=\"300\">Muzeul Bucovinei g\u0103zduie\u0219te \u00een perioada 15 martie \u2013 15 aprilie 2019 expozi\u021bia de icoane \u201eIcoana \u2013 o treapt\u0103 mai aproape de cer\u201e a Clubului iconarilor din Suceava, grup \u00eenfiin\u021bat ca urmare a ini\u021biativei doamnei Marieta Rotariu, me\u0219ter iconar care \u0219i-a luat ca misiune s\u0103 \u00eemp\u0103rt\u0103\u0219easc\u0103 din tainele acestui me\u0219te\u0219ug c\u00e2t mai multor doritori.<\/p>\n<p>Vernisajul expozi\u021biei\u00a0a avut \u00a0loc duminic\u0103 17 martie 2019, ora 14, \u00een sala de expozi\u021bii Cafeteria a Muzeului de Istorie din Suceava. Aceste icoane sunt rezultatul a dou\u0103 luni de munc\u0103 \u00een spa\u021biul oferit cu generozitate de c\u0103tre Muzeul Bucovinei. Expozan\u021bii sunt Anda Bumbu, Aurora Ungureanu, Br\u00e2ndu\u015fa Cazan, Camelia Mardare, C\u0103t\u0103lina Anca Biholar, Daniela \u0162ob\u00eec\u0103, Georgeta Straton, Gra\u021biela \u0162ur\u021bu, Irimia Iuliana, Maria Crasuleac, Maricica Ciob\u00e2c\u0103, L\u0103cr\u0103mioara Coroam\u0103-D\u0103sc\u0103liuc, Veronica Cojocar, Maxim Elena, Maricica Feodorovici.<\/p>\n<\/div>\n","protected":false},"excerpt":{"rendered":"<p>Muzeul Bucovinei g\u0103zduie\u0219te \u00een perioada 15 martie \u2013 15 aprilie 2019 expozi\u021bia de icoane \u201eIcoana \u2013 o treapt\u0103 mai aproape de cer\u201e a Clubului iconarilor din Suceava, grup \u00eenfiin\u021bat ca urmare a ini\u021biativei doamnei Marieta Rotariu, me\u0219ter iconar care \u0219i-a luat ca misiune s\u0103 \u00eemp\u0103rt\u0103\u0219easc\u0103 din tainele acestui me\u0219te\u0219ug c\u00e2t mai multor doritori. Vernisajul expozi\u021biei\u00a0a [&hellip;]<\/p>\n","protected":false},"author":1,"featured_media":0,"comment_status":"open","ping_status":"","sticky":false,"template":"","format":"standard","meta":{"footnotes":""},"categories":[89],"tags":[174],"class_list":["post-1047142","post","type-post","status-publish","format-standard","hentry","category-romania","tag-suceavanews-ro"],"_links":{"self":[{"href":"https:\/\/analyse.optim.biz\/index.php?rest_route=\/wp\/v2\/posts\/1047142","targetHints":{"allow":["GET"]}}],"collection":[{"href":"https:\/\/analyse.optim.biz\/index.php?rest_route=\/wp\/v2\/posts"}],"about":[{"href":"https:\/\/analyse.optim.biz\/index.php?rest_route=\/wp\/v2\/types\/post"}],"author":[{"embeddable":true,"href":"https:\/\/analyse.optim.biz\/index.php?rest_route=\/wp\/v2\/users\/1"}],"replies":[{"embeddable":true,"href":"https:\/\/analyse.optim.biz\/index.php?rest_route=%2Fwp%2Fv2%2Fcomments&post=1047142"}],"version-history":[{"count":0,"href":"https:\/\/analyse.optim.biz\/index.php?rest_route=\/wp\/v2\/posts\/1047142\/revisions"}],"wp:attachment":[{"href":"https:\/\/analyse.optim.biz\/index.php?rest_route=%2Fwp%2Fv2%2Fmedia&parent=1047142"}],"wp:term":[{"taxonomy":"category","embeddable":true,"href":"https:\/\/analyse.optim.biz\/index.php?rest_route=%2Fwp%2Fv2%2Fcategories&post=1047142"},{"taxonomy":"post_tag","embeddable":true,"href":"https:\/\/analyse.optim.biz\/index.php?rest_route=%2Fwp%2Fv2%2Ftags&post=1047142"}],"curies":[{"name":"wp","href":"https:\/\/api.w.org\/{rel}","templated":true}]}}